{"id":57549,"date":"2025-04-27T19:43:10","date_gmt":"2025-04-27T19:43:10","guid":{"rendered":"https:\/\/www.europesays.com\/fr\/57549\/"},"modified":"2025-04-27T19:43:10","modified_gmt":"2025-04-27T19:43:10","slug":"un-clandestin-interpelle-pour-vol-a-larrache-a-paris-puis-libere-avec-un-sursis","status":"publish","type":"post","link":"https:\/\/www.europesays.com\/fr\/57549\/","title":{"rendered":"Un clandestin interpell\u00e9 pour vol \u00e0 l\u2019arrach\u00e9 \u00e0 Paris, puis lib\u00e9r\u00e9 avec un sursis"},"content":{"rendered":"<p>\tUn clandestin interpell\u00e9 pour vol \u00e0 l\u2019arrach\u00e9 \u00e0 Paris, puis lib\u00e9r\u00e9 avec un sursis &#8211; Valeurs actuelles<\/p>\n<p><a href=\"https:\/\/www.valeursactuelles.com\/\" target=\"_blank\" rel=\"noopener\">Accueil<\/a> \u00bb <a href=\"https:\/\/www.valeursactuelles.com\/faits-divers\" target=\"_blank\" rel=\"noopener\">Faits divers<\/a> \u00bb Un clandestin interpell\u00e9 pour vol \u00e0 l\u2019arrach\u00e9 \u00e0 Paris, puis lib\u00e9r\u00e9 avec un sursis<\/p>\n","protected":false},"excerpt":{"rendered":"Un clandestin interpell\u00e9 pour vol \u00e0 l\u2019arrach\u00e9 \u00e0 Paris, puis lib\u00e9r\u00e9 avec un sursis &#8211; Valeurs actuelles Accueil&hellip;\n","protected":false},"author":2,"featured_media":57550,"comment_status":"","ping_status":"","sticky":false,"template":"","format":"standard","meta":{"footnotes":""},"categories":[1888],"tags":[11,1777,674,1011,27,6734,4047,12,626,25,1175,15336],"class_list":{"0":"post-57549","1":"post","2":"type-post","3":"status-publish","4":"format-standard","5":"has-post-thumbnail","7":"category-paris","8":"tag-actualites","9":"tag-eu","10":"tag-europe","11":"tag-fr","12":"tag-france","13":"tag-immigration-clandestine","14":"tag-metro","15":"tag-news","16":"tag-paris","17":"tag-republique-francaise","18":"tag-vol","19":"tag-vol-a-larrache"},"share_on_mastodon":{"url":"https:\/\/pubeurope.com\/@fr\/114411641469882298","error":""},"_links":{"self":[{"href":"https:\/\/www.europesays.com\/fr\/wp-json\/wp\/v2\/posts\/57549","targetHints":{"allow":["GET"]}}],"collection":[{"href":"https:\/\/www.europesays.com\/fr\/wp-json\/wp\/v2\/posts"}],"about":[{"href":"https:\/\/www.europesays.com\/fr\/wp-json\/wp\/v2\/types\/post"}],"author":[{"embeddable":true,"href":"https:\/\/www.europesays.com\/fr\/wp-json\/wp\/v2\/users\/2"}],"replies":[{"embeddable":true,"href":"https:\/\/www.europesays.com\/fr\/wp-json\/wp\/v2\/comments?post=57549"}],"version-history":[{"count":0,"href":"https:\/\/www.europesays.com\/fr\/wp-json\/wp\/v2\/posts\/57549\/revisions"}],"wp:featuredmedia":[{"embeddable":true,"href":"https:\/\/www.europesays.com\/fr\/wp-json\/wp\/v2\/media\/57550"}],"wp:attachment":[{"href":"https:\/\/www.europesays.com\/fr\/wp-json\/wp\/v2\/media?parent=57549"}],"wp:term":[{"taxonomy":"category","embeddable":true,"href":"https:\/\/www.europesays.com\/fr\/wp-json\/wp\/v2\/categories?post=57549"},{"taxonomy":"post_tag","embeddable":true,"href":"https:\/\/www.europesays.com\/fr\/wp-json\/wp\/v2\/tags?post=57549"}],"curies":[{"name":"wp","href":"https:\/\/api.w.org\/{rel}","templated":true}]}}