{"id":575494,"date":"2025-12-03T14:10:14","date_gmt":"2025-12-03T14:10:14","guid":{"rendered":"https:\/\/www.europesays.com\/fr\/575494\/"},"modified":"2025-12-03T14:10:14","modified_gmt":"2025-12-03T14:10:14","slug":"12-personnes-intoxiquees-apres-la-dispersion-dun-produit-chimique-dans-un-laboratoire-de-recherches","status":"publish","type":"post","link":"https:\/\/www.europesays.com\/fr\/575494\/","title":{"rendered":"12 personnes intoxiqu\u00e9es apr\u00e8s la dispersion d\u2019un produit chimique dans un laboratoire de recherches"},"content":{"rendered":"<p>\n    L\u2019incident s\u2019est d\u00e9roul\u00e9 mardi matin, \u00e0 Villenave-d\u2019Ornon, et a n\u00e9cessit\u00e9 l\u2019intervention des pompiers. Quatre personnes ont \u00e9t\u00e9 hospitalis\u00e9es par mesure de pr\u00e9caution.<\/p>\n<p class=\"fig-paragraph\">Une erreur de manipulation a n\u00e9cessit\u00e9 l\u2019intervention des secours, mardi, \u00e0 l\u2019Institut des sciences de la vigne et du\u00a0<a href=\"https:\/\/avis-vin.lefigaro.fr\/domaines-et-vignerons\/qui-seront-les-inspecteurs-comment-seront-notes-les-vins-qu-attendre-du-nouveau-guide-michelin-consacre-aux-vins-20251202\" target=\"_blank\" data-fig-type=\"Article\" rel=\"sponsored noopener\" data-gtm-custom-categorie=\"navigation\" data-gtm-custom-action=\"crossclick\" data-gtm-custom-label=\"Contextuel\" data-gtm-event=\"customEventSPE\" data-fig-domain=\"AVIS_VIN\">vin<\/a>\u00a0(ISVV) de Villenave-d\u2019Ornon (<a href=\"http:\/\/www.lefigaro.fr\/bordeaux\/gironde-un-homme-se-denonce-aux-gendarmes-apres-avoir-tue-sa-compagne-20251120\" data-fig-type=\"NewsFlash\" data-gtm-custom-categorie=\"navigation\" data-gtm-custom-action=\"crossclick\" data-gtm-custom-label=\"Contextuel\" data-gtm-event=\"customEventSPE\" data-fig-domain=\"LEFIGARO\" target=\"_blank\" rel=\"noopener\">Gironde<\/a>). En fin de matin\u00e9e, un flacon de 500\u00a0ml de mercapto\u00e9thanol a \u00e9t\u00e9 renvers\u00e9 dans un laboratoire. Le produit est un liquide utilis\u00e9 en biologie pour stabiliser et r\u00e9duire les prot\u00e9ines. Il est toxique, tr\u00e8s irritant, inflammable et peut s\u2019av\u00e9rer mortel \u00e0 son contact pour un \u00eatre humain. Il n\u2019est manipul\u00e9 qu\u2019en laboratoire, sous hotte et avec des protections strictes.<\/p>\n<p class=\"fig-paragraph\">L\u2019incident a imm\u00e9diatement d\u00e9clench\u00e9 une op\u00e9ration des\u00a0<a href=\"http:\/\/www.lefigaro.fr\/bordeaux\/gironde-7-pompiers-agresses-lors-d-une-intervention-aupres-d-une-victime-blessee-par-un-hachoir-de-boucher-20250610\" data-fig-type=\"NewsFlash\" data-gtm-custom-categorie=\"navigation\" data-gtm-custom-action=\"crossclick\" data-gtm-custom-label=\"Contextuel\" data-gtm-event=\"customEventSPE\" data-fig-domain=\"LEFIGARO\" target=\"_blank\" rel=\"noopener\">pompiers<\/a>\u00a0en tenue sp\u00e9cialis\u00e9e. La police municipale a \u00e9galement \u00e9t\u00e9 d\u00e9p\u00each\u00e9e sur place.<\/p>\n<p>                                            <a class=\"fig-a11y-skip\" href=\"#fig-a11y-skip-main-inarticle\" data-module=\"a11y-skip\" data-context=\"was @visible\"><br \/>\n    Passer la publicit\u00e9<br \/>\n<\/a>            <\/p>\n<p>                                            Quatre personnes hospitalis\u00e9es<\/p>\n<p class=\"fig-paragraph\">12 personnes qui travaillaient dans la pi\u00e8ce ont \u00e9t\u00e9 l\u00e9g\u00e8rement intoxiqu\u00e9es. Quatre ont d\u00fb \u00eatre \u00e9vacu\u00e9es vers les h\u00f4pitaux Pellegrin et Bagatelle pour effectuer des examens compl\u00e9mentaires. Les autres ont \u00e9t\u00e9 prises en charge directement sur place.<\/p>\n<p class=\"fig-paragraph\">Le produit a \u00e9t\u00e9 r\u00e9cup\u00e9r\u00e9 et conditionn\u00e9 par l\u2019\u00e9tablissement. Les mesures effectu\u00e9es apr\u00e8s ventilation de la pi\u00e8ce se sont r\u00e9v\u00e9l\u00e9es rassurantes, mais le laboratoire est rest\u00e9 ferm\u00e9 pendant 24 heures. Les locaux de l\u2019institut ont rouvert rapidement, mais les cours ont \u00e9t\u00e9 suspendus pour le reste de la journ\u00e9e.<\/p>\n","protected":false},"excerpt":{"rendered":"L\u2019incident s\u2019est d\u00e9roul\u00e9 mardi matin, \u00e0 Villenave-d\u2019Ornon, et a n\u00e9cessit\u00e9 l\u2019intervention des pompiers. Quatre personnes ont \u00e9t\u00e9 hospitalis\u00e9es&hellip;\n","protected":false},"author":2,"featured_media":575495,"comment_status":"","ping_status":"","sticky":false,"template":"","format":"standard","meta":{"footnotes":""},"categories":[2817],"tags":[1111,11,35899,1997,1777,674,1011,27,5447,7141,12,2219,25,1662],"class_list":{"0":"post-575494","1":"post","2":"type-post","3":"status-publish","4":"format-standard","5":"has-post-thumbnail","7":"category-bordeaux","8":"tag-actu","9":"tag-actualites","10":"tag-biologie","11":"tag-bordeaux","12":"tag-eu","13":"tag-europe","14":"tag-fr","15":"tag-france","16":"tag-intoxication","17":"tag-laboratoire","18":"tag-news","19":"tag-nouvelle-aquitaine","20":"tag-republique-francaise","21":"tag-vin"},"share_on_mastodon":{"url":"https:\/\/pubeurope.com\/@fr\/115656040526386519","error":""},"_links":{"self":[{"href":"https:\/\/www.europesays.com\/fr\/wp-json\/wp\/v2\/posts\/575494","targetHints":{"allow":["GET"]}}],"collection":[{"href":"https:\/\/www.europesays.com\/fr\/wp-json\/wp\/v2\/posts"}],"about":[{"href":"https:\/\/www.europesays.com\/fr\/wp-json\/wp\/v2\/types\/post"}],"author":[{"embeddable":true,"href":"https:\/\/www.europesays.com\/fr\/wp-json\/wp\/v2\/users\/2"}],"replies":[{"embeddable":true,"href":"https:\/\/www.europesays.com\/fr\/wp-json\/wp\/v2\/comments?post=575494"}],"version-history":[{"count":0,"href":"https:\/\/www.europesays.com\/fr\/wp-json\/wp\/v2\/posts\/575494\/revisions"}],"wp:featuredmedia":[{"embeddable":true,"href":"https:\/\/www.europesays.com\/fr\/wp-json\/wp\/v2\/media\/575495"}],"wp:attachment":[{"href":"https:\/\/www.europesays.com\/fr\/wp-json\/wp\/v2\/media?parent=575494"}],"wp:term":[{"taxonomy":"category","embeddable":true,"href":"https:\/\/www.europesays.com\/fr\/wp-json\/wp\/v2\/categories?post=575494"},{"taxonomy":"post_tag","embeddable":true,"href":"https:\/\/www.europesays.com\/fr\/wp-json\/wp\/v2\/tags?post=575494"}],"curies":[{"name":"wp","href":"https:\/\/api.w.org\/{rel}","templated":true}]}}