{"id":575498,"date":"2025-12-03T14:12:19","date_gmt":"2025-12-03T14:12:19","guid":{"rendered":"https:\/\/www.europesays.com\/fr\/575498\/"},"modified":"2025-12-03T14:12:19","modified_gmt":"2025-12-03T14:12:19","slug":"municipales-2026-a-toulouse-aujourdhui-nous-sommes-reunis-lalliance-qui-remobilise-la-gauche","status":"publish","type":"post","link":"https:\/\/www.europesays.com\/fr\/575498\/","title":{"rendered":"Municipales 2026 \u00e0 Toulouse. \u00ab\u00a0Aujourd\u2019hui, nous sommes r\u00e9unis\u00a0\u00bb\u00a0: l\u2019alliance qui remobilise la gauche"},"content":{"rendered":"<p>\n                                                                    l&rsquo;essentiel<br \/>\n                                                                \u00c0 gauche, neuf partis politiques sont d\u00e9sormais rassembl\u00e9s derri\u00e8re Fran\u00e7ois Brian\u00e7on (PS) pour mener la bataille du Capitole face \u00e0 Jean-Luc Moudenc pour les municipales de mars\u00a02026.\n                            <\/p>\n<p>La photo de famille existe depuis ce mercredi 3\u00a0d\u00e9cembre\u00a0: neuf formations politiques de gauche sont d\u00e9sormais alli\u00e9es pour mener la bataille du Capitole face \u00e0 Jean-Luc Moudenc. \u00ab\u00a0Aujourd\u2019hui, nous sommes r\u00e9unis\u00a0\u00bb, a affirm\u00e9 paisiblement mais avec une certaine solennit\u00e9 Fran\u00e7ois Brian\u00e7on (PS), qui sera la t\u00eate de liste de cette coalition, ce mercredi dans la salle de spectacle du Flashback Caf\u00e9 au Bazacle. Autour de lui, debout, les repr\u00e9sentants des autres partis\u00a0: R\u00e9gis Godec pour les \u00c9cologistes, Isabelle Hardy (G\u00e9n\u00e9ration. s), Caroline Honvault (Archipel Citoyen), In\u00e8s Goffre-Pedrosa (PCF), Hugo Sajhau (Place Publique), Pierre-Nicolas Bapt (PRG), B\u00e9atrice Desmartin (MRC) et F\u00e9lix David-Rivi\u00e8re (Nouvelle Donne).<\/p>\n<p>Six partis avaient commenc\u00e9 \u00e0 se rapprocher en juillet. Mais les discussions avec les \u00c9cologistes et Archipel Citoyen, qui avaient \u00e9t\u00e9 rejoints par Nouvelle Donne, d\u00e9but\u00e9es \u00e0 la rentr\u00e9e, ont dur\u00e9 jusqu\u2019\u00e0 la semaine derni\u00e8re et ne se sont conclues qu\u2019apr\u00e8s un vote des adh\u00e9rents de ces deux\u00a0formations. Deux votes m\u00eame pour Archipel.<\/p>\n<p>La Jonction Est abandonn\u00e9e<\/p>\n<p>Cette large coalition se pr\u00e9sente maintenant comme \u00ab\u00a0la gauche unie\u00a0\u00bb, ce qui n\u2019est pas tout \u00e0 fait exact\u00a0puisqu\u2019il existe aussi une liste LFI-Assembl\u00e9e des quartiers conduite par Fran\u00e7ois Piquemal.<\/p>\n<p>C\u2019est en tout cas \u00ab\u00a0la premi\u00e8re fois depuis 2008\u00a0\u00bb et la victoire de Pierre Cohen, pr\u00e9sent ce mercredi dans la salle, qu\u2019un tel rassemblement est op\u00e9r\u00e9, a affirm\u00e9 Fran\u00e7ois Brian\u00e7on pour qui les municipales de mars\u00a02026 marqueront \u00ab\u00a0un tournant historique\u00a0\u00bb\u00a0: \u00ab\u00a0Ou bien Toulouse continue \u00e0 subir, ou bien elle affronte ses d\u00e9fis\u00a0\u00bb. Car Jean-Luc Moudenc, cibl\u00e9 d\u2019embl\u00e9e, m\u00e8ne une politique \u00ab\u00a0des petits pas\u00a0\u00bb, celle d'\u00a0\u00bbun maire a minima, un maire de la peur, un maire de la division\u2026\u00a0\u00bb<\/p>\n<p>\u00ab\u00a0Il agit comme un chloroforme endort la ville. Et cette douce anesth\u00e9sie a un prix\u00a0: Toulouse s\u2019\u00e9loigne des besoins des habitants\u00a0\u00bb, a lanc\u00e9 l\u2019ancien bras droit de Pierre Cohen.<\/p>\n<p>R\u00e9gis Godec, qui sera candidat \u00e0 la pr\u00e9sidence de la M\u00e9tropole, a \u00e9num\u00e9r\u00e9 quelques th\u00e8mes de campagne et r\u00e9v\u00e9l\u00e9 que, dans le cadre de l\u2019accord pass\u00e9, la Jonction Est, projet d\u2019\u00e9changeur sur la rocade \u00e0 la Cit\u00e9 de l\u2019espace, sera abandonn\u00e9e en cas de victoire.<\/p>\n<p>Isabelle Hardy promet \u00ab\u00a0une vraie rupture avec la politique conservatrice\u00a0\u00bb. Hugo Sajhau a lou\u00e9 \u00ab\u00a0un rassemblement r\u00e9alis\u00e9\u00a0dans la clart\u00e9\u00a0\u00bb. In\u00e8s Goffre-Pedrosa a rappel\u00e9 que les communistes \u00e9taient \u00ab\u00a0en campagne depuis plus d\u2019un an\u00a0\u00bb d\u00e9j\u00e0.<\/p>\n<p>Pour Archipel Citoyen, Caroline Honvault a expliqu\u00e9 que le choix s\u2019\u00e9tait port\u00e9 sur\u00a0\u00ab\u00a0l\u2019union la plus large possible\u00a0\u00bb, motiv\u00e9 \u00e9galement par la \u00ab\u00a0n\u00e9cessit\u00e9 de stopper les ravages de la politique de Jean-Luc Moudenc\u00a0\u00bb, notamment sur \u00ab\u00a0le tissu associatif culturel\u00a0\u00bb. Pierre-Nicolas Bapt a vant\u00e9 le rassemblement\u00a0de \u00ab\u00a0la gauche progressiste, \u00e9cologiste et citoyenne\u00a0\u00bb. B\u00e9atrice Desmartin s\u2019est inqui\u00e9t\u00e9e de \u00ab\u00a0la dette abyssale\u00a0\u00bb de Toulouse.<\/p>\n<p>Premier rendez-vous\u00a0: le 15\u00a0d\u00e9cembre, \u00e0 19\u00a0h\u00a030, salle Barcelone pour le meeting de lancement de campagne. D\u00e8s ce week-end, les militants de ces formations tracteront sur les march\u00e9s.<\/p>\n","protected":false},"excerpt":{"rendered":"l&rsquo;essentiel \u00c0 gauche, neuf partis politiques sont d\u00e9sormais rassembl\u00e9s derri\u00e8re Fran\u00e7ois Brian\u00e7on (PS) pour mener la bataille du&hellip;\n","protected":false},"author":2,"featured_media":575499,"comment_status":"","ping_status":"","sticky":false,"template":"","format":"standard","meta":{"footnotes":""},"categories":[2816],"tags":[1111,11,1777,674,1011,27,329,2722,3434,12,2680,316,25,2312,37919],"class_list":{"0":"post-575498","1":"post","2":"type-post","3":"status-publish","4":"format-standard","5":"has-post-thumbnail","7":"category-toulouse","8":"tag-actu","9":"tag-actualites","10":"tag-eu","11":"tag-europe","12":"tag-fr","13":"tag-france","14":"tag-france-monde","15":"tag-haute-garonne","16":"tag-municipales-2026","17":"tag-news","18":"tag-occitanie","19":"tag-politique","20":"tag-republique-francaise","21":"tag-toulouse","22":"tag-u00c9lections"},"share_on_mastodon":{"url":"https:\/\/pubeurope.com\/@fr\/115656048329752930","error":""},"_links":{"self":[{"href":"https:\/\/www.europesays.com\/fr\/wp-json\/wp\/v2\/posts\/575498","targetHints":{"allow":["GET"]}}],"collection":[{"href":"https:\/\/www.europesays.com\/fr\/wp-json\/wp\/v2\/posts"}],"about":[{"href":"https:\/\/www.europesays.com\/fr\/wp-json\/wp\/v2\/types\/post"}],"author":[{"embeddable":true,"href":"https:\/\/www.europesays.com\/fr\/wp-json\/wp\/v2\/users\/2"}],"replies":[{"embeddable":true,"href":"https:\/\/www.europesays.com\/fr\/wp-json\/wp\/v2\/comments?post=575498"}],"version-history":[{"count":0,"href":"https:\/\/www.europesays.com\/fr\/wp-json\/wp\/v2\/posts\/575498\/revisions"}],"wp:featuredmedia":[{"embeddable":true,"href":"https:\/\/www.europesays.com\/fr\/wp-json\/wp\/v2\/media\/575499"}],"wp:attachment":[{"href":"https:\/\/www.europesays.com\/fr\/wp-json\/wp\/v2\/media?parent=575498"}],"wp:term":[{"taxonomy":"category","embeddable":true,"href":"https:\/\/www.europesays.com\/fr\/wp-json\/wp\/v2\/categories?post=575498"},{"taxonomy":"post_tag","embeddable":true,"href":"https:\/\/www.europesays.com\/fr\/wp-json\/wp\/v2\/tags?post=575498"}],"curies":[{"name":"wp","href":"https:\/\/api.w.org\/{rel}","templated":true}]}}