{"id":575500,"date":"2025-12-03T14:13:14","date_gmt":"2025-12-03T14:13:14","guid":{"rendered":"https:\/\/www.europesays.com\/fr\/575500\/"},"modified":"2025-12-03T14:13:14","modified_gmt":"2025-12-03T14:13:14","slug":"plus-de-7-km-de-bouchons","status":"publish","type":"post","link":"https:\/\/www.europesays.com\/fr\/575500\/","title":{"rendered":"plus de 7 km de bouchons"},"content":{"rendered":"<p>                    Par<br \/>\n        <strong><br \/>\n            <a href=\"https:\/\/actu.fr\/auteur\/hervine-mahaud\" title=\"Consulter tous les articles de Hervine Mahaud\" target=\"_blank\" rel=\"noopener\">Hervine Mahaud<\/a><br \/>\n                    <\/strong><\/p>\n<p>        Publi\u00e9 le<\/p>\n<p>            3 d\u00e9c. 2025 \u00e0 14h24        <\/p>\n<p>Attention si vous devez circuler dans ce secteur. Ce mercredi 3 d\u00e9cembre 2025 en d\u00e9but d\u2019apr\u00e8s-midi, un gros <a href=\"https:\/\/actu.fr\/tag\/accident\" target=\"_blank\" rel=\"noopener\">accident<\/a> s\u2019est produit sur l\u2019<a href=\"https:\/\/actu.fr\/tag\/autoroute-1-a1\" target=\"_blank\" rel=\"noopener\">autoroute A1<\/a> dans le <b>sens Paris-Lille<\/b>. Un carambolage impliquant <b>5 voitures<\/b> cr\u00e9e un <b>important bouchon<\/b>.<\/p>\n<p>\u00ab\u00a0Un bouchon de 7 km, en augmentation\u00a0\u00bb<\/p>\n<p class=\" wall-content\">Selon la cellule de vigilance routi\u00e8re de la pr\u00e9fecture du Nord, l\u2019accident a eu lieu au point kilom\u00e9trique 195+300, soit \u00e0 hauteur de la commune de Phalempin. Cinq v\u00e9hicules l\u00e9gers sont entr\u00e9s en collision.\u00a0<\/p>\n<p class=\" wall-content\">\u00ab\u00a0La voie du milieu et la voie de gauche sont neutralis\u00e9es. Un bouchon de 7 km, en augmentation, s\u2019est form\u00e9 en amont de cet accident\u00a0\u00bb, d\u00e9taille la pr\u00e9fecture.<\/p>\n<p class=\" wall-content\">Il est conseill\u00e9 d\u2019\u00e9viter le secteur. Plus d\u2019infos \u00e0 venir.<\/p>\n<p class=\" wall-content\">Personnalisez votre actualit\u00e9 en ajoutant vos villes et m\u00e9dias en favori avec <a href=\"https:\/\/moncompte.actu.fr\" title=\"D\u00e9couvez Mon Actu\" rel=\"nofollow noopener\" data-trk=\"{&quot;cta&quot;:{&quot;action&quot;:&quot;https:\\\/\\\/moncompte.actu.fr&quot;,&quot;category&quot;:&quot;mon compte&quot;,&quot;from&quot;:&quot;article footer&quot;,&quot;name&quot;:&quot;Mon actu&quot;,&quot;type&quot;:&quot;cta&quot;}}\" target=\"_blank\">Mon Actu<\/a>.<\/p>\n","protected":false},"excerpt":{"rendered":"Par Hervine Mahaud Publi\u00e9 le 3 d\u00e9c. 2025 \u00e0 14h24 Attention si vous devez circuler dans ce secteur.&hellip;\n","protected":false},"author":2,"featured_media":575501,"comment_status":"","ping_status":"","sticky":false,"template":"","format":"standard","meta":{"footnotes":""},"categories":[2815],"tags":[119,1111,11,9904,1777,674,118,1011,27,811,803,1307,12,25],"class_list":{"0":"post-575500","1":"post","2":"type-post","3":"status-publish","4":"format-standard","5":"has-post-thumbnail","7":"category-lille","8":"tag-accident","9":"tag-actu","10":"tag-actualites","11":"tag-autoroute-1-a1","12":"tag-eu","13":"tag-europe","14":"tag-faits-divers","15":"tag-fr","16":"tag-france","17":"tag-hauts-de-france","18":"tag-info-trafic","19":"tag-lille","20":"tag-news","21":"tag-republique-francaise"},"share_on_mastodon":{"url":"https:\/\/pubeurope.com\/@fr\/115656052514251819","error":""},"_links":{"self":[{"href":"https:\/\/www.europesays.com\/fr\/wp-json\/wp\/v2\/posts\/575500","targetHints":{"allow":["GET"]}}],"collection":[{"href":"https:\/\/www.europesays.com\/fr\/wp-json\/wp\/v2\/posts"}],"about":[{"href":"https:\/\/www.europesays.com\/fr\/wp-json\/wp\/v2\/types\/post"}],"author":[{"embeddable":true,"href":"https:\/\/www.europesays.com\/fr\/wp-json\/wp\/v2\/users\/2"}],"replies":[{"embeddable":true,"href":"https:\/\/www.europesays.com\/fr\/wp-json\/wp\/v2\/comments?post=575500"}],"version-history":[{"count":0,"href":"https:\/\/www.europesays.com\/fr\/wp-json\/wp\/v2\/posts\/575500\/revisions"}],"wp:featuredmedia":[{"embeddable":true,"href":"https:\/\/www.europesays.com\/fr\/wp-json\/wp\/v2\/media\/575501"}],"wp:attachment":[{"href":"https:\/\/www.europesays.com\/fr\/wp-json\/wp\/v2\/media?parent=575500"}],"wp:term":[{"taxonomy":"category","embeddable":true,"href":"https:\/\/www.europesays.com\/fr\/wp-json\/wp\/v2\/categories?post=575500"},{"taxonomy":"post_tag","embeddable":true,"href":"https:\/\/www.europesays.com\/fr\/wp-json\/wp\/v2\/tags?post=575500"}],"curies":[{"name":"wp","href":"https:\/\/api.w.org\/{rel}","templated":true}]}}