{"id":575506,"date":"2025-12-03T14:16:15","date_gmt":"2025-12-03T14:16:15","guid":{"rendered":"https:\/\/www.europesays.com\/fr\/575506\/"},"modified":"2025-12-03T14:16:15","modified_gmt":"2025-12-03T14:16:15","slug":"tags-injurieux-sur-un-mur-de-leglise-des-chartreux-la-mairie-de-marseille-a-porte-plainte","status":"publish","type":"post","link":"https:\/\/www.europesays.com\/fr\/575506\/","title":{"rendered":"Tags injurieux sur un mur de l&rsquo;\u00e9glise des Chartreux\u00a0: la mairie de Marseille a port\u00e9 plainte"},"content":{"rendered":"<p>La ville de Marseille a officiellement d\u00e9pos\u00e9 plainte apr\u00e8s la d\u00e9couverte de deux tags \u00ab\u00a0incitant \u00e0 la violence\u00a0\u00bb selon les mots du dioc\u00e8se. Deux phrases inscrites sur un mur de l&rsquo;\u00e9glise des Chartreux \u00ab\u00a0probablement dans la nuit de dimanche \u00e0 lundi\u00a0\u00bb et nettoy\u00e9es mercredi matin a constat\u00e9 ICI Provence.<\/p>\n<p>Comme annonc\u00e9 la veille dans un message sur le compte X de Benoit Payan, la mairie de Marseille indique \u00e0 ICI Provence avoir officiellement d\u00e9pos\u00e9 <strong>plainte au commissariat<\/strong> ce mercredi 3 d\u00e9cembre 2025.<\/p>\n<p>Motivation, auteur(s) : l&rsquo;enqu\u00eate d\u00e9bute \u00e0 peine<\/p>\n<p>Ni le parquet de Marseille ni la pr\u00e9fecture de police des Bouches-du-Rh\u00f4ne n&rsquo;\u00e9taient encore en mesure de pr\u00e9ciser le service de police charg\u00e9 de l&rsquo;enqu\u00eate ouverte apr\u00e8s la d\u00e9couverte mardi de deux \u00ab\u00a0phrases insultantes et incitant \u00e0 la violence\u00a0\u00bb selon les termes du communiqu\u00e9 publi\u00e9 par le dioc\u00e8se de Marseille.<\/p>\n<p>Les deux tags, <strong>effac\u00e9s mercredi matin<\/strong> par la ville, ont \u00e9t\u00e9 inscrits \u00ab\u00a0probablement dans la nuit de dimanche \u00e0 lundi\u00a0\u00bb selon le p\u00e8re Martin Tran, cur\u00e9 de la paroisse interrog\u00e9 par ICI Provence. Les deux phrases \u00e9crites sur un mur ext\u00e9rieur de l&rsquo;\u00e9glise Sainte-Marie-Madeleine des Chartreux \u00e9taient les suivantes\u00a0: \u00ab\u00a0La seule \u00e9glise qui illumine, c&rsquo;est celle qui br\u00fble\u00a0\u00bb et \u00ab\u00a0Si Dieu existe, il faut le butter\u00a0\u00bb.<\/p>\n<p>\u00ab\u00a0Une b\u00eatise humaine\u00a0\u00bb<\/p>\n<p>\u00ab\u00a0Oui \u00e7a me touche\u00a0\u00bb, confie \u00e0 ICI Provence Mich\u00e8le, habitante du quartier et <strong>fid\u00e8le de l&rsquo;\u00e9glise<\/strong>. Elle y \u00e9tait encore dimanche dernier. \u00ab\u00a0Je suis tr\u00e8s pein\u00e9e de voir tout ce qui se passe\u00a0\u00bb conclut la retrait\u00e9e de 85 ans. Ren\u00e9 aussi est triste et pas vraiment surpris\u00a0: \u00ab\u00a0Maintenant on s&rsquo;attaque \u00e0 tout, les \u00e9glises. De mon \u00e9poque ce n&rsquo;\u00e9tait pas pareil\u00a0\u00bb. \u00c2g\u00e9 de 80 ans, le Marseillais juge l&rsquo;ambiance du moment propice \u00e0 la d\u00e9linquance\u00a0: \u00ab\u00a0Les punitions ne sont pas assez s\u00e9v\u00e8res pour ceux qu&rsquo;on prend\u00a0\u00bb.<\/p>\n<p>Plusieurs habitants du quartier t\u00e9moignent aussi d&rsquo;un \u00ab\u00a0quartier qui change\u00a0\u00bb. \u00ab\u00a0On \u00e9tait tranquille mais maintenant on a un peu peur\u00a0\u00bb\u00a0racontent <strong>No\u00eblle et Martine<\/strong> rencontr\u00e9es au pied des escaliers de l&rsquo;\u00e9glise des Chartreux. Le p\u00e8re Martin Tran est arriv\u00e9 en poste en septembre. Il fait part aussi de sa \u00ab\u00a0tristesse\u00a0\u00bb\u00a0: \u00ab\u00a0Cette \u00e9glise est accueillante, ouverte \u00e0 tous. C&rsquo;est le bien de tous. Ni l&rsquo;\u00e9glise ni le quartier ne m\u00e9ritent ces tags avec ce caract\u00e8re provocateur\u00a0\u00bb.<\/p>\n<p>L&rsquo;homme d&rsquo;\u00e9glise\u00a0souhaite rapidement tourner la page apr\u00e8s \u00ab\u00a0une messe de pardon\u00a0\u00bb\u00a0c\u00e9l\u00e9br\u00e9e <strong>mercredi \u00e0 18h30.<\/strong> \u00ab\u00a0Pour moi No\u00ebl qui approche, c&rsquo;est la f\u00eate de la joie, de la famille. On ne va pas se laisser g\u00e2cher cette f\u00eate \u00e0 cause d&rsquo;une b\u00eatise humaine\u00a0\u00bb conclut le cur\u00e9 dans une volont\u00e9 d&rsquo;apaisement.<\/p>\n","protected":false},"excerpt":{"rendered":"La ville de Marseille a officiellement d\u00e9pos\u00e9 plainte apr\u00e8s la d\u00e9couverte de deux tags \u00ab\u00a0incitant \u00e0 la violence\u00a0\u00bb&hellip;\n","protected":false},"author":2,"featured_media":575507,"comment_status":"","ping_status":"","sticky":false,"template":"","format":"standard","meta":{"footnotes":""},"categories":[2814],"tags":[1111,11,1777,674,1011,27,884,12,882,25],"class_list":{"0":"post-575506","1":"post","2":"type-post","3":"status-publish","4":"format-standard","5":"has-post-thumbnail","7":"category-marseille","8":"tag-actu","9":"tag-actualites","10":"tag-eu","11":"tag-europe","12":"tag-fr","13":"tag-france","14":"tag-marseille","15":"tag-news","16":"tag-provence-alpes-cote-dazur","17":"tag-republique-francaise"},"share_on_mastodon":{"url":"https:\/\/pubeurope.com\/@fr\/115656064071800135","error":""},"_links":{"self":[{"href":"https:\/\/www.europesays.com\/fr\/wp-json\/wp\/v2\/posts\/575506","targetHints":{"allow":["GET"]}}],"collection":[{"href":"https:\/\/www.europesays.com\/fr\/wp-json\/wp\/v2\/posts"}],"about":[{"href":"https:\/\/www.europesays.com\/fr\/wp-json\/wp\/v2\/types\/post"}],"author":[{"embeddable":true,"href":"https:\/\/www.europesays.com\/fr\/wp-json\/wp\/v2\/users\/2"}],"replies":[{"embeddable":true,"href":"https:\/\/www.europesays.com\/fr\/wp-json\/wp\/v2\/comments?post=575506"}],"version-history":[{"count":0,"href":"https:\/\/www.europesays.com\/fr\/wp-json\/wp\/v2\/posts\/575506\/revisions"}],"wp:featuredmedia":[{"embeddable":true,"href":"https:\/\/www.europesays.com\/fr\/wp-json\/wp\/v2\/media\/575507"}],"wp:attachment":[{"href":"https:\/\/www.europesays.com\/fr\/wp-json\/wp\/v2\/media?parent=575506"}],"wp:term":[{"taxonomy":"category","embeddable":true,"href":"https:\/\/www.europesays.com\/fr\/wp-json\/wp\/v2\/categories?post=575506"},{"taxonomy":"post_tag","embeddable":true,"href":"https:\/\/www.europesays.com\/fr\/wp-json\/wp\/v2\/tags?post=575506"}],"curies":[{"name":"wp","href":"https:\/\/api.w.org\/{rel}","templated":true}]}}