{"id":575510,"date":"2025-12-03T14:18:14","date_gmt":"2025-12-03T14:18:14","guid":{"rendered":"https:\/\/www.europesays.com\/fr\/575510\/"},"modified":"2025-12-03T14:18:14","modified_gmt":"2025-12-03T14:18:14","slug":"ces-conducteurs-cibles-en-particulier","status":"publish","type":"post","link":"https:\/\/www.europesays.com\/fr\/575510\/","title":{"rendered":"ces conducteurs cibl\u00e9s en particulier"},"content":{"rendered":"<p>                    Par<br \/>\n        <strong><br \/>\n            <a href=\"https:\/\/actu.fr\/auteur\/julien-damboise\" title=\"Consulter tous les articles de Julien Damboise\" target=\"_blank\" rel=\"noopener\">Julien Damboise<\/a><br \/>\n                    <\/strong><\/p>\n<p>        Publi\u00e9 le<\/p>\n<p>            3 d\u00e9c. 2025 \u00e0 15h09        <\/p>\n<p>Il y a quelques jours, la police de <a href=\"https:\/\/actu.fr\/lyon\/\" target=\"_blank\" rel=\"noopener\">Lyon<\/a> a r\u00e9alis\u00e9 une op\u00e9ration sp\u00e9ciale sur les routes d\u2019acc\u00e8s \u00e0 l\u2019<a href=\"https:\/\/actu.fr\/tag\/aeroport-lyon-saint-exupery\" target=\"_blank\" rel=\"noopener\">a\u00e9roport Saint-Exup\u00e9ry<\/a>. Ce sont les <strong>taxis et autres chauffeurs VTC<\/strong> qui ont \u00e9t\u00e9 cibl\u00e9s par les forces de l\u2019ordre, avec \u00e0 la cl\u00e9 des <strong>infractions pour la plupart<\/strong> des conducteurs stopp\u00e9s.<\/p>\n<p>Les chauffeurs cibl\u00e9s<\/p>\n<p class=\" wall-content\">Selon nos informations, le contr\u00f4le a eu lieu le mardi 25 novembre en milieu de matin\u00e9e. L\u2019objectif affich\u00e9 des autorit\u00e9s \u00e9tait \u00ab\u00a0d\u2019assurer la s\u00e9curit\u00e9 de chaque personne et veiller au respect des professions r\u00e9glement\u00e9es\u00a0\u00bb.<\/p>\n<p class=\" wall-content\">Et en particulier les <strong>activit\u00e9s li\u00e9es au transport des passagers<\/strong> depuis ou vers l\u2019a\u00e9rogare. Les policiers mobilis\u00e9s ont ainsi stopp\u00e9 des chauffeurs de taxis et de VTC. Et beaucoup n\u2019\u00e9taient pas en r\u00e8gle.<\/p>\n<p>    <img   decoding=\"async\" loading=\"lazy\" src=\"https:\/\/www.europesays.com\/fr\/wp-content\/uploads\/2025\/12\/controle-taxis-aeroport-lyon-960x640.png\" alt=\"Plus de la moiti\u00e9 des VTC ou taxis \u00e9taient hors la loi lors du contr\u00f4le de police \u00e0 l'a\u00e9roport de Lyon Saint-Exup\u00e9ry.\" width=\"960\" height=\"640\"\/><br \/>\n    Plus de la moiti\u00e9 des VTC ou taxis \u00e9taient hors la loi lors du contr\u00f4le de police \u00e0 l\u2019a\u00e9roport de Lyon Saint-Exup\u00e9ry. (\u00a9DIPN du Rh\u00f4ne)Plus d\u2019une voiture sur deux en infraction<\/p>\n<p class=\" wall-content\">Au total, ce sont donc <strong>25 v\u00e9hicules qui ont \u00e9t\u00e9 stopp\u00e9s<\/strong> et contr\u00f4l\u00e9s par les forces de l\u2019ordre. Et les policiers ont vu juste puisque <strong>14 infractions<\/strong> ont \u00e9t\u00e9 relev\u00e9es, soit bien plus que la moiti\u00e9 des personnes arr\u00eat\u00e9es.<\/p>\n<p class=\" wall-content\">D\u2019apr\u00e8s une source polici\u00e8re contact\u00e9e par actu Lyon, ces contraventions \u00e9taient majoritairement en lien avec la r\u00e9glementation li\u00e9e \u00e0 la profession, avec aussi des amendes forfaitaires d\u00e9lictuelles, par exemple pour <strong>d\u00e9faut d\u2019inscription au registre<\/strong> des VTC ou d\u00e9faut de licence.<\/p>\n<p class=\" wall-content\">Personnalisez votre actualit\u00e9 en ajoutant vos villes et m\u00e9dias en favori avec <a href=\"https:\/\/moncompte.actu.fr\" title=\"D\u00e9couvez Mon Actu\" rel=\"nofollow noopener\" data-trk=\"{&quot;cta&quot;:{&quot;action&quot;:&quot;https:\\\/\\\/moncompte.actu.fr&quot;,&quot;category&quot;:&quot;mon compte&quot;,&quot;from&quot;:&quot;article footer&quot;,&quot;name&quot;:&quot;Mon actu&quot;,&quot;type&quot;:&quot;cta&quot;}}\" target=\"_blank\">Mon Actu<\/a>.<\/p>\n","protected":false},"excerpt":{"rendered":"Par Julien Damboise Publi\u00e9 le 3 d\u00e9c. 2025 \u00e0 15h09 Il y a quelques jours, la police de&hellip;\n","protected":false},"author":2,"featured_media":575511,"comment_status":"","ping_status":"","sticky":false,"template":"","format":"standard","meta":{"footnotes":""},"categories":[1889],"tags":[1111,11,12526,2430,1777,674,118,1011,27,2428,12,1072,25],"class_list":{"0":"post-575510","1":"post","2":"type-post","3":"status-publish","4":"format-standard","5":"has-post-thumbnail","7":"category-lyon","8":"tag-actu","9":"tag-actualites","10":"tag-aeroport-lyon-saint-exupery","11":"tag-auvergne-rhone-alpes","12":"tag-eu","13":"tag-europe","14":"tag-faits-divers","15":"tag-fr","16":"tag-france","17":"tag-lyon","18":"tag-news","19":"tag-police","20":"tag-republique-francaise"},"share_on_mastodon":{"url":"https:\/\/pubeurope.com\/@fr\/115656072533975780","error":""},"_links":{"self":[{"href":"https:\/\/www.europesays.com\/fr\/wp-json\/wp\/v2\/posts\/575510","targetHints":{"allow":["GET"]}}],"collection":[{"href":"https:\/\/www.europesays.com\/fr\/wp-json\/wp\/v2\/posts"}],"about":[{"href":"https:\/\/www.europesays.com\/fr\/wp-json\/wp\/v2\/types\/post"}],"author":[{"embeddable":true,"href":"https:\/\/www.europesays.com\/fr\/wp-json\/wp\/v2\/users\/2"}],"replies":[{"embeddable":true,"href":"https:\/\/www.europesays.com\/fr\/wp-json\/wp\/v2\/comments?post=575510"}],"version-history":[{"count":0,"href":"https:\/\/www.europesays.com\/fr\/wp-json\/wp\/v2\/posts\/575510\/revisions"}],"wp:featuredmedia":[{"embeddable":true,"href":"https:\/\/www.europesays.com\/fr\/wp-json\/wp\/v2\/media\/575511"}],"wp:attachment":[{"href":"https:\/\/www.europesays.com\/fr\/wp-json\/wp\/v2\/media?parent=575510"}],"wp:term":[{"taxonomy":"category","embeddable":true,"href":"https:\/\/www.europesays.com\/fr\/wp-json\/wp\/v2\/categories?post=575510"},{"taxonomy":"post_tag","embeddable":true,"href":"https:\/\/www.europesays.com\/fr\/wp-json\/wp\/v2\/tags?post=575510"}],"curies":[{"name":"wp","href":"https:\/\/api.w.org\/{rel}","templated":true}]}}