{"id":575512,"date":"2025-12-03T14:20:14","date_gmt":"2025-12-03T14:20:14","guid":{"rendered":"https:\/\/www.europesays.com\/fr\/575512\/"},"modified":"2025-12-03T14:20:14","modified_gmt":"2025-12-03T14:20:14","slug":"miss-ile-de-france-pour-miss-france-2026-amusee-par-la-rumeur-de-tout-beau-tout-n9uf","status":"publish","type":"post","link":"https:\/\/www.europesays.com\/fr\/575512\/","title":{"rendered":"Miss \u00cele-de-France pour Miss France 2026 amus\u00e9e par la rumeur de \u00abTout beau tout n9uf\u00bb"},"content":{"rendered":"<p>    Cyril Hanouna suspect\u00e9 de bien conna\u00eetre Mareva Michel, Miss \u00cele-de-France 2025 pour Miss France 2026, le 18 novembre dans \u00ab Tout beau tout n9uf\u00a0\u00bb<br \/>\n                Capture \u00e9cran W9<\/p>\n<p>\n    Depuis deux semaines, les chroniqueurs de l\u2019\u00e9mission de W9 suspectent l\u2019animateur de conna\u00eetre personnellement Mareva Michel. L\u2019Yvelinoise de 22 ans a d\u00e9couvert cette histoire pendant sa pr\u00e9paration au concours de beaut\u00e9.<\/p>\n<p class=\"fig-paragraph\">Le 6 d\u00e9cembre prochain, en direct sur TF1,\u00a0<a href=\"http:\/\/tvmag.lefigaro.fr\/programme-tv\/miss-france\/miss-france-2026-l-etudiante-franco-mexicaine-mareva-michel-representera-l-ile-de-france-20250921\" target=\"_blank\" data-fig-type=\"Article\" rel=\"noopener\" data-gtm-custom-categorie=\"navigation\" data-gtm-custom-action=\"crossclick\" data-gtm-custom-label=\"Contextuel\" data-gtm-event=\"customEventSPE\" data-fig-domain=\"TVMAG\"><strong>Mareva Michel<\/strong><\/a> \u00a0sera sur la sc\u00e8ne du Z\u00e9nith d\u2019Amiens aux c\u00f4t\u00e9s des 29 autres candidates en comp\u00e9tition pour le titre de\u00a0<a href=\"https:\/\/tvmag.lefigaro.fr\/programme-tv\/programme\/election-de-miss-france-d1764243769\" target=\"_blank\" rel=\"noopener\" data-gtm-custom-categorie=\"navigation\" data-gtm-custom-action=\"crossclick\" data-gtm-custom-label=\"Contextuel\" data-gtm-event=\"customEventSPE\"><strong>Miss France 2026<\/strong><\/a> . D\u2019abord couronn\u00e9e Miss Yvelines 2025 le 24 mai dans sa ville natale de Poissy, elle est devenue Miss \u00cele-de-France 2025 deux mois plus tard \u00e0 Dammarie-les-Lys. Brillante \u00e9tudiante en quatri\u00e8me ann\u00e9e \u00e0 l\u2019ESSEC Business School \u00e0 Cergy, elle a f\u00eat\u00e9 ses 22 ans le 4 novembre dernier.<\/p>\n<p class=\"fig-paragraph\">Comme beaucoup de candidates \u00e0 Miss France, Mareva Michel assouvit un r\u00eave de jeunesse en prenant part au concours de beaut\u00e9. Un r\u00eave nourrit par sa m\u00e8re (cousine du r\u00e9alisateur\u00a0<a href=\"http:\/\/www.lefigaro.fr\/culture\/mostra-de-venise-entre-frankenstein-de-guillermo-del-toro-et-jude-law-en-poutine-les-monstres-s-invitent-a-l-ecran-20250831\" target=\"_blank\" data-fig-type=\"Article\" rel=\"noopener\" data-gtm-custom-categorie=\"navigation\" data-gtm-custom-action=\"crossclick\" data-gtm-custom-label=\"Contextuel\" data-gtm-event=\"customEventSPE\" data-fig-domain=\"LEFIGARO\">Guillermo del Toro<\/a>) et sa tante, anciennes miss au Mexique. \u00ab J\u2019ai voulu attendre le bon moment pour me lancer, je n\u2019ai pas voulu me pr\u00e9cipiter\u00a0\u00bb, nous a-t-elle expliqu\u00e9. Une fois sa quatri\u00e8me ann\u00e9e en \u00e9cole de commerce valid\u00e9e, celle qui a grandi \u00e0 Maisons-Laffitte dans les Yvelines s\u2019est donc lanc\u00e9e. Fille unique, elle se dit fi\u00e8re de ses origines mexicaines maternelles. \u00ab Je suis compl\u00e8tement bilingue en espagnol\u00a0\u00bb, nous dit-elle en soulignant parler \u00e9galement l\u2019anglais et le mandarin.<\/p>\n<p>                                                                <a href=\"https:\/\/photo.lefigaro.fr\/programme-tv\/miss-france\/miss-france-2026-les-30-candidates-en-images-20251110\" target=\"_blank\" rel=\"noopener\"><\/p>\n<p class=\"fig-slideshow__title\">\n                    Miss France 2026\u00a0: les 30 candidates en images\n                <\/p>\n<p>Acc\u00e9der au diaporama (61)<\/p>\n<p>    <\/a><\/p>\n<p class=\"fig-body-link\">\n            \u00c0 lire aussi<br \/>\n        <a class=\"fig-body-link__link\" href=\"http:\/\/tvmag.lefigaro.fr\/programme-tv\/miss-france\/une-femme-peut-etre-elegante-en-arborant-des-tatouages-miss-rhone-alpes-veut-marquer-l-histoire-de-miss-france-20251202\" target=\"_blank\" data-fig-type=\"Article\" rel=\"noopener\" data-gtm-custom-categorie=\"navigation\" data-gtm-custom-action=\"crossclick\" data-gtm-custom-label=\"Contextuel\" data-gtm-event=\"customEventSPE\" data-fig-domain=\"TVMAG\"><\/p>\n<p>        \u00abUne femme peut \u00eatre \u00e9l\u00e9gante en arborant des tatouages\u00bb\u00a0: Miss Rh\u00f4ne-Alpes veut marquer l\u2019histoire de Miss France<br \/>\n    <\/a>\n<\/p>\n<p>                                                                <a class=\"fig-a11y-skip\" href=\"#fig-a11y-skip-main-inarticle\" data-module=\"a11y-skip\" data-context=\"was @visible\"><br \/>\n    Passer la publicit\u00e9<br \/>\n<\/a>            <\/p>\n<p>                                                                Mareva Michel, une Miss \u00cele-de-France engag\u00e9e dans la lutte contre le cancer du sein<\/p>\n<p class=\"fig-paragraph\">\u00ab Mes parents ont d\u00e9cid\u00e9 de m\u2019appeler Mareva lorsqu\u2019ils ont vu l\u2019\u00e9lection de\u00a0<a href=\"http:\/\/tvmag.lefigaro.fr\/programme-tv\/actu-tele\/j-ai-beaucoup-pleure-mareva-galanter-se-confie-sur-les-difficultes-rencontrees-pendant-son-regne-de-miss-france-20230522\" target=\"_blank\" data-fig-type=\"Article\" rel=\"noopener\" data-gtm-custom-categorie=\"navigation\" data-gtm-custom-action=\"crossclick\" data-gtm-custom-label=\"Contextuel\" data-gtm-event=\"customEventSPE\" data-fig-domain=\"TVMAG\">Mareva Galanter\u00a0<\/a> en 1998. Elle et Mareva Georges sont devenues Miss France et c\u2019est comme \u00e7a que mon p\u00e8re est tomb\u00e9 amoureux de ce pr\u00e9nom\u00a0\u00bb, s\u2019amuse \u00e0 nous raconter Mareva Michel tout en esp\u00e9rant d\u2019une issue aussi royale que les deux Tahitiennes. Si le jury de pr\u00e9s\u00e9lection lui offre l\u2019opportunit\u00e9 de se qualifier parmi les douze demi-finalistes, son discours de pr\u00e9sentation face au public du Z\u00e9nith d\u2019Amiens et aux millions de t\u00e9l\u00e9spectateurs de TF1 sera \u00e0 son image nous assure-t-elle.<\/p>\n<p class=\"fig-paragraph\">\u00ab Mon but premier est d\u2019\u00eatre naturelle, authentique, et de pouvoir transmettre le message que je souhaite faire passer aux t\u00e9l\u00e9spectateurs\u00a0\u00bb, confie Mareva Michel qui est activement impliqu\u00e9e en tant que marraine de l\u2019association <strong>Aidons la recherche<\/strong> (<a href=\"https:\/\/www.aidonslarecherche.fr\/\" target=\"_blank\" rel=\"sponsored noopener\" data-gtm-custom-categorie=\"navigation\" data-gtm-custom-action=\"crossclick\" data-gtm-custom-label=\"Contextuel\" data-gtm-event=\"customEventSPE\">aidonslarecherche.fr<\/a>) pour la recherche contre le cancer du sein en partenariat avec l\u2019Institut Curie. \u00ab Dans ma famille, nous avons \u00e9t\u00e9 touch\u00e9s par cette maladie. Je participe \u00e0 un concours qui met en avant la femme et qui est 100% f\u00e9minin, cela me tient \u00e0 c\u0153ur de pouvoir les repr\u00e9senter de la meilleure des fa\u00e7ons. \u00c0 mon \u00e9chelle, je veux informer et sensibiliser au maximum.\u00a0\u00bb<\/p>\n<blockquote class=\"fig-quote&#10;    \">\n<p class=\"fig-quote__text\">\u00ab Cela me fait rire de voir tout \u00e7a, surtout pendant mon aventure\u00a0\u00bb<\/p>\n<p>            Mareva Michel au sujet de \u00ab Tout beau tout n9uf\u00a0\u00bb\n    <\/p><\/blockquote>\n<p class=\"fig-paragraph\">Alors qu\u2019elle \u00e9tait en Martinique pour le s\u00e9jour de pr\u00e9paration du concours de beaut\u00e9, Mareva Michel a re\u00e7u des \u00e9chos de ses proches au sujet de l\u2019\u00e9mission \u00ab Tout beau tout n9uf\u00a0\u00bb. Le 18 novembre dernier sur W9, Cyril Hanouna avait consacr\u00e9 une partie aux photos officielles des\u00a0<a href=\"http:\/\/tvmag.lefigaro.fr\/programme-tv\/miss-france\/miss-france-2026-decouvrez-les-photos-des-30-candidates-en-maillot-de-bain-20251115\" target=\"_blank\" data-fig-type=\"Article\" rel=\"noopener\" data-gtm-custom-categorie=\"navigation\" data-gtm-custom-action=\"crossclick\" data-gtm-custom-label=\"Contextuel\" data-gtm-event=\"customEventSPE\" data-fig-domain=\"TVMAG\">30 candidates \u00e0 <strong>Miss France 2026<\/strong> en maillot de bain<\/a>. Parmi elles, Mareva Michel, Miss \u00cele-de-France 2025, avait suscit\u00e9 un certain int\u00e9r\u00eat. \u00ab Je l\u2019ai rencontr\u00e9e une fois avec Mokhtar (membre de la s\u00e9curit\u00e9 de l\u2019\u00e9mission, ndlr) il y a trois semaines au Stade Jean-Bouin pour un match de rugby, \u00e9tait intervenu Olivier Dartigolles. Elle est tr\u00e8s sympa et tr\u00e8s belle. Elle s\u2019entendrait tr\u00e8s bien avec vous.\u00a0\u00bb<\/p>\n<p class=\"fig-paragraph\">Surpris par la r\u00e9action indiff\u00e9rente de Cyril Hanouna, les chroniqueurs de \u00ab TBT9\u00a0\u00bb avaient suspect\u00e9 une histoire cach\u00e9e. \u00ab Mais vous la connaissez\u00a0?\u00a0\u00bb, avait demand\u00e9 G\u00e9raldine Maillet. \u00ab Regardez-moi Cyril, vous la connaissez\u00a0?\u00a0\u00bb, avait insist\u00e9 Olivier Dartigolles. L\u2019embarras de l\u2019animateur et son rire nerveux avaient aliment\u00e9 les doutes. \u00ab Je ne la connais pas, je vous jure que je ne l\u2019ai jamais vue de ma vie\u00a0\u00bb, avait-il assur\u00e9 \u00e0 plusieurs reprises sans parvenir \u00e0 convaincre.<\/p>\n<p>    Cyril Hanouna suspect\u00e9 de bien conna\u00eetre Mareva Michel, Miss \u00cele-de-France 2025 pour Miss France 2026, le 19 novembre dans \u00ab Tout beau tout n9uf\u00a0\u00bb<br \/>\n                Capture \u00e9cran W9<\/p>\n<p>                                                                Le running gag de \u00ab Tout beau tout n9uf\u00a0\u00bb avec Cyril Hanouna et Mareva Michel<\/p>\n<p class=\"fig-paragraph\">Le lendemain, Val\u00e9rie Bena\u00efm avait relanc\u00e9 le sujet aupr\u00e8s de Cyril Hanouna dans\u00a0<a href=\"http:\/\/tvmag.lefigaro.fr\/programme-tv\/actu-tele\/j-ai-divorce-deux-fois-qui-est-nawarra-la-nouvelle-chroniqueuse-de-cyril-hanouna-dans-tout-beau-tout-n9uf-20250905\" target=\"_blank\" data-fig-type=\"Article\" rel=\"noopener\" data-gtm-custom-categorie=\"navigation\" data-gtm-custom-action=\"crossclick\" data-gtm-custom-label=\"Contextuel\" data-gtm-event=\"customEventSPE\" data-fig-domain=\"TVMAG\">\u00ab Tout beau tout n9uf\u00a0\u00bb<\/a>. \u00ab Cette lourdeur, vous allez la faire tous les soirs\u00a0?, avait demand\u00e9 l\u2019animateur. Je ne connais pas Miss \u00cele-de-France et je ne l\u2019ai jamais connue. Vous \u00eates persuad\u00e9s que j\u2019ai eu une histoire avec elle il y a longtemps, avant qu\u2019elle devienne miss. Mais je ne la connais pas.\u00a0\u00bb Pour le contredire, les \u00e9quipes de l\u2019\u00e9mission de W9 s\u2019\u00e9taient amus\u00e9es \u00e0 pr\u00e9parer des montages photos et vid\u00e9os o\u00f9 il appara\u00eet aux c\u00f4t\u00e9s de la Miss \u00cele-de-France.<\/p>\n<p>                                                                <a class=\"fig-a11y-skip\" href=\"#fig-a11y-skip-main-inarticle_mtf\" data-module=\"a11y-skip\" data-context=\"was @visible\"><br \/>\n    Passer la publicit\u00e9<br \/>\n<\/a>            <\/p>\n<p class=\"fig-paragraph\">\u00ab J\u2019ai eu des \u00e9chos de cette \u00e9mission en effet. Mais je ne connais pas du tout Cyril Hanouna, nous a r\u00e9v\u00e9l\u00e9 Mareva Michel. Cela me fait rire de voir tout \u00e7a, surtout pendant mon aventure. Des amis m\u2019ont envoy\u00e9 des extraits pour s\u2019amuser. Ils m\u2019ont dit\u00a0: \u201cRegarde, tu es en train de passer dans \u00ab Tout beau tout n9uf\u00a0\u00bb\u00a0!\u201d. Cela m\u2019a fait rire aussi.\u00a0\u00bb Et le sujet est d\u00e9finitivement clos.<\/p>\n","protected":false},"excerpt":{"rendered":"Cyril Hanouna suspect\u00e9 de bien conna\u00eetre Mareva Michel, Miss \u00cele-de-France 2025 pour Miss France 2026, le 18 novembre&hellip;\n","protected":false},"author":2,"featured_media":575513,"comment_status":"","ping_status":"","sticky":false,"template":"","format":"standard","meta":{"footnotes":""},"categories":[1592],"tags":[1111,11,1083,1777,674,1011,27,662,3034,12,626,25,49425],"class_list":{"0":"post-575512","1":"post","2":"type-post","3":"status-publish","4":"format-standard","5":"has-post-thumbnail","7":"category-ile-de-france","8":"tag-actu","9":"tag-actualites","10":"tag-cyril-hanouna","11":"tag-eu","12":"tag-europe","13":"tag-fr","14":"tag-france","15":"tag-ile-de-france","16":"tag-miss-france","17":"tag-news","18":"tag-paris","19":"tag-republique-francaise","20":"tag-tout-beau-tout-n9uf"},"share_on_mastodon":{"url":"https:\/\/pubeurope.com\/@fr\/115656079715276650","error":""},"_links":{"self":[{"href":"https:\/\/www.europesays.com\/fr\/wp-json\/wp\/v2\/posts\/575512","targetHints":{"allow":["GET"]}}],"collection":[{"href":"https:\/\/www.europesays.com\/fr\/wp-json\/wp\/v2\/posts"}],"about":[{"href":"https:\/\/www.europesays.com\/fr\/wp-json\/wp\/v2\/types\/post"}],"author":[{"embeddable":true,"href":"https:\/\/www.europesays.com\/fr\/wp-json\/wp\/v2\/users\/2"}],"replies":[{"embeddable":true,"href":"https:\/\/www.europesays.com\/fr\/wp-json\/wp\/v2\/comments?post=575512"}],"version-history":[{"count":0,"href":"https:\/\/www.europesays.com\/fr\/wp-json\/wp\/v2\/posts\/575512\/revisions"}],"wp:featuredmedia":[{"embeddable":true,"href":"https:\/\/www.europesays.com\/fr\/wp-json\/wp\/v2\/media\/575513"}],"wp:attachment":[{"href":"https:\/\/www.europesays.com\/fr\/wp-json\/wp\/v2\/media?parent=575512"}],"wp:term":[{"taxonomy":"category","embeddable":true,"href":"https:\/\/www.europesays.com\/fr\/wp-json\/wp\/v2\/categories?post=575512"},{"taxonomy":"post_tag","embeddable":true,"href":"https:\/\/www.europesays.com\/fr\/wp-json\/wp\/v2\/tags?post=575512"}],"curies":[{"name":"wp","href":"https:\/\/api.w.org\/{rel}","templated":true}]}}