{"id":575514,"date":"2025-12-03T14:21:17","date_gmt":"2025-12-03T14:21:17","guid":{"rendered":"https:\/\/www.europesays.com\/fr\/575514\/"},"modified":"2025-12-03T14:21:17","modified_gmt":"2025-12-03T14:21:17","slug":"a-marseille-le-silence-et-la-crainte-des-habitants-depuis-la-mort-de-mehdi-kessaci","status":"publish","type":"post","link":"https:\/\/www.europesays.com\/fr\/575514\/","title":{"rendered":"\u00e0 Marseille, le silence et la crainte des habitants depuis la mort de Mehdi Kessaci"},"content":{"rendered":"\n<p class=\"c-chapo \">\n  Depuis cet assassinat le 13 novembre dernier \u00e0 Marseille, certains ont d\u00e9cid\u00e9 de ne plus d\u00e9noncer \u00e0 visage d\u00e9couvert le narcotrafic.\n<\/p>\n<p>      lire plus tard<\/p>\n<p id=\"dialog__title\" class=\"dialog__title\">Pour sauvegarder cet article, connectez-vous ou cr\u00e9ez un compte franceinfo<\/p>\n<p class=\"dialog__description\">Sans paiement. Sans abonnement.<\/p>\n<p>        Fermer la fen\u00eatre d\u2019activation des notifications France Info<\/p>\n<p>      cr\u00e9er votre compte<\/p>\n<p>      se connecter<\/p>\n<p>        Fermer la fen\u00eatre de pr\u00e9sentation<\/p>\n<p>    <img loading=\"lazy\" decoding=\"async\" class=\"signature__image lazyload\" width=\"100\" height=\"100\" data- alt=\"\" src=\"https:\/\/www.europesays.com\/fr\/wp-content\/uploads\/2025\/05\/64a7df4c5fe71_placeholder-36b69ec8.png\"\/><\/p>\n<p>    Publi\u00e9 le 03\/12\/2025 14:21<\/p>\n<p>      Mis \u00e0 jour le 03\/12\/2025 14:28<\/p>\n<p>        Temps de lecture : 4min<\/p>\n<p>    <img decoding=\"async\"  alt=\"Un pi\u00e9ton passe devant les bouquets de fleurs d\u00e9pos\u00e9s \u00e0 l'endroit o\u00f9 Mehdi Kessaci a \u00e9t\u00e9 assassin\u00e9, \u00e0 Marseille, le 18 novembre 2025. (CHRISTOPHE SIMON \/ AFP)\" width=\"432\" height=\"243\" src=\"https:\/\/www.europesays.com\/fr\/wp-content\/uploads\/2025\/12\/mehdi-kessaci-6920ec9541231880029106.jpg\" fetchpriority=\"high\"\/><\/p>\n<p>      Un pi\u00e9ton passe devant les bouquets de fleurs d\u00e9pos\u00e9s \u00e0 l&rsquo;endroit o\u00f9 Mehdi Kessaci a \u00e9t\u00e9 assassin\u00e9, \u00e0 Marseille, le 18 novembre 2025. (CHRISTOPHE SIMON \/ AFP)<\/p>\n<p>\u00ab\u00a0Je ne me tairai pas\u00a0\u00bb : c\u2019est ce qu\u2019a affirm\u00e9 le militant engag\u00e9 contre le narcotrafic Amine Kessaci, apr\u00e8s l\u2019assassinat de son petit fr\u00e8re, Mehdi, abattu en plein jour \u00e0 Marseille, le <a href=\"https:\/\/www.franceinfo.fr\/societe\/drogue\/assassinat-de-mehdi-kessaci-la-piste-d-un-acte-prepare-par-le-haut-du-spectre-de-la-criminalite-organisee-privilegiee-assure-la-procureure-de-la-republique-de-paris_7627034.html\" target=\"_blank\" rel=\"noopener\" data-tooltip-url=\"https:\/\/www.franceinfo.fr\/societe\/drogue\/assassinat-de-mehdi-kessaci-la-piste-d-un-acte-prepare-par-le-haut-du-spectre-de-la-criminalite-organisee-privilegiee-assure-la-procureure-de-la-republique-de-paris_7627034.html\">jeudi 13 novembre \u00e0 Marseille.<\/a> Trois semaines apr\u00e8s, pourtant, certains habitants de quartiers proches de points de deal l&rsquo;avouent : sid\u00e9r\u00e9s par le drame, ils craignent des repr\u00e9sailles.<\/p>\n<p>\u00ab\u00a0Le narcotrafic a r\u00e9ussi \u00e0 \u00e9teindre ma voix\u00a0\u00bb, d\u00e9clarait ainsi une avocate, au lendemain de la mort de Mehdi Kessaci. Engag\u00e9e aux c\u00f4t\u00e9s des familles de victimes, habitu\u00e9e des plateaux de t\u00e9l\u00e9vision, elle a d\u00e9cid\u00e9 de retourner dans l\u2019anonymat, comme d\u2019autres militants associatifs.<\/p>\n<p>Pour d&rsquo;autres, le silence s\u2019impose depuis longtemps : sur le pas de sa porte, cette dame pose son index sur sa bouche. Un jeune vient d\u2019\u00eatre tu\u00e9 au pied de son immeuble et elle est p\u00e9trifi\u00e9e \u00e0 l\u2019id\u00e9e d\u2019en parler. \u00ab\u00a0Je ne peux pas faire \u00e7a moi&#8230; Il y a les jeunes en bas. Il y a les jeunes qui tuent\u00a0\u00bb, souffle-t-elle, pr\u00e9cisant craindre d&rsquo;\u00eatre vis\u00e9e en repr\u00e9sailles.<\/p>\n<p>Cette peur de parler est parfois int\u00e9gr\u00e9e d\u00e8s le plus jeune \u00e2ge, raconte cette professeur d\u2019un lyc\u00e9e des quartiers nord. Elle s\u2019en est rendu compte le jour o\u00f9 elle a \u00e9voqu\u00e9 un r\u00e8glement de compte en classe. \u00ab\u00a0J&rsquo;ai, par exemple, utilis\u00e9 le terme &lsquo;stupide&rsquo; pour qualifier les personnes qui avaient tir\u00e9. L\u00e0, les \u00e9l\u00e8ves se sont lev\u00e9s en disant &lsquo;Attention\u00a0! Il va vous arriver quelque chose ! Vous ne pouvez pas dire \u00e7a. Vous \u00eates en danger, madame&rsquo;. Ils \u00e9taient terrifi\u00e9s\u00a0\u00bb, t\u00e9moigne-t-elle.<\/p>\n<p>Ce sentiment de \u00ab\u00a0danger\u00a0\u00bb, il suffit d\u2019aller pr\u00e8s d\u2019un point de deal pour l\u2019entendre. Dans la cit\u00e9 des flamants, dans le 14e arrondissement de Marseille, la maison de la Solidarit\u00e9 a ferm\u00e9, des agents ont \u00e9t\u00e9 menac\u00e9s de mort par les dealers. Un adolescent grimace, sa m\u00e8re ne pourra pas voir l\u2019assistante sociale. \u00ab\u00a0C\u2019est compliqu\u00e9 ici\u00a0\u00bb, glisse-t-il, \u00e9voquant le trafic de drogue. Avant de couper court : \u00ab\u00a0Je ne peux pas en parler.\u00a0\u00bb<\/p>\n<p>Un t\u00e9moignage toutefois permet de comprendre l&rsquo;engrenage : au printemps dernier, franceinfo a rencontr\u00e9 un \u00ab\u00a0charbonneur\u00a0\u00bb, ces petites mains du trafic, charg\u00e9s de vendre la drogue aux clients. Ces jeunes, parfois tout juste adolescents, sont en premi\u00e8re ligne sur les points de deal. \u00c0 17 ans, ce jeune homme, dont nous ne donnerons pas le pr\u00e9nom, venait de passer un mois dans une prison pour mineur, condamn\u00e9 pour trafic de stup\u00e9fiants. Derri\u00e8re lui, d\u00e9j\u00e0, un lourd passif : il est rentr\u00e9 dans le trafic d\u00e8s le coll\u00e8ge.<\/p>\n<p>\u00ab\u00a0J&rsquo;ai commenc\u00e9 \u00e0 l&rsquo;\u00e2ge de 14 ans dans le stup&rsquo;. Au d\u00e9but, j&rsquo;ai commenc\u00e9 en tant que guetteur. Je continuais \u00e0 aller \u00e0 l&rsquo;\u00e9cole et je travaillais le week-end, le mercredi apr\u00e8s-midi et le soir.  J&rsquo;ai arr\u00eat\u00e9 d&rsquo;aller \u00e0 l&rsquo;\u00e9cole et j&rsquo;ai fait un an dans un r\u00e9seau \u00e0 Marseille et je n&rsquo;ai pas arr\u00eat\u00e9&#8230;\u00a0\u00bb, raconte-t-il. <\/p>\n<blockquote class=\"ftvi_content_quote\">\n<p class=\"ftvi_citation_quote\">\u00ab\u00a0Au bout d&rsquo;un moment, d\u00e8s que j&rsquo;ai vu qu&rsquo;il y avait beaucoup d&rsquo;argent \u00e0 prendre dans ce m\u00e9tier, je me suis dit pourquoi continuer l&rsquo;\u00e9cole si je peux gagner de l&rsquo;argent plus facilement ?\u00a0\u00bb<\/p>\n<p>Un \u00ab\u00a0charbonneur\u00a0\u00bb<\/p>\n<p class=\"ftvi_citation_source\">\u00e0 franceinfo<\/p>\n<\/blockquote>\n<p>A la question du besoin d&rsquo;argent \u00e0 quatorze ans, le jeune homme r\u00e9pond sans sourciller : \u00ab\u00a0Pour profiter de la vie ! Et \u00e0 ce moment-l\u00e0, je ne fumais pas, c&rsquo;\u00e9tait clairement pour du loisir. Et apr\u00e8s j&rsquo;ai commenc\u00e9 \u00e0 fumer, je d\u00e9pensais l&rsquo;argent pour ma fumette ou des v\u00eatements\u00a0\u00bb.<\/p>\n<p>Le jeune homme t\u00e9moigne aussi de la violence constante autour des points de deal. \u00ab\u00a0La fois la plus marquante, c&rsquo;\u00e9tait \u00e0 Arles : une voiture est arriv\u00e9e vers 22h. Quelqu&rsquo;un \u00e0 l&rsquo;int\u00e9rieur a tir\u00e9 en l&rsquo;air pour nous intimider. A ce moment-l\u00e0, je suis rest\u00e9 dans le coin et personne ne m&rsquo;a dit d&rsquo;arr\u00eater de vendre. On peut perdre la vie trop facilement dans ce milieu-l\u00e0. En prenant un peu de recul, j&rsquo;ai envie d&rsquo;arr\u00eater. Je n&rsquo;ai pas envie de mourir ou de finir en prison encore une fois&#8230;\u00a0\u00bb<\/p>\n","protected":false},"excerpt":{"rendered":"Depuis cet assassinat le 13 novembre dernier \u00e0 Marseille, certains ont d\u00e9cid\u00e9 de ne plus d\u00e9noncer \u00e0 visage&hellip;\n","protected":false},"author":2,"featured_media":575515,"comment_status":"","ping_status":"","sticky":false,"template":"","format":"standard","meta":{"footnotes":""},"categories":[1888],"tags":[1111,1928,11,1927,1777,674,1011,27,12,1926,626,1925,25],"class_list":{"0":"post-575514","1":"post","2":"type-post","3":"status-publish","4":"format-standard","5":"has-post-thumbnail","7":"category-paris","8":"tag-actu","9":"tag-actu-paris","10":"tag-actualites","11":"tag-actualites-paris","12":"tag-eu","13":"tag-europe","14":"tag-fr","15":"tag-france","16":"tag-news","17":"tag-news-paris","18":"tag-paris","19":"tag-paris-news","20":"tag-republique-francaise"},"share_on_mastodon":{"url":"https:\/\/pubeurope.com\/@fr\/115656085444911860","error":""},"_links":{"self":[{"href":"https:\/\/www.europesays.com\/fr\/wp-json\/wp\/v2\/posts\/575514","targetHints":{"allow":["GET"]}}],"collection":[{"href":"https:\/\/www.europesays.com\/fr\/wp-json\/wp\/v2\/posts"}],"about":[{"href":"https:\/\/www.europesays.com\/fr\/wp-json\/wp\/v2\/types\/post"}],"author":[{"embeddable":true,"href":"https:\/\/www.europesays.com\/fr\/wp-json\/wp\/v2\/users\/2"}],"replies":[{"embeddable":true,"href":"https:\/\/www.europesays.com\/fr\/wp-json\/wp\/v2\/comments?post=575514"}],"version-history":[{"count":0,"href":"https:\/\/www.europesays.com\/fr\/wp-json\/wp\/v2\/posts\/575514\/revisions"}],"wp:featuredmedia":[{"embeddable":true,"href":"https:\/\/www.europesays.com\/fr\/wp-json\/wp\/v2\/media\/575515"}],"wp:attachment":[{"href":"https:\/\/www.europesays.com\/fr\/wp-json\/wp\/v2\/media?parent=575514"}],"wp:term":[{"taxonomy":"category","embeddable":true,"href":"https:\/\/www.europesays.com\/fr\/wp-json\/wp\/v2\/categories?post=575514"},{"taxonomy":"post_tag","embeddable":true,"href":"https:\/\/www.europesays.com\/fr\/wp-json\/wp\/v2\/tags?post=575514"}],"curies":[{"name":"wp","href":"https:\/\/api.w.org\/{rel}","templated":true}]}}