{"id":575516,"date":"2025-12-03T14:22:22","date_gmt":"2025-12-03T14:22:22","guid":{"rendered":"https:\/\/www.europesays.com\/fr\/575516\/"},"modified":"2025-12-03T14:22:22","modified_gmt":"2025-12-03T14:22:22","slug":"avec-des-amis-comme-ca-politico","status":"publish","type":"post","link":"https:\/\/www.europesays.com\/fr\/575516\/","title":{"rendered":"Avec des amis comme \u00e7a \u2013 POLITICO"},"content":{"rendered":"<p style=\"max-height: 0px; overflow: hidden; color: transparent; font-size: 0;\">Pr\u00e9sent\u00e9 par Spiko<\/p>\n<tr>\n<td align=\"center\">\n\t\t\t\t\t\t<img decoding=\"async\" src=\"https:\/\/www.europesays.com\/fr\/wp-content\/uploads\/2025\/04\/nl-header_politico_playbook-parisx2.png\" alt=\"Playbook Paris\" width=\"600\"\/>\n\t\t\t\t\t<\/td>\n<\/tr>\n<p id=\"pl-nh-by-authors\" align=\"center\"><strong>Par SARAH PAILLOU<\/strong><\/p>\n<p id=\"pl-nh-sec-authors\" align=\"center\"><strong>Avec ANTHONY LATTIER<\/strong><\/p>\n<p><strong>TSAR DE TOUTES LES ROUERIES.<\/strong> Du Poutine dans toute sa splendeur. Le pr\u00e9sident russe a laiss\u00e9 mariner hier les \u00e9missaires am\u00e9ricains Steve Witkoff et Jared Kushner plusieurs heures dans les rues de Moscou avant de les recevoir pour parler paix en Ukraine. Face \u00e0 eux, il a fustig\u00e9 les \u201cactions destructrices\u201d des Europ\u00e9ens \u2014 qu\u2019il avait avertis un peu plus t\u00f4t : \u201cNous n\u2019avons pas l\u2019intention de d\u00e9clarer la guerre \u00e0 l\u2019Europe, mais si l\u2019Europe le souhaite et commence, nous sommes pr\u00eats d\u00e8s maintenant.\u201d Puis son conseiller diplomatique Iouri Ouchakov a salu\u00e9, \u00e0 la sortie de la r\u00e9union, des discussions \u201cutiles et constructives\u201d, comme le <a href=\"https:\/\/www.politico.eu\/article\/jared-kushner-donald-trump-russia-vladimir-putin-peace-europe\/\" target=\"_blank\" rel=\"noopener\">racontent<\/a> (en anglais) mes coll\u00e8gues Eva Hartog and Sascha Roslyakov.<\/p>\n<p><strong>Enfin pr\u00eat ?<\/strong> En attendant des avanc\u00e9es concr\u00e8tes sur le front diplomatique, l\u2019Europe <a href=\"https:\/\/www.politico.eu\/newsletter\/brussels-playbook\/Fraud-probe-reverberates-across-Brussels\/\" target=\"_blank\" rel=\"noopener\">esp\u00e8re conclure<\/a> sur la mobilisation des avoirs russes gel\u00e9s. En ce <strong>mercredi 3 d\u00e9cembre 2025<\/strong>, la Commission doit pr\u00e9senter le plan qui vise \u00e0 surmonter l\u2019opposition de la Belgique et offrir un <a href=\"https:\/\/www.politico.eu\/newsletter\/playbook-paris\/lemprunt-ruse\/\" target=\"_blank\" rel=\"noopener\">pr\u00eat<\/a> de 140 milliards d\u2019euros \u00e0 Kiev. Bon r\u00e9veil \u00e0 tous.<\/p>\n<p>BUDGET DE LA S\u00c9CU<\/p>\n<p><strong>CHANGEMENT DE PROGRAMME. <\/strong>Tiens, tiens, le gouvernement aurait-il ressenti le besoin d\u2019avoir un poil plus de temps ? Am\u00e9lie de Montchalin a annonc\u00e9 au mitan de la nuit le report d\u2019un sacr\u00e9 morceau du projet de loi de financement de la S\u00e9curit\u00e9 sociale, dont l\u2019examen a repris hier en nouvelle lecture \u00e0 l\u2019Assembl\u00e9e nationale. Initialement pr\u00e9vue au menu des d\u00e9put\u00e9s d\u00e8s cet apr\u00e8s-midi, la hausse de la CSG sur les revenus du capital sera finalement discut\u00e9e au terme de la partie recettes du PLFSS, a pr\u00e9cis\u00e9 la ministre des Comptes publics. Donc plus tard dans la semaine.<\/p>\n<p><strong>Le pourquoi du comment : <\/strong>c\u2019est une des mesures (dont on vous parlait <a href=\"https:\/\/www.politico.eu\/newsletter\/playbook-paris\/le-normand-et-le-trou\/\" target=\"_blank\" rel=\"noopener\">vendredi<\/a>), \u201co\u00f9 tout reste encore \u00e0 faire\u201d, \u201csur lesquelles \u00e7a va coincer le plus\u201d, reconnaissait un conseiller de l\u2019ex\u00e9cutif en filant vers son d\u00eener hier.<\/p>\n<p><strong>**Un message de Spiko : <\/strong>Patriotisme financier : Spiko vous permet de placer votre tr\u00e9sorerie dans des bons du Tr\u00e9sor fran\u00e7ais. La France a besoin de se financer, et nous avons besoin de faire fructifier notre \u00e9pargne ou notre tr\u00e9sorerie : tout le monde y gagne ! <a href=\"https:\/\/www.spiko.io\/fr\/spiko-euro?utm_source=Politico&amp;utm_medium=cpc&amp;utm_campaign=Paris-Playbook_Dec2025&amp;utm_term=J3BTF&amp;utm_content=Texte1&amp;msg_pos=1\" target=\"_blank\" rel=\"noopener\">On se lance ?<\/a><strong>**<\/strong><\/p>\n<p><strong>R\u00e9sumons : <\/strong>les socialistes y tiennent, moins pour le gage \u201cjustice fiscale\u201d qu\u2019elle pourrait repr\u00e9senter que pour son rendement, estim\u00e9 par eux \u00e0 2,8 milliards d\u2019euros par an, nous ont expos\u00e9 deux d\u00e9put\u00e9s PS. Les R\u00e9publicains en ont fait leur \u201cprincipal irritant\u201d, nous rappelait en fin d\u2019apr\u00e8s-midi une source au groupe Droite r\u00e9publicaine ; et Horizons ne veut pas non plus de cette hausse de fiscalit\u00e9.\u00a0<\/p>\n<p><a href=\"https:\/\/www.youtube.com\/watch?v=jeIhqSd6zOA\" target=\"_blank\" rel=\"noopener\"><strong>VOIL\u00c0 CE QUE T\u2019ES<\/strong><\/a><strong>. <\/strong>Horizons, justement, et son pr\u00e9sident Edouard Philippe \u00e9taient les stars de la journ\u00e9e d\u2019hier. Au point de d\u00e9clencher ce cri du c\u0153ur d\u2019un ministre Les R\u00e9publicains, qui d\u00e9couvrait l\u2019alerte info alors qu\u2019il d\u00e9jeunait avec mon coll\u00e8gue Nicolas Camut \u2014 attention les oreilles chastes \u2014 : \u201cquel connard.\u201d Et puis : \u201cC\u2019est dingue\u201d, \u201con n\u2019aura pas de budget\u201d.\u00a0<\/p>\n<p><strong>Objet de son seum : <\/strong><a href=\"https:\/\/www.sudouest.fr\/politique\/edouard-philippe\/budget-de-la-secu-abstention-ou-vote-contre-le-groupe-horizons-hesite-face-a-un-deficit-pas-soutenable-26940976.php\" target=\"_blank\" rel=\"noopener\">l\u2019annonce<\/a> par les d\u00e9put\u00e9s philippistes, au nombre de 34, qu\u2019ils voteraient contre, ou au mieux qu\u2019ils s\u2019abstiendraient, lors du scrutin de mardi prochain sur le PLFSS. Impossible pour eux de laisser passer un texte contenant \u201cl\u2019inverse\u201d de ce qu\u2019ils d\u00e9fendent, \u00e0 savoir une fiscalit\u00e9 alourdie et la suspension de la r\u00e9forme des retraites, justifiait dans l\u2019apr\u00e8s-midi Gr\u00e9goire de Lasteyrie, maire de Palaiseau et membre du bureau politique d\u2019Horizons.<\/p>\n<p><strong>Oupsi.<\/strong> De quoi menacer consid\u00e9rablement l\u2019adoption du PLFSS, d\u00e9j\u00e0 mal emmanch\u00e9e. Le PS refuse toujours d\u2019envisager publiquement un vote \u201cpour\u201d et notre source LR n\u2019imagine pas son groupe faire mieux que \u201cse partager entre pour et abstention\u201d, et encore, seulement en cas de non augmentation de la CSG.<\/p>\n<p><strong>Calmos. <\/strong>S\u00e9bastien Lecornu himself a r\u00e9agi devant ses collaborateurs dans l\u2019apr\u00e8s-midi, s\u2019est fait raconter Playbook par une source ayant ses oreilles \u00e0 Matignon. En substance : le Premier ministre a bien compris qu\u2019Edouard Philippe voulait se positionner et ne pas lui offrir sur un plateau des capacit\u00e9s d\u2019action, \u201cmais c\u2019est pas pour autant que [le Havrais] est oblig\u00e9 de planter le budget\u201d, nous r\u00e9sumait notre interlocuteur. \u201cIl faut lui faire passer le message : ne \u2018confonds pas les \u00e9ch\u00e9ances\u2019\u201d, poursuivait-il, \u00e0 savoir la pr\u00e9sidentielle de 2027 et le budget 2026. Dont l\u2019adoption \u201cne fera pas de S\u00e9bastien Lecornu une star, \u00e7a reste un PM qui finira cram\u00e9 quoi qu\u2019il arrive\u201d, pronostiquait-il encore.\u00a0<\/p>\n<p><strong>Mise en application<\/strong> du message-\u00e0-faire-passer, dans la soir\u00e9e par un collaborateur gouvernemental dans notre cellulaire : \u201cLes Fran\u00e7ais sont suffisamment intelligents pour comprendre que ce budget aura \u00e9t\u00e9 adopt\u00e9 dans des conditions tr\u00e8s particuli\u00e8res, il n\u2019est en rien le programme pr\u00e9sidentiel d\u2019Edouard Philippe.\u201d<\/p>\n<p><strong>Y CROIRE ENCORE. <\/strong>Et si le coup d\u2019\u00e9clat d\u2019Horizons n\u2019\u00e9tait qu\u2019un coup de pression, au moment o\u00f9 la nouvelle lecture d\u00e9bute, pour obtenir des victoires dans la n\u00e9gociation ? C\u2019est ce qu\u2019esp\u00e9raient encore plusieurs conseillers macronistes sond\u00e9s hier (dont celui que nous citions plus haut).\u00a0<\/p>\n<p><strong>Mais-mais-mais <\/strong>satisfaire \u00e0 leur demande num\u00e9ro un, la non-suspension de la r\u00e9forme des retraites, reviendrait \u00e0 renoncer \u00e0 la recherche du compromis avec les socialistes, et donc \u00e0 condamner d\u00e9finitivement le budget de la S\u00e9cu.\u00a0<\/p>\n<p><strong>Revoil\u00e0 le 49.3. <\/strong>Un d\u00e9put\u00e9 philippiste reconnaissait lui-m\u00eame \u201cle dilemme\u201d de son camp : \u201cd\u2019un c\u00f4t\u00e9, le renoncement id\u00e9ologique et \u00e0 des convictions ; de l\u2019autre, on essaie de nous faire porter la responsabilit\u00e9 de l\u2019instabilit\u00e9 politique que pourrait entra\u00eener un non-vote du PLFSS\u201d. Et de glisser, tout en assurant ne pas le r\u00e9clamer : \u201cCe n\u2019est pas nous qui avons renonc\u00e9 au 49.3\u201d, qui \u201cpermettrait \u00e0 chacun d\u2019\u00eatre coh\u00e9rent\u201d, en ne votant pas le budget, sans pour autant censurer le gouvernement.<\/p>\n<p>MACRON EN CHINE<\/p>\n<p><strong>Y CROIRE ENCORE (BIS). <\/strong>Signe que vous devriez garder un \u0153il sur ce d\u00e9placement pr\u00e9sidentiel : toutes les \u00e9quipes de POLITICO se sont pench\u00e9es sur la visite d\u2019Etat en Chine d\u2019Emmanuel Macron, qui atterrit dans quelques heures et y reste trois jours. Ma coll\u00e8gue Clea Caulcutt me signalait ainsi hier qu\u2019au moment o\u00f9 les n\u00e9gociations de paix en Ukraine s\u2019acc\u00e9l\u00e8rent, le chef de l\u2019Etat fran\u00e7ais compte sur son homologue chinois, Xi Jinping. Ce partenaire et soutien de Moscou pourrait \u201cconvaincre\u201d Vladimir Poutine et l\u2019\u201corienter\u201d vers un cessez-le-feu, esp\u00e9rait un conseiller \u00e9lys\u00e9en lors d\u2019un briefing de la presse la semaine derni\u00e8re.<\/p>\n<p><strong>En n\u00e9gos.<\/strong> Les discussions sur les relations commerciales s\u2019annoncent encore plus cors\u00e9es. L\u2019Union europ\u00e9enne d\u00e9voile aujourd\u2019hui une nouvelle strat\u00e9gie pour diversifier ses ressources en <a href=\"https:\/\/www.vie-publique.fr\/parole-dexpert\/289457-terres-rares-quels-enjeux-pour-la-france-et-leurope\" target=\"_blank\" rel=\"noopener\">terres rares<\/a> (dont <a href=\"https:\/\/www.politico.eu\/newsletter\/brussels-playbook\/https:\/\/www.politico.eu\/newsletter\/brussels-playbook\/Fraud-probe-reverberates-across-Brussels\/\" target=\"_blank\" rel=\"noopener\">Brussels Playbook<\/a> vous touche un mot) et r\u00e9duire sa d\u00e9pendance \u00e0 l\u2019Empire du Milieu. Certains, \u00e0 Paris, ont aussi des id\u00e9es pour mieux prot\u00e9ger l\u2019industrie fran\u00e7aise de la concurrence chinoise. Ces pistes sont \u00e0 retrouver dans notre infolettre <a href=\"https:\/\/www.politico.eu\/pro\/voyage-de-macron-en-chine-en-plus-des-lebrun-des-energeticiens\/\" target=\"_blank\" rel=\"noopener\">Energie et Climat<\/a>, r\u00e9serv\u00e9e \u00e0 nos abonn\u00e9s PRO \u2014 qui d\u00e9couvriront au passage quels patrons du nucl\u00e9aire et des renouvelables seront du voyage.\u00a0\u00a0<\/p>\n<p><strong>Aussi dans les bagages <\/strong>d\u2019Emmanuel Macron : le PDG de CMA CGM, Rodolphe Saad\u00e9, et Arthur Mensch, le patron de Mistral AI, ont not\u00e9 mes coll\u00e8gues de <a href=\"https:\/\/www.politico.eu\/pro\/datacenters-la-sobriete-est-decretee\/\" target=\"_blank\" rel=\"noopener\">Tech Matin<\/a>. Et encore des repr\u00e9sentants des fili\u00e8res porcines et laiti\u00e8res, cibl\u00e9es par des enqu\u00eates chinoises depuis plus d\u2019un an, pouvez-vous lire dans <a href=\"https:\/\/www.politico.eu\/pro\/macron-and-co-en-chine\/\" target=\"_blank\" rel=\"noopener\">Paris Influ<\/a> (si vous \u00eates un abonn\u00e9 PRO). Mes coll\u00e8gues vous y glissent quelques infos sur le climat d\u2019affaires en Chine et une jolie bourde rep\u00e9r\u00e9e dans la liste des voyageurs.\u00a0<\/p>\n<p><strong>G7, touch\u00e9. <\/strong>Dans ce contexte de tensions, n\u2019esp\u00e9rez pas une grande flexibilit\u00e9 de P\u00e9kin. \u201cA court terme, il n\u2019y a pas grand-chose \u00e0 obtenir,\u201d confirmait il y a quelques jours un diplomate europ\u00e9en \u00e0 Clea. Emmanuel Macron pourrait toutefois jouer la carte de sa pr\u00e9sidence du G7 (\u00e0 partir du 1er janvier). Il entend notamment consacrer son mandat aux d\u00e9s\u00e9quilibres mondiaux, dont la Chine, en situation de surproduction et sous-consommation, est un des acteurs. Il est peu probable, comme <a href=\"https:\/\/www.bloomberg.com\/news\/articles\/2025-11-12\/macron-has-floated-idea-of-a-g-7-invite-for-xi-jinping-next-year\" target=\"_blank\" rel=\"noopener\">on a pu le lire<\/a>, que Xi sera invit\u00e9 au sommet \u00e0 Evian en juin, \u00e0 en croire deux diplomates europ\u00e9ens, mais le pr\u00e9sident fran\u00e7ais cherchera \u00e0 impliquer P\u00e9kin dans les discussions.\u00a0<\/p>\n<tr>\n<td style=\"text-align: center\"\/>\n<\/tr>\n<tr>\n<td align=\"center\"><a style=\"border: 0;margin: 0\" href=\"https:\/\/www.spiko.io\/fr\/spiko-euro?utm_source=Politico&amp;utm_medium=cpc&amp;utm_campaign=Paris-Playbook_Dec2025&amp;utm_term=J3Data&amp;utm_content=BannerBTF&amp;msg_pos=3\" target=\"_blank\" rel=\"noopener noreferrer\"><img fetchpriority=\"high\" decoding=\"async\" class=\"aligncenter\" style=\"max-width: 300px\" src=\"https:\/\/www.europesays.com\/fr\/wp-content\/uploads\/2025\/12\/Banner-Spkio_BTF.png\" alt=\"\" width=\"300\" height=\"250\"\/><\/a><\/td>\n<\/tr>\n<tr>\n<td\/>\n<\/tr>\n<p>AUSSI \u00c0 L\u2019AGENDA<\/p>\n<p><strong>Emmanuel Macron<\/strong> arrive \u00e0 10h10 (heure de Paris) en Chine. Il visite les jardins de Qianlong \u00e0 11 heures. <strong>Jean-No\u00ebl Barrot<\/strong>,<strong> Monique Barbut <\/strong>et<strong> Rachida Dati <\/strong>l\u2019accompagnent lors de ce voyage.\u00a0<\/p>\n<p><strong>S\u00e9bastien Lecornu<\/strong> rencontre le bureau du Medef dans la matin\u00e9e. Il s\u2019entretient avec <strong>Fr\u00e9d\u00e9ric Souillot<\/strong>,<strong> <\/strong>secr\u00e9taire g\u00e9n\u00e9ral de Force ouvri\u00e8re. Il \u00e9change avec <strong>Marine Le Pen <\/strong>et d\u2019autres repr\u00e9sentants du groupe RN \u00e0 l\u2019Assembl\u00e9e nationale. Le Premier ministre remet l\u2019insigne de chevalier de la L\u00e9gion d\u2019honneur \u00e0 <strong>S\u00e9bastien Windsor<\/strong>, pr\u00e9sident des Chambres d\u2019agriculture France.<\/p>\n<p><strong>Fran\u00e7oise Gatel <\/strong>organise une r\u00e9union sur le nouvel acte de d\u00e9centralisation, en pr\u00e9sence de parlementaires, repr\u00e9sentants des associations d\u2019\u00e9lus locaux, <strong>St\u00e9phanie Rist<\/strong> et <strong>Michel Fournier<\/strong>. <strong>St\u00e9phanie Rist <\/strong>se rend \u00e0 l\u2019h\u00f4pital de la Piti\u00e9Salp\u00eatri\u00e8re. <strong>Charlotte Parmentier-Lecocq <\/strong>se rend \u00e0 la c\u00e9r\u00e9monie d\u2019hommage aux victimes handicap\u00e9es de la Seconde Guerre mondiale.\u00a0<strong>Edouard Geffray <\/strong>s\u2019entretient avec<strong> Fr\u00e9d\u00e9ric Leturque<\/strong>,<strong> <\/strong>maire d\u2019Arras et <strong>Antoine Jouenne<\/strong>,<strong> <\/strong>adjoint au maire de Ch\u00e2tillon. <strong>Philippe Tabarot <\/strong>\u00e9change avec <strong>Paul-Henri Dubreuil<\/strong>, PDG du Groupe Dubreuil.<\/p>\n<p><strong>Mathieu Lef\u00e8vre <\/strong>s\u2019entretient avec les repr\u00e9sentants de la Conf\u00e9d\u00e9ration des petites et moyennes entreprises. <strong>Vincent Jeanbrun\u00a0<\/strong>assiste \u00e0 la c\u00e9r\u00e9monie de remise de la m\u00e9daille de la L\u00e9gion d\u2019honneur \u00e0<strong> St\u00e9phane Layani,<\/strong> pr\u00e9sident du march\u00e9 international de Rungis. <strong>Benjamin Haddad <\/strong>est \u00e0 Bruxelles pour la r\u00e9union des ministres des Affaires \u00e9trang\u00e8res des pays de l\u2019Otan.<\/p>\n<p><strong>Ya\u00ebl Braun-Pivet <\/strong>ouvre le colloque \u201cLe renseignement fran\u00e7ais face au d\u00e9sordre mondial\u201d, organis\u00e9 par la d\u00e9l\u00e9gation parlementaire au renseignement \u00e0 l\u2019h\u00f4tel de Lassay.<\/p>\n<p><strong>G\u00e9rard Larcher<\/strong> s\u2019entretient avec <strong>Amir Reza-Tofighi<\/strong>,<strong> <\/strong>pr\u00e9sident de la CPME.<\/p>\n<p><strong>Assembl\u00e9e nationale :<\/strong> \u00e0 14 heures et 21h30, en s\u00e9ance publique, questions au gouvernement puis suite de la nouvelle lecture du PLFSS.\u00a0<\/p>\n<p><strong>S\u00e9nat : <\/strong>en s\u00e9ance publique, discussion sur le projet de loi de finances de fin de gestion et sur la premi\u00e8re partie du projet de loi de finances.<\/p>\n<p>MATINALES<\/p>\n<p>7h15. <a href=\"https:\/\/www.france.tv\/france-2\/direct.html\" target=\"_blank\" rel=\"noopener\">France 2<\/a> : <strong>Jean-Michel Bertrand<\/strong>,<strong> <\/strong>photographe et cin\u00e9aste animalier sp\u00e9cialiste du loup.<\/p>\n<p>7h20. <a href=\"https:\/\/www.rfi.fr\/fr\/\" target=\"_blank\" rel=\"noopener\">RFI<\/a> : <strong>Louis Gallois<\/strong>, copr\u00e9sident de La Fabrique de l\u2019industrie.<\/p>\n<p>7h30.<strong> <\/strong><a href=\"https:\/\/www.publicsenat.fr\/direct\" target=\"_blank\" rel=\"noopener\">Public S\u00e9nat<\/a> : <strong>Emmanuel Capus<\/strong>,<strong> <\/strong>s\u00e9nateur Horizons de Maine-et-Loire.<\/p>\n<p>7h40.<strong> <\/strong><a href=\"https:\/\/www.tf1.fr\/tf1\/direct\" target=\"_blank\" rel=\"noopener\">TF1<\/a> : <strong>Laurent Wauquiez<\/strong>,<strong> <\/strong>pr\u00e9sident du groupe DR \u00e0 l\u2019Assembl\u00e9e nationale \u2026 <a href=\"https:\/\/www.rtl.fr\/direct\" target=\"_blank\" rel=\"noopener\">RTL<\/a> : <strong>Laure Pallez<\/strong>, sp\u00e9cialiste des relations sino-am\u00e9ricaines et directrice associ\u00e9e de Mascaret \u2026<strong> <\/strong><a href=\"https:\/\/rmc.bfmtv.com\/mediaplayer\/live-audio\/\" target=\"_blank\" rel=\"noopener\">RMC<\/a> : <strong>David Duhamel<\/strong>, \u00e9conomiste et enseignant \u00e0 Science Po Paris, auteur de Un monde sans enfant.\u00a0<\/p>\n<p>7h45. <a href=\"https:\/\/www.francetvinfo.fr\/en-direct\/tv.html\" target=\"_blank\" rel=\"noopener\">Franceinfo<\/a> : <strong>Cyrielle Chatelain<\/strong>, pr\u00e9sidente du groupe Ecologiste \u00e0 l\u2019Assembl\u00e9e nationale \u2026 <a href=\"https:\/\/www.radioj.fr\/\" target=\"_blank\" rel=\"noopener\">Radio J<\/a> : <strong>Patrick Haddad<\/strong>,<strong> <\/strong>maire PS de Sarcelles.<\/p>\n<p>7h50.<strong> <\/strong><a href=\"https:\/\/www.franceinter.fr\/\" target=\"_blank\" rel=\"noopener\">France Inter<\/a> : <strong>Am\u00e9lie de Montchalin<\/strong>,<strong> <\/strong>ministre de l\u2019Action et des Comptes publics.\u00a0<\/p>\n<p>8h00.<strong> <\/strong><a href=\"https:\/\/www.publicsenat.fr\/direct\" target=\"_blank\" rel=\"noopener\">Public S\u00e9nat<\/a> : <strong>Emmanuel Gr\u00e9goire<\/strong>, d\u00e9put\u00e9 PS de Paris et candidat \u00e0 la mairie de Paris.<\/p>\n<p>8h10. <a href=\"https:\/\/www.europe1.fr\/\" target=\"_blank\" rel=\"noopener\">Europe 1<\/a>\/<a href=\"https:\/\/www.cnews.fr\/le-direct\" target=\"_blank\" rel=\"noopener\">CNEWS<\/a> : <strong>Guillaume Kasbarian<\/strong>,<strong> <\/strong>d\u00e9put\u00e9 EPR d\u2019Eure-et-Loir \u2026 <a href=\"https:\/\/www.france.tv\/france-2\/direct.html\" target=\"_blank\" rel=\"noopener\">France 2<\/a> : <strong>Eric Ciotti<\/strong>, pr\u00e9sident de l\u2019UDR.<\/p>\n<p>8h15.<strong> <\/strong><a href=\"https:\/\/www.radioclassique.fr\/radio\/direct\/\" target=\"_blank\" rel=\"noopener\">Radio Classique<\/a> : <strong>Maria Melchior<\/strong>,<strong> <\/strong>\u00e9pid\u00e9miologiste \u2026 <a href=\"https:\/\/www.sudradio.fr\/\" target=\"_blank\" rel=\"noopener\">Sud Radio<\/a> : <strong>Bruno Retailleau<\/strong>, pr\u00e9sident des R\u00e9publicains.<\/p>\n<p>8h20.<strong> <\/strong><a href=\"https:\/\/www.franceinter.fr\/\" target=\"_blank\" rel=\"noopener\">France Inter<\/a> : <strong>Christian Sainte, <\/strong>directeur national de la police judiciaire et <strong>Amine Benyamina<\/strong>, psychiatre et addictologue, pr\u00e9sident de la f\u00e9d\u00e9ration fran\u00e7aise d\u2019addictologie.\u00a0<\/p>\n<p>8h30.<strong> <\/strong><a href=\"https:\/\/www.francetvinfo.fr\/en-direct\/tv.html\" target=\"_blank\" rel=\"noopener\">Franceinfo<\/a> : <strong>Xavier Bertrand<\/strong>, pr\u00e9sident LR du conseil r\u00e9gional des Hauts-de-France \u2026<strong> <\/strong><a href=\"https:\/\/www.bfmtv.com\/en-direct\/\" target=\"_blank\" rel=\"noopener\">BFMTV<\/a>\/<a href=\"https:\/\/rmc.bfmtv.com\/mediaplayer\/live-audio\/\" target=\"_blank\" rel=\"noopener\">RMC<\/a> : <strong>Maud Bregeon<\/strong>, porte-parole du gouvernement.<\/p>\n<p>CARNET<\/p>\n<p><strong>DANS NOS NEWSLETTERS PRO CE MATIN :<\/strong><\/p>\n<p><a href=\"https:\/\/www.politico.eu\/pro\/macron-and-co-en-chine\/\" target=\"_blank\" rel=\"noopener\"><strong>PARIS INFLUENCE<\/strong><\/a><strong> : <\/strong>Emmanuel Macron et sa vaste d\u00e9l\u00e9gation en qu\u00eate de r\u00e9ponses \u00e0 P\u00e9kin \u2026 Le SIG essaye de pousser la culture de l\u2019\u00e9valuation, et s\u2019appuie sur l\u2019OCDE \u2026 Le plan de Jean-Louis Thi\u00e9riot pour doper les stocks de munitions dans les usines fran\u00e7aises.<\/p>\n<p><a href=\"https:\/\/www.politico.eu\/pro\/datacenters-la-sobriete-est-decretee\/\" target=\"_blank\" rel=\"noopener\"><strong>TECH MATIN<\/strong><\/a><strong> : <\/strong>Les datacenters verts de rage contre le verdissement de leurs activit\u00e9s \u2026 Les applis de fertilit\u00e9 ne suivent pas les r\u00e8gles, selon la DGCCRF \u2026 Rachida Dati veut h\u00e2ter le d\u00e9bat budg\u00e9taire pour se pencher sur les Etats g\u00e9n\u00e9raux de l\u2019information (EGI).<\/p>\n<p><a href=\"https:\/\/www.politico.eu\/pro\/voyage-de-macron-en-chine-en-plus-des-lebrun-des-energeticiens\/\" target=\"_blank\" rel=\"noopener\"><strong>\u00c9NERGIE &amp; CLIMAT<\/strong><\/a><strong> : <\/strong>Emmanuel Macron en Chine, le secteur de l\u2019\u00e9nergie en s\u00e9jour d\u2019apprentissage \u2026 CEE : l\u2019administration cherche \u00e0 rassurer avant la fin de la cinqui\u00e8me p\u00e9riode \u2026 En attendant la PPE, Catherine MacGregor travaille ses projections \u2026 Dans sa consultation des parlementaires, S\u00e9bastien Lecornu boude les s\u00e9nateurs \u2026<\/p>\n<p><strong>DANS LE JORF.<\/strong> <strong>Xavier Pelletier <\/strong>a choisi de quitter son poste de directeur adjoint du cabinet de <strong>Laurent Nu\u00f1ez<\/strong>.<\/p>\n<p><strong>M\u00c9T\u00c9O.<\/strong> Les temp\u00e9ratures ne devraient pas d\u00e9passer les 9 \u00b0C \u00e0 Paris aujourd\u2019hui.<\/p>\n<p><strong>ANNIVERSAIRES :<\/strong> <strong>Jacques M\u00e9zard<\/strong>, membre du Conseil constitutionnel \u2026 <strong>Charles Sitzenstuhl<\/strong>, d\u00e9put\u00e9 EPR du Bas-Rhin \u2026 <strong>Nicolas Camut<\/strong>,<strong> <\/strong>reporter \u00e9nergie-climat chez<strong> <\/strong>POLITICO.<\/p>\n<p><strong>PLAYLIST.\u00a0<\/strong>Ga\u00ebl Faye, <a href=\"https:\/\/www.youtube.com\/watch?v=6OIQVbiY5J0\" target=\"_blank\" rel=\"noopener\">Chalouper<\/a>.<\/p>\n<p><strong>Un grand merci \u00e0<\/strong> <strong>: Clea Caulcutt, <\/strong>notre \u00e9diteur <strong>Matthieu Verrier, Kenza Pacenza<\/strong> pour la veille et <strong>Hugh Kapernaros<\/strong> pour la mise en ligne.\u00a0<\/p>\n<p><strong>**Un message de Spiko : <\/strong>Douce France \ud83c\udfb6 : Les bons du Tr\u00e9sor fran\u00e7ais cumulent tous les avantages pour faire fructifier de l&rsquo;\u00e9pargne ou de la tr\u00e9sorerie : ce sont les actifs les plus s\u00fbrs au monde, ils sont liquides et pr\u00e9sentent un rendement attractif. C\u2019est tentant&#8230; mais comment en acqu\u00e9rir ? R\u00e9ponse courte : <a href=\"https:\/\/www.spiko.io\/fr\/spiko-euro?utm_source=Politico&amp;utm_medium=cpc&amp;utm_campaign=Paris-Playbook_Dec2025&amp;utm_term=J3BTF&amp;utm_content=Texte2&amp;msg_pos=2\" target=\"_blank\" rel=\"noopener\">Spiko<\/a>. R\u00e9ponse longue : Spiko vous offre le moyen le plus simple de placer votre argent dans des bons du Tr\u00e9sor gr\u00e2ce \u00e0 ses fonds mon\u00e9taires. Z\u00e9ro frais de d\u00e9p\u00f4t, de retrait ou d\u2019abonnement, int\u00e9r\u00eats vers\u00e9s quotidiennement et cr\u00e9ation de compte en ligne en quelques clics. Nous misons sur la transparence : sans vous inscrire, vous pouvez voir en temps r\u00e9el le portefeuille de bons du Tr\u00e9sor fran\u00e7ais que nous avons s\u00e9lectionn\u00e9s et leur rendement sur les 31 derniers jours. Pour les curieux, <a href=\"https:\/\/www.spiko.io\/fr\/spiko-euro?utm_source=Politico&amp;utm_medium=cpc&amp;utm_campaign=Paris-Playbook_Dec2025&amp;utm_term=J3BTF&amp;utm_content=Texte2&amp;msg_pos=2\" target=\"_blank\" rel=\"noopener\">c\u2019est par ici<\/a>.<strong>**<\/strong><\/p>\n<p><strong>ABONNEZ-VOUS aux newsletters de POLITICO (en anglais):<\/strong> <a href=\"https:\/\/www.politico.eu\/brussels-playbook-registration\/\" target=\"_blank\" rel=\"noopener\">Brussels Playbook<\/a> | <a href=\"https:\/\/www.politico.eu\/london-playbook\/\" target=\"_blank\" rel=\"noopener\">London Playbook<\/a> | <a href=\"https:\/\/www.politico.eu\/london-playbook-pm\/\" target=\"_blank\" rel=\"noopener\">London Playbook PM<\/a> | <a href=\"https:\/\/www.politico.eu\/playbook-paris\/\" target=\"_blank\" rel=\"noopener\">Playbook Paris<\/a> | <a href=\"https:\/\/www.politico.eu\/berlin-playbook\/\" target=\"_blank\" rel=\"noopener\">Berlin Playbook<\/a> | <a href=\"https:\/\/www.politico.eu\/newsletter\/politico-confidential\/\" target=\"_blank\" rel=\"noopener\">POLITICO Confidential<\/a> | <a href=\"https:\/\/www.politico.eu\/newsletter\/sunday-crunch\/\" target=\"_blank\" rel=\"noopener\">Sunday Crunch<\/a> | <a href=\"https:\/\/www.politico.eu\/politico-eu-influence\/\" target=\"_blank\" rel=\"noopener\">EU Influence<\/a> | <a href=\"https:\/\/www.politico.eu\/london-influence\/\" target=\"_blank\" rel=\"noopener\">London Influence<\/a> | <a href=\"https:\/\/www.politico.eu\/newsletter\/berlin-bulletin\/\" target=\"_blank\" rel=\"noopener\">Berlin Bulletin<\/a> | <a href=\"https:\/\/www.politico.eu\/livingcities\/\" target=\"_blank\" rel=\"noopener\">Living Cities<\/a> | <a href=\"https:\/\/www.politico.com\/playbook\" target=\"_blank\" rel=\"noopener\">D.C. Playbook<\/a> | <a href=\"https:\/\/www.politico.com\/politicoinfluence\/\" target=\"_blank\" rel=\"noopener\"> D.C. Influence<\/a> | <a href=\"https:\/\/www.politico.eu\/why-go-pro\/\" target=\"_blank\" rel=\"noopener\">POLITICO Pro newsletters<\/a><\/p>\n","protected":false},"excerpt":{"rendered":"Pr\u00e9sent\u00e9 par Spiko Par SARAH PAILLOU Avec ANTHONY LATTIER TSAR DE TOUTES LES ROUERIES. Du Poutine dans toute&hellip;\n","protected":false},"author":2,"featured_media":31193,"comment_status":"","ping_status":"","sticky":false,"template":"","format":"standard","meta":{"footnotes":""},"categories":[1888],"tags":[1111,1928,11,1927,1777,674,1011,27,12,1926,626,1925,25],"class_list":{"0":"post-575516","1":"post","2":"type-post","3":"status-publish","4":"format-standard","5":"has-post-thumbnail","7":"category-paris","8":"tag-actu","9":"tag-actu-paris","10":"tag-actualites","11":"tag-actualites-paris","12":"tag-eu","13":"tag-europe","14":"tag-fr","15":"tag-france","16":"tag-news","17":"tag-news-paris","18":"tag-paris","19":"tag-paris-news","20":"tag-republique-francaise"},"share_on_mastodon":{"url":"https:\/\/pubeurope.com\/@fr\/115656088224328670","error":""},"_links":{"self":[{"href":"https:\/\/www.europesays.com\/fr\/wp-json\/wp\/v2\/posts\/575516","targetHints":{"allow":["GET"]}}],"collection":[{"href":"https:\/\/www.europesays.com\/fr\/wp-json\/wp\/v2\/posts"}],"about":[{"href":"https:\/\/www.europesays.com\/fr\/wp-json\/wp\/v2\/types\/post"}],"author":[{"embeddable":true,"href":"https:\/\/www.europesays.com\/fr\/wp-json\/wp\/v2\/users\/2"}],"replies":[{"embeddable":true,"href":"https:\/\/www.europesays.com\/fr\/wp-json\/wp\/v2\/comments?post=575516"}],"version-history":[{"count":0,"href":"https:\/\/www.europesays.com\/fr\/wp-json\/wp\/v2\/posts\/575516\/revisions"}],"wp:featuredmedia":[{"embeddable":true,"href":"https:\/\/www.europesays.com\/fr\/wp-json\/wp\/v2\/media\/31193"}],"wp:attachment":[{"href":"https:\/\/www.europesays.com\/fr\/wp-json\/wp\/v2\/media?parent=575516"}],"wp:term":[{"taxonomy":"category","embeddable":true,"href":"https:\/\/www.europesays.com\/fr\/wp-json\/wp\/v2\/categories?post=575516"},{"taxonomy":"post_tag","embeddable":true,"href":"https:\/\/www.europesays.com\/fr\/wp-json\/wp\/v2\/tags?post=575516"}],"curies":[{"name":"wp","href":"https:\/\/api.w.org\/{rel}","templated":true}]}}