{"id":575529,"date":"2025-12-03T14:29:15","date_gmt":"2025-12-03T14:29:15","guid":{"rendered":"https:\/\/www.europesays.com\/fr\/575529\/"},"modified":"2025-12-03T14:29:15","modified_gmt":"2025-12-03T14:29:15","slug":"le-parc-asterix-simplantera-en-allemagne-dans-les-cinq-prochaines-annees","status":"publish","type":"post","link":"https:\/\/www.europesays.com\/fr\/575529\/","title":{"rendered":"Le Parc Ast\u00e9rix s\u2019implantera en Allemagne dans les cinq prochaines ann\u00e9es"},"content":{"rendered":"<p class=\"chapo\">Le groupe Compagnie des Alpes pr\u00e9voit d\u2019ouvrir un nouveau Parc Ast\u00e9rix en Allemagne dans les cinq prochaines ann\u00e9es. Cette expansion marque une \u00e9tape importante pour la franchise fran\u00e7aise, d\u00e9j\u00e0 populaire gr\u00e2ce \u00e0 son parc historique pr\u00e8s de Paris.<\/p>\n<p>Tl;dr<\/p>\n<ul>\n<li>Parc Ast\u00e9rix ouvrira en Allemagne d\u2019ici 2031.<\/li>\n<li>Premi\u00e8re zone Id\u00e9fix d\u00e8s 2026 \u00e0 Belantis.<\/li>\n<li>L\u2019Allemagne, second march\u00e9 BD et parcs de loisirs.<\/li>\n<\/ul>\n<p>Un nouveau chapitre pour Ast\u00e9rix outre-Rhin<\/p>\n<p>Il fallait s\u2019y attendre : apr\u00e8s des ann\u00e9es de succ\u00e8s en France, le <strong>Parc Ast\u00e9rix<\/strong> pr\u00e9pare une premi\u00e8re aventure internationale. La nouvelle est tomb\u00e9e mardi, port\u00e9e par la Compagnie des Alpes : le parc allemand Belantis, acquis en avril dernier, entamera sa m\u00e9tamorphose pour devenir le tout premier Parc Ast\u00e9rix hors de l\u2019Hexagone.<\/p>\n<p>Ce changement sera progressif, mais un premier jalon a d\u00e9j\u00e0 \u00e9t\u00e9 fix\u00e9 : une zone enti\u00e8rement consacr\u00e9e \u00e0 <strong>Id\u00e9fix<\/strong>, le fid\u00e8le chien d\u2019Ob\u00e9lix, ouvrira ses portes au printemps 2026.<\/p>\n<p>L\u2019Allemagne, terre promise pour les irr\u00e9ductibles Gaulois<\/p>\n<p>Pourquoi ce choix ? L\u2019explication tient en partie \u00e0 la passion des Allemands pour les <strong>bandes dessin\u00e9es Ast\u00e9rix<\/strong>. L\u2019Allemagne se positionne comme deuxi\u00e8me march\u00e9 mondial pour les ventes d\u2019albums <a href=\"https:\/\/www.24matins.fr\/le-parc-asterix-celebre-ses-35-ans-en-offrant-la-gratuite-aux-porteurs-de-certains-prenoms-1377289\" target=\"_blank\" rel=\"noopener\">du c\u00e9l\u00e8bre Gaulois,<\/a> juste derri\u00e8re la France.<\/p>\n<p>L\u00e0-bas, si Ast\u00e9rix et ses compagnons conservent leurs noms originaux, certains personnages b\u00e9n\u00e9ficient d\u2019appellations locales : le chef Abraracourcix devient Majestix, Panoramix se transforme en Miraculix\u2026 Une adaptation linguistique qui n\u2019a jamais frein\u00e9 l\u2019engouement du public.<\/p>\n<p>Des atouts strat\u00e9giques ind\u00e9niables<\/p>\n<p>Mais l\u2019\u00e9quation ne s\u2019arr\u00eate pas l\u00e0. Outre l\u2019affection pour la bande dessin\u00e9e, l\u2019Allemagne repr\u00e9sente le deuxi\u00e8me march\u00e9 europ\u00e9en des <strong>parcs de loisirs<\/strong>. Le site choisi ne doit rien au hasard : selon la Compagnie des Alpes, le parc Belantis, situ\u00e9 pr\u00e8s de Leipzig avec un acc\u00e8s direct \u00e0 l\u2019autoroute et une proximit\u00e9 notable avec Dresde et Berlin, dispose de solides avantages comp\u00e9titifs.<\/p>\n<p>Sa superficie impressionnante \u2013 plus de 80 hectares enti\u00e8rement d\u00e9tenus par le groupe, dont 41 hectares r\u00e9serv\u00e9s pour de futures extensions \u2013 offre de belles perspectives. L\u2019objectif affich\u00e9\u2009? Accueillir jusqu\u2019\u00e0 900\u202f000 visiteurs par an une fois la transformation achev\u00e9e.<\/p>\n<p>L\u2019ambition europ\u00e9enne du Parc Ast\u00e9rix<\/p>\n<p>En toile de fond, il y a aussi les ambitions grandissantes du Parc Ast\u00e9rix sur la sc\u00e8ne europ\u00e9enne. Ouvert depuis 1989 en France, il vise d\u00e9sormais le top 5 continental gr\u00e2ce \u00e0 un plan d\u2019investissement cons\u00e9quent (250 millions d\u2019euros pr\u00e9vus d\u2019ici 2030). D\u00e9j\u00e0 troisi\u00e8me parc fran\u00e7ais derri\u00e8re Disneyland Paris et le Puy du Fou avec pr\u00e8s de 2,9 millions de visiteurs lors de la saison \u00e9coul\u00e9e, il occupe aujourd\u2019hui la huiti\u00e8me place europ\u00e9enne.<\/p>\n<p>Avec cette expansion allemande et l\u2019ouverture annonc\u00e9e de nouvelles attractions \u2013 dont la zone Id\u00e9fix \u2013 la saga des irr\u00e9ductibles semble bien partie pour conqu\u00e9rir de nouveaux territoires.<\/p>\n","protected":false},"excerpt":{"rendered":"Le groupe Compagnie des Alpes pr\u00e9voit d\u2019ouvrir un nouveau Parc Ast\u00e9rix en Allemagne dans les cinq prochaines ann\u00e9es.&hellip;\n","protected":false},"author":2,"featured_media":575530,"comment_status":"","ping_status":"","sticky":false,"template":"","format":"standard","meta":{"footnotes":""},"categories":[1587],"tags":[11,672,1804,1805,1803,1777,674,1801,12,1802],"class_list":{"0":"post-575529","1":"post","2":"type-post","3":"status-publish","4":"format-standard","5":"has-post-thumbnail","7":"category-allemagne","8":"tag-actualites","9":"tag-allemagne","10":"tag-bundesrepublik-deutschland","11":"tag-de","12":"tag-deutschland","13":"tag-eu","14":"tag-europe","15":"tag-germany","16":"tag-news","17":"tag-republique-federale-dallemagne"},"share_on_mastodon":{"url":"https:\/\/pubeurope.com\/@fr\/115656115148004407","error":""},"_links":{"self":[{"href":"https:\/\/www.europesays.com\/fr\/wp-json\/wp\/v2\/posts\/575529","targetHints":{"allow":["GET"]}}],"collection":[{"href":"https:\/\/www.europesays.com\/fr\/wp-json\/wp\/v2\/posts"}],"about":[{"href":"https:\/\/www.europesays.com\/fr\/wp-json\/wp\/v2\/types\/post"}],"author":[{"embeddable":true,"href":"https:\/\/www.europesays.com\/fr\/wp-json\/wp\/v2\/users\/2"}],"replies":[{"embeddable":true,"href":"https:\/\/www.europesays.com\/fr\/wp-json\/wp\/v2\/comments?post=575529"}],"version-history":[{"count":0,"href":"https:\/\/www.europesays.com\/fr\/wp-json\/wp\/v2\/posts\/575529\/revisions"}],"wp:featuredmedia":[{"embeddable":true,"href":"https:\/\/www.europesays.com\/fr\/wp-json\/wp\/v2\/media\/575530"}],"wp:attachment":[{"href":"https:\/\/www.europesays.com\/fr\/wp-json\/wp\/v2\/media?parent=575529"}],"wp:term":[{"taxonomy":"category","embeddable":true,"href":"https:\/\/www.europesays.com\/fr\/wp-json\/wp\/v2\/categories?post=575529"},{"taxonomy":"post_tag","embeddable":true,"href":"https:\/\/www.europesays.com\/fr\/wp-json\/wp\/v2\/tags?post=575529"}],"curies":[{"name":"wp","href":"https:\/\/api.w.org\/{rel}","templated":true}]}}