{"id":575531,"date":"2025-12-03T14:30:26","date_gmt":"2025-12-03T14:30:26","guid":{"rendered":"https:\/\/www.europesays.com\/fr\/575531\/"},"modified":"2025-12-03T14:30:26","modified_gmt":"2025-12-03T14:30:26","slug":"comment-le-triangle-entre-friedrich-merz-ursula-von-der-leyen-et-manfred-weber-rebat-les-cartes-en-europe","status":"publish","type":"post","link":"https:\/\/www.europesays.com\/fr\/575531\/","title":{"rendered":"Comment le triangle entre Friedrich Merz, Ursula von\u00a0der\u00a0Leyen et Manfred Weber rebat les cartes en Europe"},"content":{"rendered":"<p>\n    <strong>D\u00c9CRYPTAGE &#8211;<\/strong> Rivaux historiques de la CDU-CSU allemande, le chancelier, la pr\u00e9sidente de la Commission et le patron du PPE, premier parti europ\u00e9en, impriment leur marque sur l\u2019agenda europ\u00e9en. Quitte \u00e0 s\u2019appuyer sur l\u2019extr\u00eame droite pour d\u00e9tricoter le pacte vert.<\/p>\n<p class=\"fig-paragraph\">Friedrich Merz a \u00e9crit en fin de semaine derni\u00e8re une lettre \u00e0 Ursula von\u00a0der\u00a0Leyen pour la presser d\u2019assouplir la r\u00e9glementation sur\u00a0<a href=\"http:\/\/www.lefigaro.fr\/flash-eco\/automobile-la-commission-pourrait-revoir-l-interdiction-des-moteurs-thermiques-en-2035-d-apres-stephane-sejourne-20251126\" data-fig-type=\"NewsFlash\" data-gtm-custom-categorie=\"navigation\" data-gtm-custom-action=\"crossclick\" data-gtm-custom-label=\"Contextuel\" data-gtm-event=\"customEventSPE\" data-fig-domain=\"LEFIGARO\" target=\"_blank\" rel=\"noopener\">l\u2019interdiction du moteur thermique<\/a>\u00a0automobile en 2035. La Commission europ\u00e9enne s\u2019appr\u00eate \u00e0 revoir sa copie dans ce sens tr\u00e8s bient\u00f4t, en introduisant des exemptions, notamment pour les hybrides rechargeables. Au Parlement europ\u00e9en, Manfred Weber, le tout-puissant patron du Parti populaire europ\u00e9en (PPE), est pr\u00eat \u00e0 d\u00e9manteler cette mesure embl\u00e9matique du \u00ab\u00a0<a href=\"http:\/\/www.lefigaro.fr\/conjoncture\/competitivite-ou-climat-bataille-sur-l-avenir-du-pacte-vert-europeen-20241204\" data-fig-type=\"Article\" data-gtm-custom-categorie=\"navigation\" data-gtm-custom-action=\"crossclick\" data-gtm-custom-label=\"Contextuel\" data-gtm-event=\"customEventSPE\" data-fig-domain=\"LEFIGARO\" target=\"_blank\" rel=\"noopener\">pacte vert\u00a0\u00bb<\/a>, pi\u00e8ce ma\u00eetresse du premier mandat de von der Leyen \u00e0 Bruxelles, qu\u2019il n\u2019avait pas r\u00e9ussi \u00e0 bloquer lors de son adoption, en 2022. Cette fois, il pourra s\u2019appuyer au besoin sur les voix de l\u2019extr\u00eame droite, comme cela vient de se produire \u00e0 deux reprises lors de votes r\u00e9cents.<\/p>\n<p class=\"fig-paragraph\">Merz, von der Leyen et Weber\u00a0: cet improbable triangle de rivaux historiques de la politique allemande, d\u00e9sormais unis par pragmatisme, imprime de plus en plus sa marque sur la marche de l\u2019Union europ\u00e9enne\u2026<\/p>\n<p class=\"fig-premium-paywall__infos\">\n        Cet article est r\u00e9serv\u00e9 aux abonn\u00e9s.        Il vous reste 91% \u00e0 d\u00e9couvrir.\n    <\/p>\n<p>                <img  data- alt=\"Le Figaro\" class=\"fig-img--complete fig-img\"\/><\/p>\n<p class=\"fig-premium-paywall__title\">Vous avez envie de lire la suite ?<\/p>\n<p class=\"fig-premium-paywall__subtitle\">D\u00e9bloquez tous les articles imm\u00e9diatement.<\/p>\n<p class=\"fig-premium-paywall__connect\">\n                D\u00e9j\u00e0 abonn\u00e9\u00a0?                <a class=\"fig-premium-paywall__connect-link\" href=\"https:\/\/connect.lefigaro.fr\/login?client=horizon_web&amp;type=main&amp;redirect_uri=https%3A%2F%2Fwww.lefigaro.fr%2Finternational%2Fcomment-le-triangle-entre-friedrich-merz-ursula-von-der-leyen-et-manfred-weber-rebat-les-cartes-en-europe-20251203\" data-js-gtm=\"{&quot;customCategorie&quot;: &quot;conversion&quot;, &quot;customAction&quot;: &quot;before_Landing_Connexion_paywall_auto&quot;, &quot;customLabel&quot;: &quot;bGVmaWdhcm8uZnJfXzFmMGNmOTE1LWFlNDAtNjU1ZS1iNzkzLTQzNDhkYzhiNzc0NF9fQXJ0aWNsZQ==_Comment le triangle entre Friedrich Merz, Ursula von\u00a0der\u00a0Leyen et Manfred Weber rebat les cartes en Europe_211&quot;, &quot;customIDSPE&quot;: &quot;bGVmaWdhcm8uZnJfXzFmMGNmOTE1LWFlNDAtNjU1ZS1iNzkzLTQzNDhkYzhiNzc0NF9fQXJ0aWNsZQ==&quot;, &quot;event&quot;: &quot;customEventSPE&quot;}\" target=\"_blank\" rel=\"noopener\"><br \/>\n                    Connectez-vous<br \/>\n                <\/a>\n            <\/p>\n","protected":false},"excerpt":{"rendered":"D\u00c9CRYPTAGE &#8211; Rivaux historiques de la CDU-CSU allemande, le chancelier, la pr\u00e9sidente de la Commission et le patron&hellip;\n","protected":false},"author":2,"featured_media":575532,"comment_status":"","ping_status":"","sticky":false,"template":"","format":"standard","meta":{"footnotes":""},"categories":[1586],"tags":[11,1777,674,1011,27,4710,49459,12,25,2544],"class_list":{"0":"post-575531","1":"post","2":"type-post","3":"status-publish","4":"format-standard","5":"has-post-thumbnail","7":"category-europe","8":"tag-actualites","9":"tag-eu","10":"tag-europe","11":"tag-fr","12":"tag-france","13":"tag-friedrich-merz","14":"tag-manfred-weber","15":"tag-news","16":"tag-republique-francaise","17":"tag-ursula-von-der-leyen"},"share_on_mastodon":{"url":"https:\/\/pubeurope.com\/@fr\/115656119083098700","error":""},"_links":{"self":[{"href":"https:\/\/www.europesays.com\/fr\/wp-json\/wp\/v2\/posts\/575531","targetHints":{"allow":["GET"]}}],"collection":[{"href":"https:\/\/www.europesays.com\/fr\/wp-json\/wp\/v2\/posts"}],"about":[{"href":"https:\/\/www.europesays.com\/fr\/wp-json\/wp\/v2\/types\/post"}],"author":[{"embeddable":true,"href":"https:\/\/www.europesays.com\/fr\/wp-json\/wp\/v2\/users\/2"}],"replies":[{"embeddable":true,"href":"https:\/\/www.europesays.com\/fr\/wp-json\/wp\/v2\/comments?post=575531"}],"version-history":[{"count":0,"href":"https:\/\/www.europesays.com\/fr\/wp-json\/wp\/v2\/posts\/575531\/revisions"}],"wp:featuredmedia":[{"embeddable":true,"href":"https:\/\/www.europesays.com\/fr\/wp-json\/wp\/v2\/media\/575532"}],"wp:attachment":[{"href":"https:\/\/www.europesays.com\/fr\/wp-json\/wp\/v2\/media?parent=575531"}],"wp:term":[{"taxonomy":"category","embeddable":true,"href":"https:\/\/www.europesays.com\/fr\/wp-json\/wp\/v2\/categories?post=575531"},{"taxonomy":"post_tag","embeddable":true,"href":"https:\/\/www.europesays.com\/fr\/wp-json\/wp\/v2\/tags?post=575531"}],"curies":[{"name":"wp","href":"https:\/\/api.w.org\/{rel}","templated":true}]}}