{"id":575537,"date":"2025-12-03T14:33:15","date_gmt":"2025-12-03T14:33:15","guid":{"rendered":"https:\/\/www.europesays.com\/fr\/575537\/"},"modified":"2025-12-03T14:33:15","modified_gmt":"2025-12-03T14:33:15","slug":"trois-jeunes-se-tuent-dans-un-accident-de-la-route-a-ales-du-protoxyde-dazote-retrouve-dans-la-voiture","status":"publish","type":"post","link":"https:\/\/www.europesays.com\/fr\/575537\/","title":{"rendered":"Trois jeunes se tuent dans un accident de la route \u00e0 Al\u00e8s, du protoxyde d\u2019azote retrouv\u00e9 dans la voiture"},"content":{"rendered":"<p>Trois jeunes \u00e2g\u00e9s de 14, 15 et 19 ans sont \u00ab\u00a0morts noy\u00e9s\u00a0\u00bb apr\u00e8s que leur voiture a rat\u00e9 un virage et fini sa course dans la piscine d\u2019un pavillon mercredi \u00e0 <a href=\"https:\/\/www.20minutes.fr\/dossier\/ales\" class=\"c-link c-link--is-underlined\" target=\"_blank\" rel=\"noopener\">Al\u00e8s <\/a>(Gard), a-t-on appris aupr\u00e8s du procureur de la ville.<\/p>\n<p>\u00ab\u00a0Vers deux heures du matin, une voiture avec trois jeunes gar\u00e7ons \u00e0 bord a rat\u00e9 son virage et percut\u00e9 le muret d\u2019un pavillon o\u00f9 il y a une piscine. La voiture a d\u00e9fonc\u00e9 le muret, s\u2019est retourn\u00e9e et est tomb\u00e9e \u00e0 l\u2019int\u00e9rieur de la piscine, sur le toit, les quatre roues en l\u2019air\u00a0\u00bb, a expliqu\u00e9 le procureur d\u2019Al\u00e8s \u00e0 l\u2019AFP, Abdelkrim Grini.<\/p>\n<p>Deux mineurs et un majeur d\u00e9c\u00e9d\u00e9s<\/p>\n<p>\u00ab\u00a0Les trois personnes \u00e0 bord, \u00e2g\u00e9es de 14, 15 et 19 ans, sont d\u00e9c\u00e9d\u00e9es, a priori par noyade\u00a0\u00bb, a ajout\u00e9 Abdelkrim Grini, qui a ordonn\u00e9 une enqu\u00eate pour \u00ab\u00a0recherche de la cause de la mort\u00a0\u00bb, ainsi qu\u2019une autopsie. Selon <a href=\"https:\/\/www.leparisien.fr\/faits-divers\/gard-trois-morts-dans-un-accident-de-la-route-le-conducteur-age-de-14-ans-etait-sous-protoxyde-dazote-03-12-2025-FP4SLQSXPJFAPA5IEK7HZKOIWE.php?ts=1764760745990\" target=\"_blank\" class=\"c-link c-link--is-underlined\" rel=\"noopener\">Le Parisien<\/a>, le majeur de 19 ans est connu des services de police et de justice pour trafic de <a href=\"https:\/\/www.20minutes.fr\/faits_divers\/4188993-20251201-marseille-roulait-138-km-h-vtt-livreur-drogue-arrete\" class=\"c-link c-link--is-underlined\" target=\"_blank\" rel=\"noopener\">stup\u00e9fiants<\/a>. C\u2019est le propri\u00e9taire du pavillon, un boulanger, qui a appel\u00e9 les secours en constatant la pr\u00e9sence du v\u00e9hicule en rentrant chez lui vers six heures du matin, selon le procureur, qui s\u2019est rendu sur les lieux.<\/p>\n<\/p>\n<p>\u00ab\u00a0Ils n\u2019avaient aucune chance\u00a0\u00bb<\/p>\n<p>Les pompiers ont eu beaucoup de mal \u00e0 acc\u00e9der aux passagers de la voiture, la voiture \u00e9tant pratiquement \u00ab\u00a0embo\u00eet\u00e9e\u00a0\u00bb dans la piscine, a-t-il ajout\u00e9. \u00ab\u00a0C\u2019est vraiment le comble de l\u2019horreur. C\u2019\u00e9tait impossible pour les passagers d\u2019ouvrir les portes. Ce n\u2019est pas le choc de l\u2019accident qui les a tu\u00e9s. Ils se sont retrouv\u00e9s la t\u00eate retourn\u00e9e, dans de l\u2019eau glac\u00e9e, incapables de sortir. Ils n\u2019avaient aucune chance\u00a0\u00bb, a estim\u00e9 Abdelkrim Grini, pour qui cet \u00ab\u00a0accident\u00a0\u00bb rel\u00e8ve d\u2019un \u00ab\u00a0concours de circonstances invraisemblable\u00a0\u00bb.<\/p>\n<p><a href=\"https:\/\/www.20minutes.fr\/dossier\/ales\" class=\"c-link c-btn c-btn--primary\" target=\"_blank\" rel=\"noopener\">Les articles sur Al\u00e8s<\/a><\/p>\n<p>Les trois corps ont \u00e9t\u00e9 emmen\u00e9s \u00e0 l\u2019institut m\u00e9dico-l\u00e9gal de N\u00eemes pour y \u00eatre autopsi\u00e9s. L\u2019enqu\u00eate a \u00e9t\u00e9 confi\u00e9e au commissariat de la police nationale \u00e0 Al\u00e8s.<\/p>\n","protected":false},"excerpt":{"rendered":"Trois jeunes \u00e2g\u00e9s de 14, 15 et 19 ans sont \u00ab\u00a0morts noy\u00e9s\u00a0\u00bb apr\u00e8s que leur voiture a rat\u00e9&hellip;\n","protected":false},"author":2,"featured_media":575538,"comment_status":"","ping_status":"","sticky":false,"template":"","format":"standard","meta":{"footnotes":""},"categories":[2],"tags":[4376,47,11,2678,1052,118,1011,27,1123,12,63867,25],"class_list":{"0":"post-575537","1":"post","2":"type-post","3":"status-publish","4":"format-standard","5":"has-post-thumbnail","7":"category-actualites","8":"tag-accident-de-la-route","9":"tag-actualite","10":"tag-actualites","11":"tag-ales","12":"tag-drogue","13":"tag-faits-divers","14":"tag-fr","15":"tag-france","16":"tag-mineur","17":"tag-news","18":"tag-protoxyde-dazote","19":"tag-republique-francaise"},"share_on_mastodon":{"url":"https:\/\/pubeurope.com\/@fr\/115656130842092646","error":""},"_links":{"self":[{"href":"https:\/\/www.europesays.com\/fr\/wp-json\/wp\/v2\/posts\/575537","targetHints":{"allow":["GET"]}}],"collection":[{"href":"https:\/\/www.europesays.com\/fr\/wp-json\/wp\/v2\/posts"}],"about":[{"href":"https:\/\/www.europesays.com\/fr\/wp-json\/wp\/v2\/types\/post"}],"author":[{"embeddable":true,"href":"https:\/\/www.europesays.com\/fr\/wp-json\/wp\/v2\/users\/2"}],"replies":[{"embeddable":true,"href":"https:\/\/www.europesays.com\/fr\/wp-json\/wp\/v2\/comments?post=575537"}],"version-history":[{"count":0,"href":"https:\/\/www.europesays.com\/fr\/wp-json\/wp\/v2\/posts\/575537\/revisions"}],"wp:featuredmedia":[{"embeddable":true,"href":"https:\/\/www.europesays.com\/fr\/wp-json\/wp\/v2\/media\/575538"}],"wp:attachment":[{"href":"https:\/\/www.europesays.com\/fr\/wp-json\/wp\/v2\/media?parent=575537"}],"wp:term":[{"taxonomy":"category","embeddable":true,"href":"https:\/\/www.europesays.com\/fr\/wp-json\/wp\/v2\/categories?post=575537"},{"taxonomy":"post_tag","embeddable":true,"href":"https:\/\/www.europesays.com\/fr\/wp-json\/wp\/v2\/tags?post=575537"}],"curies":[{"name":"wp","href":"https:\/\/api.w.org\/{rel}","templated":true}]}}