{"id":575543,"date":"2025-12-03T14:37:21","date_gmt":"2025-12-03T14:37:21","guid":{"rendered":"https:\/\/www.europesays.com\/fr\/575543\/"},"modified":"2025-12-03T14:37:21","modified_gmt":"2025-12-03T14:37:21","slug":"incivilites-a-lusap-une-premiere-table-ronde-pour-tirer-les-lecons-dune-saison-sous-tension","status":"publish","type":"post","link":"https:\/\/www.europesays.com\/fr\/575543\/","title":{"rendered":"Incivilit\u00e9s \u00e0 l\u2019USAP\u00a0: une premi\u00e8re table ronde pour tirer les le\u00e7ons d\u2019une saison sous tension"},"content":{"rendered":"<p>\n                                                                Ce mardi 2\u00a0d\u00e9cembre au soir, \u00e0 Aim\u00e9-Giral, l\u2019USAP et le D\u00e9partement ont r\u00e9uni dirigeants, institutions, forces de l\u2019ordre et supporters pour une premi\u00e8re table ronde consacr\u00e9e aux incivilit\u00e9s.\n                            <\/p>\n<p>Plus jamais. En d\u00e9but de soir\u00e9e, ce mardi 2\u00a0d\u00e9cembre, au salon Prestige du stade Aim\u00e9-Giral, l\u2019USAP et le D\u00e9partement ont r\u00e9uni supporters, dirigeants, institutions sportives et forces de l\u2019ordre pour une premi\u00e8re table ronde consacr\u00e9e aux incivilit\u00e9s dans les stades. Un th\u00e8me d\u2019actualit\u00e9\u00a0pour le club catalan, quelques mois apr\u00e8s les d\u00e9bordements survenus \u00e0 l\u2019issue du barrage remport\u00e9 \u00e0 Grenoble le 14\u00a0juin dernier. Ce soir-l\u00e0, une violente bagarre avait \u00e9clat\u00e9 sur la pelouse entre supporters des deux camps, n\u00e9cessitant l\u2019intervention des forces de l\u2019ordre. Des faits qui avaient co\u00fbt\u00e9 cher au club, sanctionn\u00e9, entre autres, \u00e0 50\u00a0000\u00a0\u20ac d\u2019amende.<\/p>\n<p class=\"std-elt__inline\">\n        <strong>\u00c0 lire aussi :<\/strong><br \/>\n        <a href=\"https:\/\/www.lindependant.fr\/2025\/10\/01\/top-14-deux-matches-de-suspension-de-terrain-dont-un-avec-sursis-50-000-eur-damende-lusap-fixee-apres-les-debordements-contre-le-racing-92-12964822.php\" target=\"_blank\" rel=\"noopener\">Top 14\u00a0: deux matches de suspension de terrain dont un avec sursis, 50\u00a0000\u00a0\u20ac d\u2019amende\u2026 l\u2019USAP fix\u00e9e apr\u00e8s les d\u00e9bordements contre le Racing 92<\/a>\n    <\/p>\n<p>\u00ab\u00a0\u00c7a ne peut plus durer\u00a0\u00bb<\/p>\n<p>\u00ab\u00a0Un signal d\u2019alarme\u00a0\u00bb, a r\u00e9sum\u00e9 le directeur g\u00e9n\u00e9ral du club, Bruno Rolland, en d\u00e9but de s\u00e9ance aux c\u00f4t\u00e9s d\u2019Hermeline Malherbe. Pour l\u2019occasion, le secr\u00e9taire g\u00e9n\u00e9ral de la FFR, Sylvain Deroeux, a fait le d\u00e9placement. Et pos\u00e9 le constat.\u00a0\u00ab\u00a0En cinq ans, les dossiers disciplinaires ont tripl\u00e9 dans le rugby fran\u00e7ais. La violence se d\u00e9place, se transforme. Entre supporters, entre joueurs et arbitres, entre dirigeants, avant et apr\u00e8s les matchs, aliment\u00e9e par les r\u00e9seaux sociaux. \u00c7a ne peut plus durer.\u00a0\u00bb<\/p>\n<p>        <img decoding=\"async\" class=\"std-img__img responsive-img\" src=\"https:\/\/www.europesays.com\/fr\/wp-content\/uploads\/2025\/12\/1764772640_254_image.jpg\" alt=\"Ce mardi 2\u00a0d\u00e9cembre au soir, \u00e0 Aim\u00e9-Giral, l\u2019USAP et le D\u00e9partement ont r\u00e9uni dirigeants, institutions, forces de l\u2019ordre et supporters pour une premi\u00e8re table ronde consacr\u00e9e aux incivilit\u00e9s.\"\/><\/p>\n<p>                Ce mardi 2\u00a0d\u00e9cembre au soir, \u00e0 Aim\u00e9-Giral, l\u2019USAP et le D\u00e9partement ont r\u00e9uni dirigeants, institutions, forces de l\u2019ordre et supporters pour une premi\u00e8re table ronde consacr\u00e9e aux incivilit\u00e9s.<br \/>\n                                    L&rsquo;Ind\u00e9pendant &#8211; Nicolas Parent<\/p>\n<p>Autour des repr\u00e9sentants des penyes, des clubs amateurs et des cadettes, les intervenants ont \u00e9galement d\u00e9taill\u00e9 les cons\u00e9quences juridiques, parfois p\u00e9nales, des d\u00e9bordements en tribunes. L\u2019impact de l\u2019alcool, aussi, ainsi que les mesures prises par le club \u00e0 l\u2019image des\u00a0restrictions au pesage.<\/p>\n<p>Alexandre Raynal et Fatima Fournier du comit\u00e9 sport du D\u00e9partement ont\u00a0rappel\u00e9 que cette soir\u00e9e s\u2019inscrit dans un travail plus large men\u00e9 avec les clubs professionnels\u00a0: \u00ab\u00a0L\u2019objectif est de prendre conscience du co\u00fbt de ces comportements, pour l\u2019USAP comme pour les supporters eux-m\u00eames\u00a0\u00bb.<\/p>\n<p>Cette premi\u00e8re table ronde sera suivie d\u2019autres rendez-vous, dont une journ\u00e9e d\u00e9di\u00e9e aux jeunes le 17\u00a0d\u00e9cembre.<\/p>\n","protected":false},"excerpt":{"rendered":"Ce mardi 2\u00a0d\u00e9cembre au soir, \u00e0 Aim\u00e9-Giral, l\u2019USAP et le D\u00e9partement ont r\u00e9uni dirigeants, institutions, forces de l\u2019ordre&hellip;\n","protected":false},"author":2,"featured_media":575544,"comment_status":"","ping_status":"","sticky":false,"template":"","format":"standard","meta":{"footnotes":""},"categories":[1416],"tags":[1011,27,3464,11548,479,1468,68796,517,60,14988],"class_list":{"0":"post-575543","1":"post","2":"type-post","3":"status-publish","4":"format-standard","5":"has-post-thumbnail","7":"category-rugby","8":"tag-fr","9":"tag-france","10":"tag-perpignan","11":"tag-pyrenees-orientales","12":"tag-rugby","13":"tag-rugby-football","14":"tag-rugby-u00e0-xv","15":"tag-sport","16":"tag-sports","17":"tag-usap"},"share_on_mastodon":{"url":"https:\/\/pubeurope.com\/@fr\/115656147419287936","error":""},"_links":{"self":[{"href":"https:\/\/www.europesays.com\/fr\/wp-json\/wp\/v2\/posts\/575543","targetHints":{"allow":["GET"]}}],"collection":[{"href":"https:\/\/www.europesays.com\/fr\/wp-json\/wp\/v2\/posts"}],"about":[{"href":"https:\/\/www.europesays.com\/fr\/wp-json\/wp\/v2\/types\/post"}],"author":[{"embeddable":true,"href":"https:\/\/www.europesays.com\/fr\/wp-json\/wp\/v2\/users\/2"}],"replies":[{"embeddable":true,"href":"https:\/\/www.europesays.com\/fr\/wp-json\/wp\/v2\/comments?post=575543"}],"version-history":[{"count":0,"href":"https:\/\/www.europesays.com\/fr\/wp-json\/wp\/v2\/posts\/575543\/revisions"}],"wp:featuredmedia":[{"embeddable":true,"href":"https:\/\/www.europesays.com\/fr\/wp-json\/wp\/v2\/media\/575544"}],"wp:attachment":[{"href":"https:\/\/www.europesays.com\/fr\/wp-json\/wp\/v2\/media?parent=575543"}],"wp:term":[{"taxonomy":"category","embeddable":true,"href":"https:\/\/www.europesays.com\/fr\/wp-json\/wp\/v2\/categories?post=575543"},{"taxonomy":"post_tag","embeddable":true,"href":"https:\/\/www.europesays.com\/fr\/wp-json\/wp\/v2\/tags?post=575543"}],"curies":[{"name":"wp","href":"https:\/\/api.w.org\/{rel}","templated":true}]}}