{"id":575547,"date":"2025-12-03T14:43:11","date_gmt":"2025-12-03T14:43:11","guid":{"rendered":"https:\/\/www.europesays.com\/fr\/575547\/"},"modified":"2025-12-03T14:43:11","modified_gmt":"2025-12-03T14:43:11","slug":"des-supporters-choques-presents-au-centre-dentrainement","status":"publish","type":"post","link":"https:\/\/www.europesays.com\/fr\/575547\/","title":{"rendered":"des supporters choqu\u00e9s pr\u00e9sents au centre d\u2019entra\u00eenement"},"content":{"rendered":"<p>Selon les informations de BFM Nice pr\u00e9sent devant le centre d\u2019entra\u00eenement ce mercredi midi, quelques supporters habitu\u00e9s se sont rassembl\u00e9s d\u00e8s l\u2019aube, encore sous le choc des informations circulant sur un possible d\u00e9part de Franck Haise. L\u2019un d\u2019eux a confi\u00e9 n\u2019avoir \u00ab pas dormi de la nuit \u00bb, tant l\u2019incertitude autour du coach et la spirale de r\u00e9sultats pr\u00e9occupants p\u00e8sent sur le moral des fid\u00e8les du Gym. Tous d\u00e9crivent des heures marqu\u00e9es par l\u2019inqui\u00e9tude et la frustration li\u00e9es aux derni\u00e8res performances de l\u2019\u00e9quipe.<\/p>\n<p>            La suite apr\u00e8s cette publicit\u00e9<\/p>\n<p>Ces supporters expriment aussi leur lassitude face \u00e0 la gestion du club et pointent du doigt la direction ainsi qu\u2019Ineos, estimant que les d\u00e9cisions prises ces derniers mois manquent de lisibilit\u00e9 et aggravent la situation sportive. Entre inqui\u00e9tude pour l\u2019avenir imm\u00e9diat et sentiment d\u2019abandon, l\u2019ambiance demeure particuli\u00e8rement tendue autour du club azur\u00e9en, d\u00e9j\u00e0 secou\u00e9 par une actualit\u00e9 br\u00fblante ces derniers jours.<\/p>\n<p>\n    Pub. le 03\/12\/2025 13:25<br \/>\n            &#8211; MAJ le 03\/12\/2025 15:01\n    <\/p>\n","protected":false},"excerpt":{"rendered":"Selon les informations de BFM Nice pr\u00e9sent devant le centre d\u2019entra\u00eenement ce mercredi midi, quelques supporters habitu\u00e9s se&hellip;\n","protected":false},"author":2,"featured_media":575548,"comment_status":"","ping_status":"","sticky":false,"template":"","format":"standard","meta":{"footnotes":""},"categories":[1410],"tags":[63,1011,27,60],"class_list":{"0":"post-575547","1":"post","2":"type-post","3":"status-publish","4":"format-standard","5":"has-post-thumbnail","7":"category-football","8":"tag-football","9":"tag-fr","10":"tag-france","11":"tag-sports"},"share_on_mastodon":{"url":"https:\/\/pubeurope.com\/@fr\/115656170193761883","error":""},"_links":{"self":[{"href":"https:\/\/www.europesays.com\/fr\/wp-json\/wp\/v2\/posts\/575547","targetHints":{"allow":["GET"]}}],"collection":[{"href":"https:\/\/www.europesays.com\/fr\/wp-json\/wp\/v2\/posts"}],"about":[{"href":"https:\/\/www.europesays.com\/fr\/wp-json\/wp\/v2\/types\/post"}],"author":[{"embeddable":true,"href":"https:\/\/www.europesays.com\/fr\/wp-json\/wp\/v2\/users\/2"}],"replies":[{"embeddable":true,"href":"https:\/\/www.europesays.com\/fr\/wp-json\/wp\/v2\/comments?post=575547"}],"version-history":[{"count":0,"href":"https:\/\/www.europesays.com\/fr\/wp-json\/wp\/v2\/posts\/575547\/revisions"}],"wp:featuredmedia":[{"embeddable":true,"href":"https:\/\/www.europesays.com\/fr\/wp-json\/wp\/v2\/media\/575548"}],"wp:attachment":[{"href":"https:\/\/www.europesays.com\/fr\/wp-json\/wp\/v2\/media?parent=575547"}],"wp:term":[{"taxonomy":"category","embeddable":true,"href":"https:\/\/www.europesays.com\/fr\/wp-json\/wp\/v2\/categories?post=575547"},{"taxonomy":"post_tag","embeddable":true,"href":"https:\/\/www.europesays.com\/fr\/wp-json\/wp\/v2\/tags?post=575547"}],"curies":[{"name":"wp","href":"https:\/\/api.w.org\/{rel}","templated":true}]}}