{"id":575553,"date":"2025-12-03T14:47:11","date_gmt":"2025-12-03T14:47:11","guid":{"rendered":"https:\/\/www.europesays.com\/fr\/575553\/"},"modified":"2025-12-03T14:47:11","modified_gmt":"2025-12-03T14:47:11","slug":"ce-chanteur-tres-populaire-ne-veut-absolument-pas-etre-coach-de-the-voice-kids-il-a-pourtant-lui-meme-participe-a-lemission-purepeople","status":"publish","type":"post","link":"https:\/\/www.europesays.com\/fr\/575553\/","title":{"rendered":"Ce chanteur tr\u00e8s populaire ne veut absolument pas \u00eatre coach de &quot;The Voice Kids&quot;, il a pourtant lui m\u00eame particip\u00e9 \u00e0 l\u2019\u00e9mission &#8211; Purepeople"},"content":{"rendered":"<ol>\n<li><a href=\"https:\/\/news.google.com\/rss\/articles\/CBMi_AFBVV95cUxPN3JTOENIS3NOSkZySmEzc2x1ZjJyR2hwaGl3Y2FUUklZalRncXFzeXdKUzdwa3VKV3lWYVZ2OWw0UG1Lb1Y5UTZMbk5YUDRsT3RaTVN1YmZLMHBDYmRZWGpvWmY3dEZ1WnRlR3c3cmhMTUFTaEozZVJJUmZhcUUzOXVyVTJmcXZ0UXRHTEZSa0tvNVFUN2l3b1FlYVFjNFltMzVSTGRQQXJnTEtiOEtOUllmNjR6eVJzOGZ6UjEwTVlGREJHclF1TGQyQjN6bU1MRF9JV1V1YUFFVVNJV2lZMVEzNEkyWUhUY3BhTHBUWDBYNjBhR1BKUFZsOXk?oc=5\" target=\"_blank\" rel=\"noopener\">Ce chanteur tr\u00e8s populaire ne veut absolument pas \u00eatre coach de \u00ab\u00a0The Voice Kids\u00a0\u00bb, il a pourtant lui m\u00eame particip\u00e9 \u00e0 l\u2019\u00e9mission<\/a>&nbsp;&nbsp;Purepeople<\/li>\n<li><a href=\"https:\/\/news.google.com\/rss\/articles\/CBMiywFBVV95cUxPMnl1SnltcFAyaEJPYjlDcDF6VFFJbUVhN1J4NEUwbDZscGE3YThHZF8tNGxVcW8yelBlNXZBZjV1a0oyVWJzcTRyOVBpU1dfVGJLaHhnMXctR3NNNUJBWGxCeTBGa3VuNGpoVnZrd3ozY19teEF6Y2VNSGl2MTlVSDRJazJrcWlSWk14SHhicVRZNEVROG5NS2NTb2h0SWVGWXRHc3J0dnBqUnlDN05vb25Ja1NhQ3pSMkRiMUhaVGRKV3haOEJ4cEJXaw?oc=5\" target=\"_blank\" rel=\"noopener\">Amir explique pourquoi il a toujours refus\u00e9 d&rsquo;\u00eatre coach dans \u00ab\u00a0The Voice\u00a0\u00bb : \u00ab\u00a0\u00e7a fait mal au c\u0153ur&#8230;\u00a0\u00bb<\/a>&nbsp;&nbsp;M Radio<\/li>\n<li><a href=\"https:\/\/news.google.com\/rss\/articles\/CBMiugFBVV95cUxPZm1WVHktejZGamlzM3I3WTdNUXlPLXFQMTYzcm16YmNkLXpkSmJaUnFvLTBKX0MwUmVSZkV2SnVmMFBOLUp2Szd1d09fSVo5YTNWZ0NlS20wUGdsb05xcV9GbjlTYUYwWXNQNllVOXE2VkVrd0dvbWltOW03YXBsRzBNeVcwTEYzZkR0SDk2ckVGY1h1UjF0Njg2V2hRanlfdFVlMVV4MkNUUmswV1NWWkxWdjRJMGdzeGc?oc=5\" target=\"_blank\" rel=\"noopener\">\u00ab\u00a0\u00c7a fait mal au c\u0153ur\u2026.\u00a0\u00bb : voici la triste raison pour laquelle Amir refuse d\u2019\u00eatre coach dans \u00ab\u00a0The Voice\u00a0\u00bb<\/a>&nbsp;&nbsp;public.fr<\/li>\n<li><a href=\"https:\/\/news.google.com\/rss\/articles\/CBMixwFBVV95cUxOeS10TkZrbzNtMW9hRENBb3ZaWTdTWVZZRFFxOXNlaVZiNjZWRGQ0Q2Y1eEE0bmdxLWY1MjJVU0VMblJLdk1NVnFuZ2tfRmFZMnJadlZ2TW1zZ004Y1VnMU0xOWd0MlNnRGd3SEh6UnRNNGlSS0RwNU1hLUFmR0ZtSS1wUlNxLUNlekdldHp6LW1BSzcxWFBxbFlPb3lnaG1rUjVrRWlGMjJkQmoyakFHUWNKSnZrWUI4R1lFZm0yblIzYWNiejNB?oc=5\" target=\"_blank\" rel=\"noopener\">Un chanteur fran\u00e7ais rejoint l\u2019aventure de \u00ab The Voice Kids Belgique \u00bb en tant que co-coach (vid\u00e9o)<\/a>&nbsp;&nbsp;Soirmag<\/li>\n<li><a href=\"https:\/\/news.google.com\/rss\/articles\/CBMiwAFBVV95cUxOV1dvTHdjMHZpd0xudm01VTB4dlFwRW1rX0hQRFpBOGc1YjY4d1B4eV9pcjIxNVJyWlhuTm9WNTBlaGxXOEM5bklzMkxONEFyQ0JOTmp2cWhrWmRWMEdoc0g5amhRZFVkU29GOEZoak5rNjNyYko4bkEtV1d5TzV1aGxMWDJXcVFJcm14b2NZTlVNRTZPQ0g1TGNyZkF1WmpxMXJzdi1PV0U2TDBiQnlYTVZ5Y0ZGekdpbUNOM05RdUY?oc=5\" target=\"_blank\" rel=\"noopener\">Amir se confie sur son exp\u00e9rience de co-coach dans &lsquo;The Voice Kids&rsquo; : &lsquo;J\u2019ai \u00e9t\u00e9 tr\u00e8s touch\u00e9\u2026&rsquo;<\/a>&nbsp;&nbsp;RTBF<\/li>\n<\/ol>\n","protected":false},"excerpt":{"rendered":"Ce chanteur tr\u00e8s populaire ne veut absolument pas \u00eatre coach de \u00ab\u00a0The Voice Kids\u00a0\u00bb, il a pourtant lui&hellip;\n","protected":false},"author":2,"featured_media":395849,"comment_status":"","ping_status":"","sticky":false,"template":"","format":"standard","meta":{"footnotes":""},"categories":[1356],"tags":[58,59,1011,27,252,1364],"class_list":{"0":"post-575553","1":"post","2":"type-post","3":"status-publish","4":"format-standard","5":"has-post-thumbnail","7":"category-television","8":"tag-divertissement","9":"tag-entertainment","10":"tag-fr","11":"tag-france","12":"tag-television","13":"tag-tv"},"share_on_mastodon":{"url":"https:\/\/pubeurope.com\/@fr\/115656185936331164","error":""},"_links":{"self":[{"href":"https:\/\/www.europesays.com\/fr\/wp-json\/wp\/v2\/posts\/575553","targetHints":{"allow":["GET"]}}],"collection":[{"href":"https:\/\/www.europesays.com\/fr\/wp-json\/wp\/v2\/posts"}],"about":[{"href":"https:\/\/www.europesays.com\/fr\/wp-json\/wp\/v2\/types\/post"}],"author":[{"embeddable":true,"href":"https:\/\/www.europesays.com\/fr\/wp-json\/wp\/v2\/users\/2"}],"replies":[{"embeddable":true,"href":"https:\/\/www.europesays.com\/fr\/wp-json\/wp\/v2\/comments?post=575553"}],"version-history":[{"count":0,"href":"https:\/\/www.europesays.com\/fr\/wp-json\/wp\/v2\/posts\/575553\/revisions"}],"wp:featuredmedia":[{"embeddable":true,"href":"https:\/\/www.europesays.com\/fr\/wp-json\/wp\/v2\/media\/395849"}],"wp:attachment":[{"href":"https:\/\/www.europesays.com\/fr\/wp-json\/wp\/v2\/media?parent=575553"}],"wp:term":[{"taxonomy":"category","embeddable":true,"href":"https:\/\/www.europesays.com\/fr\/wp-json\/wp\/v2\/categories?post=575553"},{"taxonomy":"post_tag","embeddable":true,"href":"https:\/\/www.europesays.com\/fr\/wp-json\/wp\/v2\/tags?post=575553"}],"curies":[{"name":"wp","href":"https:\/\/api.w.org\/{rel}","templated":true}]}}