{"id":575566,"date":"2025-12-03T14:54:12","date_gmt":"2025-12-03T14:54:12","guid":{"rendered":"https:\/\/www.europesays.com\/fr\/575566\/"},"modified":"2025-12-03T14:54:12","modified_gmt":"2025-12-03T14:54:12","slug":"le-grand-ras-le-bol-des-automobilistes-francais","status":"publish","type":"post","link":"https:\/\/www.europesays.com\/fr\/575566\/","title":{"rendered":"le grand ras-le-bol des automobilistes fran\u00e7ais"},"content":{"rendered":"<p itemprop=\"description\">Les concessions sont vides et les usines<br \/>\ntournent au ralenti. Face \u00e0 des tarifs devenus d\u00e9lirants, les<br \/>\nautomobilistes envoient un message aux industriels via cette<br \/>\nenqu\u00eate.<\/p>\n<p>L\u00a0\u00bbindustrie automobile europ\u00e9enne traverse une crise<br \/>\nstructurelle profonde, marqu\u00e9e par une chute des ventes de 23 % en<br \/>\nFrance par rapport \u00e0 l&rsquo;avant-Covid. La raison de cette d\u00e9saffection<br \/>\nest purement financi\u00e8re. Avec un prix moyen ayant bondi en quelques<br \/>\nann\u00e9es, la voiture neuve est devenue un produit inaccessible pour<br \/>\nla majorit\u00e9 des m\u00e9nages. Selon l&rsquo;Observatoire Cetelem 2026, les<br \/>\nconsommateurs r\u00e9clament d\u00e9sormais un retour \u00e0 la simplicit\u00e9 pour<br \/>\nfaire baisser la note.<\/p>\n<p>La fracture automobile<\/p>\n<p>Il suffit de jeter un \u0153il aux chiffres de novembre pour sentir<br \/>\nle vent glacial qui souffle sur le secteur automobile. Ce n&rsquo;est pas<br \/>\nplus un passage \u00e0 vide, mais une v\u00e9ritable pneumonie. En France,<br \/>\ncomme chez la plupart de nos voisins europ\u00e9ens, <a href=\"https:\/\/www.autoplus.fr\/actualite\/on-le-disait-a-bout-de-souffle-le-marche-automobile-europeen-reprend-doucement-des-couleurs-1411463.html\" target=\"_blank\" rel=\"noopener\"><br \/>\nle march\u00e9 est en \u00e9tat de l\u00e9thargie avanc\u00e9e<\/a>. Si l&rsquo;on regarde<br \/>\ndans le r\u00e9troviseur, la chute donne le vertige. Par rapport \u00e0 la<br \/>\n\u00ab\u00a0vie d&rsquo;avant\u00a0\u00bb, celle de 2019, <strong>les ventes dans l&rsquo;Hexagone<br \/>\nont d\u00e9viss\u00e9 de 23 %<\/strong>. Concr\u00e8tement, cela signifie qu&rsquo;il<br \/>\nmanque chaque ann\u00e9e entre 500 000 et 600 000 voitures neuves \u00e0<br \/>\nl&rsquo;appel depuis 2020. C&rsquo;est colossal.<\/p>\n<p>Cette situation met toute la fili\u00e8re sur la corde raide. Comme<br \/>\nle souligne Flavien Neuvy, de l&rsquo;Observatoire Cetelem, des volumes<br \/>\naussi faibles mettent en p\u00e9ril l&rsquo;outil industriel. <strong>Une<br \/>\nusine qui ne tourne pas \u00e0 plein r\u00e9gime est une usine qui perd de<br \/>\nl&rsquo;argent<\/strong>. Mais au-del\u00e0 des cha\u00eenes de montage, c&rsquo;est sur<br \/>\nla route que les cons\u00e9quences sont visibles. Faute de pouvoir<br \/>\nacheter du neuf, les gens gardent leurs vieux v\u00e9hicules. R\u00e9sultat,<br \/>\nle parc vieillit, s&rsquo;encrasse, et plus de la moiti\u00e9 des voitures en<br \/>\ncirculation ont d\u00e9sormais plus de dix ans.<\/p>\n<p>Mais pourquoi les m\u00e9nages boudent-ils les showrooms ? La r\u00e9ponse<br \/>\ntient en quelques chiffres qui font mal au compte en banque. Le<br \/>\nm\u00e9dia <a href=\"https:\/\/www.lesechos.fr\/industrie-services\/automobile\/les-francais-reclament-des-voitures-moins-cheres-et-plus-simples-2202296\" target=\"_blank\" rel=\"noopener\"><br \/>\nLes Echos<\/a> r\u00e9v\u00e8le que l&rsquo;Observatoire Cetelem a pos\u00e9 la question<br \/>\n\u00e0 pr\u00e8s de 16 000 Europ\u00e9ens, et le verdict est sans appel,<br \/>\nparticuli\u00e8rement en France. Pour 94 % des personnes interrog\u00e9es<br \/>\ndans l&rsquo;Hexagone, <strong>le prix des voitures est devenu trop<br \/>\n\u00e9lev\u00e9<\/strong>. Et ils ont raison, car le prix moyen d&rsquo;une voiture<br \/>\nneuve vendue en France est pass\u00e9 de 28 203 euros en 2020 \u00e0 35 181<br \/>\neuros en 2024. Une augmentation de 7 000 euros en quatre ans. Qui a<br \/>\nvu son salaire augmenter d&rsquo;autant sur la m\u00eame p\u00e9riode ? Personne.<br \/>\nLa voiture neuve, autrefois marqueur social accessible \u00e0 la classe<br \/>\nmoyenne, est maintenant r\u00e9serv\u00e9e \u00e0 un club restreint.<\/p>\n<p>Quelle issue ?<\/p>\n<p>Alors, quelle est la solution ? Les automobilistes, eux, ont des<br \/>\nid\u00e9es tr\u00e8s pr\u00e9cises sur la question. Si une large majorit\u00e9 (75 %)<br \/>\naimerait que les constructeurs rognent sur leurs marges,<br \/>\n<strong>c&rsquo;est sur la conception m\u00eame des voitures que se joue<br \/>\nl&rsquo;avenir<\/strong>. Le public est pr\u00eat \u00e0 faire des concessions pour<br \/>\nfaire baisser la note. L&rsquo;\u00e9tude Cetelem montre que 81 % des sond\u00e9s<br \/>\naccepteraient d&rsquo;avoir moins de choix dans les gammes si cela<br \/>\npermettait des \u00e9conomies d&rsquo;\u00e9chelle. Plus int\u00e9ressant encore, deux<br \/>\ntiers des consommateurs plaident pour des voitures \u00ab\u00a0moins<br \/>\nch\u00e8res, mais plus simples\u00a0\u00bb. Cela va \u00e0 l&rsquo;encontre de tout ce<br \/>\nque l&rsquo;industrie nous vend depuis vingt ans.<\/p>\n<p>On nous a habitu\u00e9s \u00e0 des tableaux de bord qui ressemblent \u00e0 des<br \/>\n\u00e9crans de cin\u00e9ma, \u00e0 des si\u00e8ges massants et \u00e0 des aides \u00e0 la<br \/>\nconduite omnipr\u00e9sentes. <strong>Or, aujourd&rsquo;hui, 26 % des acheteurs<br \/>\npotentiels sont pr\u00eats \u00e0 sacrifier ces assistances \u00e9lectroniques<br \/>\nsouvent intrusives<\/strong>. Pr\u00e8s d&rsquo;un quart est pr\u00eat \u00e0 rouler dans<br \/>\nune voiture plus petite, moins puissante, ou avec un syst\u00e8me audio<br \/>\nbasique. C&rsquo;est donc un retour aux fondamentaux avec quatre roues,<br \/>\nun volant, et surtout un moteur fiable ! <a href=\"https:\/\/www.autoplus.fr\/marque\/dacia\" target=\"_blank\" rel=\"noopener\">Dacia<\/a> l&rsquo;a compris avant<br \/>\ntout le monde, et son succ\u00e8s insolent en est la preuve. Il ne<br \/>\ns&rsquo;agit plus de faire r\u00eaver avec des gadgets, mais de permettre aux<br \/>\ngens de se d\u00e9placer sans s&rsquo;endetter sur quinze ans. Si l&rsquo;industrie<br \/>\neurop\u00e9enne veut sortir de sa torpeur, elle va devoir apprendre \u00e0<br \/>\nfaire moins, pour vendre plus.<\/p>\n","protected":false},"excerpt":{"rendered":"Les concessions sont vides et les usines tournent au ralenti. Face \u00e0 des tarifs devenus d\u00e9lirants, les automobilistes&hellip;\n","protected":false},"author":2,"featured_media":575567,"comment_status":"","ping_status":"","sticky":false,"template":"","format":"standard","meta":{"footnotes":""},"categories":[6],"tags":[35,33,34,1011,27,1638],"class_list":{"0":"post-575566","1":"post","2":"type-post","3":"status-publish","4":"format-standard","5":"has-post-thumbnail","7":"category-economie","8":"tag-business","9":"tag-economie","10":"tag-economy","11":"tag-fr","12":"tag-france","13":"tag-has_diapo"},"share_on_mastodon":{"url":"https:\/\/pubeurope.com\/@fr\/115656213568147910","error":""},"_links":{"self":[{"href":"https:\/\/www.europesays.com\/fr\/wp-json\/wp\/v2\/posts\/575566","targetHints":{"allow":["GET"]}}],"collection":[{"href":"https:\/\/www.europesays.com\/fr\/wp-json\/wp\/v2\/posts"}],"about":[{"href":"https:\/\/www.europesays.com\/fr\/wp-json\/wp\/v2\/types\/post"}],"author":[{"embeddable":true,"href":"https:\/\/www.europesays.com\/fr\/wp-json\/wp\/v2\/users\/2"}],"replies":[{"embeddable":true,"href":"https:\/\/www.europesays.com\/fr\/wp-json\/wp\/v2\/comments?post=575566"}],"version-history":[{"count":0,"href":"https:\/\/www.europesays.com\/fr\/wp-json\/wp\/v2\/posts\/575566\/revisions"}],"wp:featuredmedia":[{"embeddable":true,"href":"https:\/\/www.europesays.com\/fr\/wp-json\/wp\/v2\/media\/575567"}],"wp:attachment":[{"href":"https:\/\/www.europesays.com\/fr\/wp-json\/wp\/v2\/media?parent=575566"}],"wp:term":[{"taxonomy":"category","embeddable":true,"href":"https:\/\/www.europesays.com\/fr\/wp-json\/wp\/v2\/categories?post=575566"},{"taxonomy":"post_tag","embeddable":true,"href":"https:\/\/www.europesays.com\/fr\/wp-json\/wp\/v2\/tags?post=575566"}],"curies":[{"name":"wp","href":"https:\/\/api.w.org\/{rel}","templated":true}]}}