{"id":575568,"date":"2025-12-03T14:55:17","date_gmt":"2025-12-03T14:55:17","guid":{"rendered":"https:\/\/www.europesays.com\/fr\/575568\/"},"modified":"2025-12-03T14:55:17","modified_gmt":"2025-12-03T14:55:17","slug":"en-direct-guerre-en-ukraine-lue-devoile-son-plan-pour-mettre-kiev-en-position-de-force","status":"publish","type":"post","link":"https:\/\/www.europesays.com\/fr\/575568\/","title":{"rendered":"EN DIRECT &#8211; Guerre en Ukraine : l&rsquo;UE d\u00e9voile son plan pour mettre Kiev \u00ab\u00a0en position de force\u00a0\u00bb"},"content":{"rendered":"<ul class=\"jsx-862013697 ArticleChapo__List\">\n<li class=\"jsx-862013697 ArticleChapo__List_Item flex\">La pr\u00e9sidente de la Commission europ\u00e9enne, Ursula von der Leyenn a pr\u00e9sent\u00e9 mercredi le plan de l&rsquo;Union europ\u00e9enne pour financer l&rsquo;Ukraine sur deux ans.<\/li>\n<li class=\"jsx-862013697 ArticleChapo__List_Item flex\">Objectif : la \u00ab\u00a0mettre en position de force\u00a0\u00bb dans les n\u00e9gociations avec la Russie.<\/li>\n<li class=\"jsx-862013697 ArticleChapo__List_Item flex\">Suivez les derni\u00e8res informations.<\/li>\n<\/ul>\n<p><a href=\"https:\/\/www.tf1info.fr\/actualite\/guerre-ukraine-russie-une-rencontre-donald-trump-vladimir-poutine-historique-le-vendredi-15-aout-2025-en-alaska-sans-volodymyr-zelensky-14326\/\" rel=\"noopener\" class=\"jsx-484472199 Link jsx-1428418400 jsx-554215408\" target=\"_blank\"><\/p>\n<p style=\"font-weight:400\" class=\"jsx-1837267516\">Suivez la couverture compl\u00e8te<\/p>\n<p style=\"font-weight:800\" class=\"jsx-1837267516\">Ukraine-Russie : la perspective de n\u00e9gociations relanc\u00e9e ?<\/p>\n<p><\/a>Minute par minuteAPPEL AU \u00ab\u00a0RESPECT DU DROIT INTERNATIONAL\u00a0\u00bb EN MAIRE NOIRE15:17<\/p>\n<p>La Turquie, la Roumanie et la Bulgarie, membres de l&rsquo;Otan riverains de la mer Noire, ont appel\u00e9 mercredi au \u00ab\u00a0respect du droit international\u00a0\u00bb apr\u00e8s plusieurs attaques contre des cargos au large des c\u00f4tes turques, a rapport\u00e9 une source diplomatique turque.<\/p>\n<p>L&rsquo;Ukraine a revendiqu\u00e9 l&rsquo;attaque vendredi et samedi par des drones navals de deux p\u00e9troliers de la \u00ab\u00a0flotte fant\u00f4me\u00a0\u00bb russe utilis\u00e9s par Moscou pour contourner les sanctions occidentales. Kiev a ni\u00e9 en revanche mardi toute responsabilit\u00e9 dans l&rsquo;attaque d&rsquo;un troisi\u00e8me navire, un cargo battant pavillon russe en route vers la G\u00e9orgie.<\/p>\n<p>CRAINTES DE LA BELGIQUE14:52<\/p>\n<p>Ursula von der Leyen s&rsquo;est efforc\u00e9e d&rsquo;apaiser les craintes de la Belgique, oppos\u00e9e \u00e0 l&rsquo;utilisation des avoirs russes pour financer un pr\u00eat \u00e0 l&rsquo;Ukraine puisque la grande majorit\u00e9 de ces avoirs en Europe sont centralis\u00e9s au sein de la soci\u00e9t\u00e9 de services financiers belge Euroclear. La Belgique redoute de devoir subir seule les r\u00e9percussions en cas de probl\u00e8mes.<\/p>\n<p>\u00ab\u00a0La Belgique a demand\u00e9 un m\u00e9canisme solide et un partage des charges, et nous avons r\u00e9pondu en mettant cela en place, en veillant \u00e0 ce qu&rsquo;une garantie solide soit en place\u00a0\u00bb, a assur\u00e9 la pr\u00e9sidente de la Commission europ\u00e9enne.<\/p>\n<p>90 MILLIARDS D&rsquo;EUROS14:48<\/p>\n<p>\u00ab\u00a0Aujourd&rsquo;hui, nous proposons de couvrir les deux tiers des besoins de financement de l&rsquo;Ukraine pour les deux prochaines ann\u00e9es. Cela repr\u00e9sente 90 milliards d&rsquo;euros\u00a0\u00bb, a indiqu\u00e9 devant la presse la pr\u00e9sidente de la Commission europ\u00e9enne Ursula von der Leyen, qui a pr\u00e9sent\u00e9 aujourd&rsquo;hui le plan de l&rsquo;UE pour financer l&rsquo;Ukraine sur deux ans.<\/p>\n<p>Le dernier tiers devra \u00eatre assur\u00e9 par \u00ab\u00a0les partenaires internationaux\u00a0\u00bb, comme la Grande-Bretagne, le Canada ou le Japon, a-t-elle ajout\u00e9. \u00ab\u00a0Nous devons augmenter les co\u00fbts de la guerre pour l&rsquo;agression de Poutine, et la proposition d&rsquo;aujourd&rsquo;hui nous donne les moyens de le faire\u00a0\u00bb, a-t-elle assur\u00e9. \u00ab\u00a0Et puisque la pression est le seul langage auquel le Kremlin r\u00e9pond, nous pouvons \u00e9galement l&rsquo;intensifier\u00a0\u00bb, a-t-elle encore affirm\u00e9.<\/p>\n<p>La d\u00e9cision de recourir \u00e0 un emprunt europ\u00e9en, qui n\u00e9cessite l\u2019unanimit\u00e9 des \u00c9tats membres, se heurte aux r\u00e9ticences de certains d&rsquo;entre eux et \u00e0 l&rsquo;opposition radicale de la Hongrie. La Commission n&rsquo;a pas cach\u00e9 qu&rsquo;elle privil\u00e9giait dans ces conditions le recours aux avoirs russes gel\u00e9s, mais doit encore convaincre la Belgique.<\/p>\n<p>POURPARLERS14:36<\/p>\n<p>Les succ\u00e8s rencontr\u00e9s par l&rsquo;arm\u00e9e russe ces derni\u00e8res semaines sur le front \u00ab\u00a0ont influenc\u00e9\u00a0\u00bb les pourparlers sur l&rsquo;Ukraine, a affirm\u00e9 mercredi le Kremlin.<\/p>\n<p>\u00ab\u00a0Les succ\u00e8s des derni\u00e8res semaines de l&rsquo;arm\u00e9e russe sur le champ de bataille ont influenc\u00e9 le d\u00e9roulement et le caract\u00e8re des n\u00e9gociations\u00a0\u00bb, a d\u00e9clar\u00e9 \u00e0 des journalistes le conseiller diplomatique du pr\u00e9sident russe, Iouri Ouchakov.<\/p>\n<p>OTAN14:31<\/p>\n<p>Le Kremlin a indiqu\u00e9 mercredi que \u00ab\u00a0la question cl\u00e9\u00a0\u00bb d&rsquo;une participation de Kiev \u00e0 l&rsquo;Otan avait \u00e9t\u00e9 \u00e9voqu\u00e9e la veille lors des discussions \u00e0 Moscou entre le pr\u00e9sident Vladimir Poutine et l&rsquo;\u00e9missaire am\u00e9ricain Steve Witkoff.<\/p>\n<p>\u00ab\u00a0C&rsquo;est l&rsquo;une des questions cl\u00e9 et elle a \u00e9t\u00e9 discut\u00e9e\u00a0\u00bb, a affirm\u00e9 \u00e0 la presse le conseiller diplomatique de la pr\u00e9sidence russe, Iouri Ouchakov, sans fournir plus de d\u00e9tails. La Russie rejette cat\u00e9goriquement une adh\u00e9sion de l&rsquo;Ukraine \u00e0 l&rsquo;Otan, qu&rsquo;elle consid\u00e8re comme une menace \u00e0 sa s\u00e9curit\u00e9, tandis que Kiev demande \u00e0 rejoindre l&rsquo;Alliance en estimant que cette mesure serait sa principale garantie pour dissuader le Kremlin de l&rsquo;attaquer \u00e0 nouveau.<\/p>\n<p>LA HONGRIE CONTESTE LE PLAN EUROP\u00c9EN DE SORTIE DU GAZ RUSSE14:28<\/p>\n<p>Le Premier ministre hongrois Viktor Orban a encore d\u00e9fi\u00e9 l&rsquo;UE fin novembre en promettant de poursuivre les importations d&rsquo;hydrocarbures russes lors d&rsquo;une rencontre avec le pr\u00e9sident Vladimir Poutine au Kremlin.<\/p>\n<p>Quand le plan europ\u00e9en de sortie du gaz russe sera d\u00e9finitivement adopt\u00e9, la Hongrie saisira la justice europ\u00e9enne pour le contester et pour \u00ab\u00a0d\u00e9fendre sa s\u00e9curit\u00e9 \u00e9nerg\u00e9tique\u00a0\u00bb, a pr\u00e9venu le ministre hongrois des Affaires \u00e9trang\u00e8res Peter Szijjarto ce mercredi.<\/p>\n<p>\u00ab\u00a0VERS UNE FORME DE CESSEZ-LE-FEU ET DE PAIX\u00a0\u00bb14:18<\/p>\n<p>Le pr\u00e9sident finlandais Alexander Stubb est sceptique quant \u00e0 l&rsquo;approbation par le Kremlin de la derni\u00e8re version du plan n\u00e9goci\u00e9, mais estime que \u00ab\u00a0nous nous dirigeons vers une forme de cessez-le-feu et de paix\u00a0\u00bb.<\/p>\n<p>DES PROCHAINES SEMAINES D\u00c9TERMINANTES14:18<\/p>\n<p>Le pr\u00e9sident finlandais Alexander Stubb n&rsquo;a toutefois pas pr\u00e9cis\u00e9 ce qu&rsquo;une paix injuste signifierait pour la Finlande, qui partage une fronti\u00e8re de 1.340 kilom\u00e8tres avec la Russie ; fronti\u00e8re qu&rsquo;elle a ferm\u00e9e en d\u00e9cembre 2023, cons\u00e9quence d&rsquo;une mont\u00e9e des tensions entre les deux pays apr\u00e8s l&rsquo;invasion de l&rsquo;Ukraine.<\/p>\n<p>Alexander Stubb, qui entretient des liens \u00e9troits avec les pr\u00e9sidents am\u00e9ricain et ukrainien, a d\u00e9clar\u00e9 que les prochaines semaines d\u00e9termineraient si les efforts diplomatiques visant \u00e0 mettre fin \u00e0 la guerre porteraient leurs fruits.\u00a0<\/p>\n<p>Selon lui, Washington cherche \u00e0 tirer un avantage \u00e9conomique d&rsquo;une paix en Ukraine. \u00ab\u00a0Nous sommes dans une situation o\u00f9 les \u00c9tats-Unis investissent dans divers accords dans leur m\u00e9diation, tels que les r\u00e9serves min\u00e9rales en Ukraine. Et il se peut que la partie concernant les r\u00e9gions soit \u00e9galement li\u00e9e d&rsquo;une mani\u00e8re ou d&rsquo;une autre au commerce\u00a0\u00bb, a-t-il d\u00e9clar\u00e9.<\/p>\n<p>UNE \u00ab\u00a0PAIX JUSTE\u00a0\u00bb PEU PROBABLE ?14:15<\/p>\n<p>Tout accord visant \u00e0 mettre fin aux combats en Ukraine a peu de chances de remplir les conditions n\u00e9cessaires \u00e0 une paix juste, a jug\u00e9 le pr\u00e9sident de Finlande. Les pays europ\u00e9ens oeuvrent actuellement pour pr\u00e9server l&rsquo;ind\u00e9pendance, la souverainet\u00e9 et l&rsquo;int\u00e9grit\u00e9 territoriale de l&rsquo;Ukraine, a assur\u00e9 Alexander Stubb dans un entretien \u00e0 la cha\u00eene de t\u00e9l\u00e9vision finlandaise MTV3.\u00a0<\/p>\n<p>\u00ab\u00a0Mais en r\u00e9alit\u00e9, la paix peut soit \u00eatre bonne, soit mauvaise, soit une forme de compromis\u00a0\u00bb, a-t-il dit. \u00ab\u00a0La r\u00e9alit\u00e9, c&rsquo;est que nous, les Finlandais, devons aussi nous pr\u00e9parer pour le moment o\u00f9 la paix sera r\u00e9tablie, et que toutes les conditions d&rsquo;une paix juste dont nous avons tant parl\u00e9 au cours des quatre derni\u00e8res ann\u00e9es ont peu de chances d&rsquo;\u00eatre r\u00e9unies\u00a0\u00bb.<\/p>\n<p>PLAN POUR FINANCER L&rsquo;UKRAINE14:08<\/p>\n<p>La pr\u00e9sidente de la Commission europ\u00e9enne Ursula von der Leyen a pr\u00e9sent\u00e9 mercredi \u00e0 Bruxelles le plan de l&rsquo;UE pour financer l&rsquo;Ukraine sur deux ans, et la \u00ab\u00a0mettre en position de force\u00a0\u00bb dans les n\u00e9gociations avec la Russie.<\/p>\n<p>Cette proposition pr\u00e9voit deux options visant \u00e0 couvrir les deux tiers des besoins de financement de l&rsquo;Ukraine pour 2026 et 2027 : un emprunt ou une utilisation des avoirs gel\u00e9s russes en Europe, dont l&rsquo;essentiel se trouve en Belgique.<\/p>\n<p>N\u00c9GOCIATION14:00<\/p>\n<p>La diplomatie allemande a jug\u00e9 que la Russie ne cherchait pas une fin n\u00e9goci\u00e9e de la guerre en Ukraine, au lendemain d&rsquo;une rencontre entre le pr\u00e9sident Vladimir Poutine et l&rsquo;\u00e9missaire am\u00e9ricain Steve Witkoff.<\/p>\n<p>\u00ab\u00a0Nous saluons toutes les discussions visant \u00e0 mettre fin \u00e0 la guerre d&rsquo;agression de la Russie contre l&rsquo;Ukraine. Nous ne voyons simplement pas, pour l&rsquo;instant, un basculement de la Russie en mode n\u00e9gociation\u00a0\u00bb, a indiqu\u00e9 le minist\u00e8re allemand des Affaires \u00e9trang\u00e8res sur X.<\/p>\n<blockquote data-testid=\"EmbedTwitter\" id=\"tweet-1996194579977314813-:Recmjb96cmj9v79m:\" class=\"jsx-aeff1a1c40f54d7a twitter-tweet flex justify-center items-center\"><p>Wir begr\u00fc\u00dfen alle Gespr\u00e4che, die gef\u00fchrt werden, um Russlands Angriffskrieg in der  #Ukraine zu beenden. Wir sehen nur aktuell nicht, dass  #Russland in einen Verhandlungsmodus wechselt.  @AussenMinDE \u2014 Ausw\u00e4rtiges Amt (@AuswaertigesAmt)  December 3, 2025<\/p><\/blockquote>\n<p>\u00ab\u00a0NE NOUS VOILONS PAS LA FACE\u00a0\u00bb13:01<\/p>\n<p>Rapha\u00ebl Glucksmann appelle les dirigeants europ\u00e9ens \u00e0 refuser d&rsquo;\u00eatre des \u00ab\u00a0serpill\u00e8res \u00e0 tyrans et tycoons\u00a0\u00bb, apr\u00e8s la rencontre mardi \u00e0 Moscou entre le pr\u00e9sident russe Vladimir Poutine et l&rsquo;\u00e9missaire am\u00e9ricain Steve Witkoff sur le plan de Washington pour tenter de mettre fin \u00e0 la guerre en Ukraine.<\/p>\n<p>\u00ab\u00a0Il est des moments qui d\u00e9finissent ce que vous \u00eates et ce que vous allez devenir. Pour l&rsquo;Europe, c&rsquo;est maintenant. Ou jamais\u00a0\u00bb, ass\u00e8ne l&rsquo;eurod\u00e9put\u00e9 sur le r\u00e9seau social X, exhortant \u00e0 \u00ab\u00a0ne pas se voiler la face\u00a0\u00bb.\u00a0<\/p>\n<p>\u00ab\u00a0Les \u00c9tats-Unis ont d\u00e9cid\u00e9 de vendre l&rsquo;Ukraine et la s\u00e9curit\u00e9 europ\u00e9enne \u00e0 la Russie\u00a0\u00bb, assure le dirigeant du parti Place publique. \u00ab\u00a0On peut repousser l&rsquo;\u00e9ch\u00e9ance de quelques semaines en ergotant sur leur plan de capitulation, mais \u00e7a ne changera pas le fond du probl\u00e8me\u00a0\u00bb, \u00e9crit-il. \u00a0\u00a0<\/p>\n<p>Rapha\u00ebl Glucksmann accuse \u00ab\u00a0un promoteur immobilier corrompu (il d\u00e9crit ainsi Steve Witkoff vis\u00e9 par des accusations de corruption, ndlr) charg\u00e9 par son copain de golf orange (Donald Trump, ndlr) de n\u00e9gocier nos fronti\u00e8res et notre avenir, avec quelques contrats juteux au passage pour sa familles et ses potes\u00a0\u00bb.<\/p>\n<blockquote data-testid=\"EmbedTwitter\" id=\"tweet-1996101264057196702-:Recojb96cmj9v79m:\" class=\"jsx-aeff1a1c40f54d7a twitter-tweet flex justify-center items-center\"><p>Ne nous voilons pas la face.  pic.twitter.com\/cwUxyfAFFe \u2014 Raphael Glucksmann (@rglucks1)  December 3, 2025<\/p><\/blockquote>\n<p>RENCONTRE11:30<\/p>\n<p>Apr\u00e8s leur passage \u00e0 Bruxelles, le n\u00e9gociateur de Kiev Rustem Umerov et chef d&rsquo;\u00e9tat-major des arm\u00e9es ukrainien Andrii Hnatov \u00ab\u00a0entameront les pr\u00e9paratifs de leur rencontre avec les \u00e9missaires du pr\u00e9sident Trump aux \u00c9tats-Unis\u00a0\u00bb, a d\u00e9clar\u00e9 Volodymyr Zelensky sur X.<\/p>\n<p>POURPARLERS11:20<\/p>\n<p>Le n\u00e9gociateur de Kiev, Rustem Umerov, va s&rsquo;entretenir \u00e0 Bruxelles avec les Europ\u00e9ens, a annonc\u00e9 le pr\u00e9sident ukrainien Volodymyr Zelensky.<\/p>\n<p>\u00ab\u00a0Les repr\u00e9sentants ukrainiens informeront leurs homologues europ\u00e9ens des informations recueillies suite aux contacts d&rsquo;hier entre les Am\u00e9ricains et Moscou, et ils aborderont \u00e9galement la composante europ\u00e9enne de l&rsquo;architecture de s\u00e9curit\u00e9 n\u00e9cessaire\u00a0\u00bb, a-t-il pr\u00e9cis\u00e9 sur X.<\/p>\n<blockquote data-testid=\"EmbedTwitter\" id=\"tweet-1996155814168416569-:Recsjb96cmj9v79m:\" class=\"jsx-aeff1a1c40f54d7a twitter-tweet flex justify-center items-center\"><p>Rustem Umerov reported on preparations for today\u2019s meetings in Brussels with the national security advisors to European leaders. The Secretary of the National Security and Defense Council of Ukraine will be joined at these meetings by Chief of the General Staff Andrii Hnatov.\u2026 \u2014 Volodymyr Zelenskyy \/ \u0412\u043e\u043b\u043e\u0434\u0438\u043c\u0438\u0440 \u0417\u0435\u043b\u0435\u043d\u0441\u044c\u043a\u0438\u0439 (@ZelenskyyUa)  December 3, 2025<\/p><\/blockquote>\n<p>\u00ab\u00a0POUTINE DEVRAIT CESSER LES FANFARONNADES\u00a0\u00bb11:11<\/p>\n<p>\u00ab\u00a0Les pourparlers de paix sont en cours, c&rsquo;est une bonne chose, mais en m\u00eame temps, nous devons nous assurer que, pendant qu&rsquo;ils se d\u00e9roulent, et sans savoir quand ils prendront fin, l&rsquo;Ukraine soit dans la position la plus forte possible pour continuer le combat\u00a0\u00bb, a affirm\u00e9 mercredi le secr\u00e9taire g\u00e9n\u00e9ral de l&rsquo;Otan Mark Rutte, alors que d\u00e9bute une r\u00e9union \u00e0 Bruxelles.<\/p>\n<p>\u00ab\u00a0Le pr\u00e9sident Poutine devrait cesser les fanfaronnades et les effusions de sang et \u00eatre pr\u00eat \u00e0 venir \u00e0 la table des n\u00e9gociations pour soutenir une paix juste et durable pour l&rsquo;Ukraine\u00a0\u00bb, a jug\u00e9 la cheffe de la diplomatie britannique Yvette Cooper. Alors que Vladimir Poutine a affirm\u00e9 mardi que son pays \u00e9tait pr\u00eat \u00e0 une guerre contre l&rsquo;Europe si celle-ci d\u00e9cidait de la d\u00e9clencher, la cheffe de la diplomatie lettone Baiba Braze a indiqu\u00e9 qu&rsquo;il ne fallait \u00ab\u00a0pas \u00e9couter la propagande\u00a0\u00bb du Kremlin.<\/p>\n<p>Les Russes \u00ab\u00a0ne sont absolument pas int\u00e9ress\u00e9s ni par un cessez-le-feu, ni par un accord de paix\u00a0\u00bb, a soulign\u00e9 \u00e0 son arriv\u00e9e \u00e0 Bruxelles le ministre lituanien des Affaires \u00e9trang\u00e8res Kestutis Budrys, appelant les Alli\u00e9s de l&rsquo;Otan \u00e0 soutenir l&rsquo;Ukraine.<\/p>\n<p>AIDE MILITAIRE11:08<\/p>\n<p>Plusieurs pays de l&rsquo;Otan ont annonc\u00e9 mercredi plus d&rsquo;un milliard d&rsquo;aide militaire suppl\u00e9mentaire \u00e0 l&rsquo;Ukraine, et appel\u00e9 Moscou \u00e0 cesser ses menaces ainsi qu&rsquo;\u00e0 ouvrir des n\u00e9gociations s\u00e9rieuses avec Kiev. Les ministres des Affaires \u00e9trang\u00e8res de l&rsquo;Otan ont d\u00e9but\u00e9 une r\u00e9union \u00e0 Bruxelles au lendemain de nouveaux pourparlers entre la Russie et les \u00c9tats-Unis \u00e0 Moscou, mais en l&rsquo;absence du chef de la diplomatie am\u00e9ricaine Marco Rubio.<\/p>\n<p>Plusieurs \u00c9tats, dont la Norv\u00e8ge, la Pologne et l&rsquo;Allemagne, ont annonc\u00e9 qu&rsquo;ils allaient acqu\u00e9rir pour environ un milliard d&rsquo;euros d&rsquo;armes am\u00e9ricaines au profit de l&rsquo;Ukraine. Ces achats se feront dans le cadre du programme Purl, visant \u00e0 \u00e9quiper l&rsquo;Ukraine en armement am\u00e9ricain, financ\u00e9 par les pays europ\u00e9ens, qui a d\u00e9j\u00e0 permis de lever quelque quatre milliards d&rsquo;euros.<\/p>\n<p>Le Canada a \u00e9galement promis 200 millions d&rsquo;euros, et les Pays-Bas ont annonc\u00e9 lundi s&rsquo;engager \u00e0 hauteur de 250 millions d&rsquo;euros. La France, qui ne participe pas \u00e0 ce programme, est sous pression de la part de ses partenaires, dont l&rsquo;Allemagne ou les Pays-Bas, pour contribuer davantage au soutien militaire de l&rsquo;Ukraine.<\/p>\n<p>DISCUSSIONS RUSSO-AM\u00c9RICAINES10:49<\/p>\n<p>Le Kremlin a affirm\u00e9 mercredi \u00eatre pr\u00eat \u00e0 rencontrer \u00ab\u00a0autant que n\u00e9cessaire\u00a0\u00bb des responsables am\u00e9ricains pour trouver une issue au conflit en Ukraine, apr\u00e8s la r\u00e9union \u00e0 Moscou entre le pr\u00e9sident Vladimir Poutine et l&rsquo;\u00e9missaire am\u00e9ricain Steve Witkoff.<\/p>\n<p>\u00ab\u00a0Nous appr\u00e9cions la volont\u00e9 politique du pr\u00e9sident Trump de continuer \u00e0 chercher des solutions (&#8230;). Nous sommes tous pr\u00eats \u00e0 nous rencontrer autant que n\u00e9cessaire pour parvenir \u00e0 un r\u00e8glement pacifique\u00a0\u00bb, a d\u00e9clar\u00e9 \u00e0 la presse le porte-parole de la pr\u00e9sidence russe, Dmitri Peskov, lors de son point presse quotidien auquel participait l&rsquo;AFP.<\/p>\n<p>PERTE DE PUISSANCE10:48<\/p>\n<p>L&rsquo;accord entre Europ\u00e9ens actant la fin des importations de gaz russe \u00e0 l&rsquo;automne 2027 signifie que l&rsquo;Union europ\u00e9enne \u00ab\u00a0se condamne\u00a0\u00bb \u00e0 \u00ab\u00a0acc\u00e9l\u00e9rer\u00a0\u00bb sa perte de puissance, a estim\u00e9 mercredi le porte-parole du Kremlin, Dmitri Peskov.<\/p>\n<p>\u00ab\u00a0L&rsquo;Europe se condamne \u00e0 des sources d&rsquo;\u00e9nergie plus co\u00fbteuses, ce qui in\u00e9vitablement ne fera qu&rsquo;acc\u00e9l\u00e9rer le processus de perte\u00a0\u00bb de puissance de l&rsquo;Union europ\u00e9enne, a-t-il d\u00e9clar\u00e9 lors de son point presse quotidien auquel participait l&rsquo;AFP.<\/p>\n<p>INQUI\u00c9TUDES DE LA BELGIQUE09:41<\/p>\n<p>Le gouvernement belge s&rsquo;est toujours oppos\u00e9 \u00e0 l&rsquo;utilisation des avoirs russes pour financer un pr\u00eat \u00e0 l&rsquo;Ukraine, proposition formul\u00e9e par la Commission europ\u00e9enne. Il craint que la Belgique, o\u00f9 la grande majorit\u00e9 des avoirs russes en Europe sont centralis\u00e9s au sein de la soci\u00e9t\u00e9 de services financiers Euroclear, ne subisse seule les r\u00e9percussions en cas de probl\u00e8mes.<\/p>\n<p>\u00ab\u00a0Le texte que la Commission pr\u00e9sentera aujourd&rsquo;hui ne r\u00e9pond pas \u00e0 nos inqui\u00e9tudes de mani\u00e8re satisfaisante. Ce n&rsquo;est pas acceptable d&rsquo;utiliser l&rsquo;argent (les avoirs russes, NDLR) et de nous laisser seuls assumer les risques\u00a0\u00bb, a soulign\u00e9 le chef de la diplomatie belge Maxime Pr\u00e9vot.<\/p>\n<p>Si les autres \u00c9tats de l&rsquo;UE persistaient \u00e0 vouloir mettre en oeuvre un tel montage financier, \u00ab\u00a0nous demandons que les risques encourus par la Belgique soient enti\u00e8rement couverts\u00a0\u00bb, a-t-il insist\u00e9, disant vouloir \u00ab\u00a0simplement \u00e9viter des cons\u00e9quences potentiellement d\u00e9sastreuses pour un pays membre \u00e0 qui on demande de faire preuve de solidarit\u00e9, sans qu&rsquo;on lui offre la m\u00eame solidarit\u00e9\u00a0\u00bb.<\/p>\n<p>\u00ab\u00a0NOUVELLE \u00c8RE\u00a0\u00bb09:13<\/p>\n<p>La pr\u00e9sidente de la Commission europ\u00e9enne Ursula von der Leyen salue une \u00ab\u00a0nouvelle \u00e8re\u00a0\u00bb d&rsquo;ind\u00e9pendance \u00e9nerg\u00e9tique vis-\u00e0-vis de Moscou apr\u00e8s l&rsquo;accord conclu pour interdire les importations de gaz russe dans l&rsquo;UE.<\/p>\n<p>\u00ab\u00a0C&rsquo;est l&rsquo;aube d&rsquo;une nouvelle \u00e8re, celle de l&rsquo;ind\u00e9pendance \u00e9nerg\u00e9tique totale de l&rsquo;Europe vis-\u00e0-vis de la Russie\u00a0\u00bb, a-t-elle d\u00e9clar\u00e9 devant la presse.<\/p>\n<p>AVOIRS RUSSES09:09<\/p>\n<p>La proposition de la Commission europ\u00e9enne, qui veut utiliser les avoirs russes pour financer un pr\u00eat \u00e0 l&rsquo;Ukraine, \u00ab\u00a0ne r\u00e9pond pas aux inqui\u00e9tudes\u00a0\u00bb de la Belgique et reste \u00ab\u00a0la pire des options\u00a0\u00bb, a affirm\u00e9 mercredi le chef de la diplomatie belge Maxime Pr\u00e9vot.<\/p>\n<p>\u00ab\u00a0Nous avons un sentiment de frustration de ne pas avoir \u00e9t\u00e9 \u00e9cout\u00e9s\u00a0\u00bb, a d\u00e9clar\u00e9 le ministre des Affaires \u00e9trang\u00e8res \u00e0 son arriv\u00e9e \u00e0 une r\u00e9union de l&rsquo;Otan. La Commission europ\u00e9enne doit pr\u00e9ciser mercredi comment elle entend financer un pr\u00eat de r\u00e9paration de 140 milliards d&rsquo;euros \u00e0 Kiev, en s&rsquo;appuyant sur les avoirs de l&rsquo;Etat russe gel\u00e9s en Europe.<\/p>\n<p>\u00ab\u00a0UN V\u00c9RITABLE SOUTIEN \u00c0 L&rsquo;UKRAINE\u00a0\u00bb08:49<\/p>\n<p>La pr\u00e9sidente du Parlement europ\u00e9en Roberta Metsola s&rsquo;est r\u00e9jouie sur X de l&rsquo;accord conclu pour interdire les importations de gaz russe dans l&rsquo;UE. \u00ab\u00a0Cette d\u00e9cision porte atteinte au c\u0153ur m\u00eame du syst\u00e8me de financement de la guerre russe et renforce la s\u00e9curit\u00e9 \u00e9nerg\u00e9tique \u00e0 long terme de l&rsquo;Europe\u00a0\u00bb, a-t-elle assur\u00e9, avant d&rsquo;ajouter : \u00ab\u00a0Voil\u00e0 comment nous pr\u00e9servons l&rsquo;avenir \u00e9nerg\u00e9tique de l&rsquo;Europe. Voil\u00e0 \u00e0 quoi ressemble un v\u00e9ritable soutien \u00e0 l&rsquo;Ukraine.\u00a0\u00bb<\/p>\n<blockquote data-testid=\"EmbedTwitter\" id=\"tweet-1996068936161312961-:Redcjb96cmj9v79m:\" class=\"jsx-aeff1a1c40f54d7a twitter-tweet flex justify-center items-center\"><p>A landmark moment for Europe.  We have sealed a deal to ban imports of Russian gas to the EU. A proposal launched by  @Europarl_EN and now delivered together with  @EUCouncil . This decision strikes at the heart of Russia\u2019s war-financing machine and it boosts Europe\u2019s long-term\u2026  pic.twitter.com\/c5BCKT43k6 \u2014 Roberta Metsola (@EP_President)  December 3, 2025<\/p><\/blockquote>\n<p>CONTRATS07:56<\/p>\n<p>Un accord a \u00e9t\u00e9 trouv\u00e9 entre eurod\u00e9put\u00e9s et \u00c9tats europ\u00e9ens pour interdire toutes les importations de gaz russe dans l&rsquo;Union europ\u00e9enne \u00e0 l&rsquo;automne 2027. Les entreprises europ\u00e9ennes pourront invoquer un cas de \u00ab\u00a0force majeure\u00a0\u00bb afin de justifier l\u00e9galement les ruptures contractuelles, en mentionnant l&rsquo;interdiction d&rsquo;importation d\u00e9cid\u00e9e par l&rsquo;UE.\u00a0<\/p>\n<p>International<img decoding=\"async\" src=\"https:\/\/www.europesays.com\/fr\/wp-content\/uploads\/2025\/12\/gaz-russe-illustration-b3113e-0@1x.jpeg\" alt=\"ILLUSTRATION\" loading=\"lazy\" importance=\"low\" fetchpriority=\"low\" class=\"\" aria-hidden=\"true\"\/>[Vid\u00e9o]Publi\u00e9 aujourd&rsquo;hui \u00e0 7h51EMMANUEL MACRON EN CHINE07:27<\/p>\n<p>Emmanuel Macron entame aujourd&rsquo;hui sa quatri\u00e8me visite d&rsquo;\u00c9tat en Chine afin de d\u00e9fendre les int\u00e9r\u00eats fran\u00e7ais et europ\u00e9ens, de l&rsquo;Ukraine aux \u00e9changes commerciaux, sur fond de contentieux croissants avec P\u00e9kin.\u00a0<\/p>\n<p>Sujet prioritaire, la guerre en Ukraine et par ricochet la s\u00e9curit\u00e9 du Vieux continent, alors que les discussions s&rsquo;intensifient pour tenter de mettre fin aux hostilit\u00e9s. Le pr\u00e9sident de la R\u00e9publique va appeler une nouvelle fois Xi Jinping \u00e0 \u00ab\u00a0peser\u00a0\u00bb sur la Russie, partenaire strat\u00e9gique de la Chine, pour la \u00ab\u00a0convaincre\u00a0\u00bb d&rsquo;accepter un cessez-le-feu.<\/p>\n<p>Si elle appelle r\u00e9guli\u00e8rement \u00e0 des pourparlers de paix, la Chine n&rsquo;a toutefois jamais condamn\u00e9 Moscou pour l&rsquo;invasion de l&rsquo;Ukraine et revendique une neutralit\u00e9 dans ce dossier. Elle est aussi accus\u00e9e par les Occidentaux de soutenir l&rsquo;effort de guerre de la Russie en lui livrant notamment des composants pour son industrie de d\u00e9fense.<\/p>\n<p>INTERDICTION DU GAZ RUSSE07:23<\/p>\n<p>Pour les gazoducs, l&rsquo;interdiction des contrats de long terme avec la Russie, les plus sensibles car ils courent parfois sur des dizaines d&rsquo;ann\u00e9es, entrera en vigueur le 30 septembre 2027, sous r\u00e9serve que les stocks soient suffisants et s&rsquo;appliquera au plus tard le 1er novembre 2027, ont pr\u00e9cis\u00e9 eurod\u00e9put\u00e9s et \u00c9tats europ\u00e9ens dans la nuit de mardi \u00e0 mercredi.<\/p>\n<p>Pour le gaz naturel liqu\u00e9fi\u00e9, le GNL, l&rsquo;interdiction des contrats longs s&rsquo;appliquera d\u00e8s le 1er janvier 2027, conform\u00e9ment aux annonces de la pr\u00e9sidente de la Commission europ\u00e9enne Ursula von der Leyen pour sanctionner la Russie. Pour les contrats courts, l&rsquo;interdiction s&rsquo;appliquera \u00e0 partir du 25 avril 2026 pour le gaz naturel liqu\u00e9fi\u00e9 et du 17 juin 2026 pour le gaz achemin\u00e9 par gazoduc.<\/p>\n<p>Ce calendrier devra \u00eatre approuv\u00e9 une derni\u00e8re fois par les \u00c9tats membres et le Parlement, mais cet accord ouvre la voie \u00e0 un vote sans suspense. La part du gaz russe dans les importations de gaz de l&rsquo;Union europ\u00e9enne est pass\u00e9e de 45% en 2021 \u00e0 19% en 2024.<\/p>\n<p>GAZ RUSSE06:49<\/p>\n<p>Un accord a \u00e9t\u00e9 trouv\u00e9 entre eurod\u00e9put\u00e9s et \u00c9tats europ\u00e9ens pour interdire toutes les importations de gaz russe dans l&rsquo;UE \u00e0 l&rsquo;automne 2027, ont-ils indiqu\u00e9 dans la nuit de mardi \u00e0 mercredi.\u00a0<\/p>\n<p>C&rsquo;est un compromis entre le Parlement europ\u00e9en, qui souhaitait une interdiction plus rapide, et les \u00c9tats membres qui voulaient prendre un peu plus de temps. L&rsquo;interdiction des contrats de long terme s&rsquo;appliquera le 1er novembre 2027 au plus tard.<\/p>\n<p>\u00ab\u00a0QUELQUES PROGR\u00c8S\u00a0\u00bb, SELON RUBIO06:22<\/p>\n<p>Le chef de la diplomatie am\u00e9ricaine Marco Rubio a fait \u00e9tat de \u00ab\u00a0quelques progr\u00e8s\u00a0\u00bb dans les n\u00e9gociations avec la Russie pour tenter de trouver un accord mettant fin \u00e0 la guerre en Ukraine, lors d&rsquo;un entretien diffus\u00e9 mardi.<\/p>\n<p>\u00ab\u00a0Et donc, ce que nous avons essay\u00e9 de faire, et je pense que nous avons fait quelques progr\u00e8s, est de d\u00e9terminer ce qui pourrait convenir aux Ukrainiens et leur donner des garanties de s\u00e9curit\u00e9 pour l&rsquo;avenir\u00a0\u00bb, a d\u00e9clar\u00e9 M. Rubio sur la cha\u00eene Fox News.<\/p>\n<p>\u00ab\u00a0AUCUN COMPROMIS\u00a0\u00bb TROUV\u00c906:20<\/p>\n<p>Aucun \u00ab\u00a0compromis\u00a0\u00bb sur les territoires occup\u00e9s par la Russie en Ukraine n&rsquo;a \u00e9t\u00e9 trouv\u00e9 \u00e0 l&rsquo;issue de la rencontre entre le pr\u00e9sident Vladimir Poutine et l&rsquo;\u00e9missaire am\u00e9ricain Steve Witkoff, jug\u00e9e toutefois \u00a0\u00ab\u00a0utile\u00a0\u00bb, a annonc\u00e9 le conseiller diplomatique du Kremlin.<\/p>\n<p>\u00ab\u00a0Aucune solution de compromis (sur les territoires) n&rsquo;a encore \u00e9t\u00e9 choisie, mais certaines propositions am\u00e9ricaines peuvent \u00eatre discut\u00e9es\u00a0\u00bb, a indiqu\u00e9 Iouri Ouchakov \u00e0 des journalistes, dont l&rsquo;AFP. Selon lui, la discussion a \u00e9t\u00e9 \u00ab\u00a0utile\u00a0\u00bb et \u00ab\u00a0constructive\u00a0\u00bb, mais il \u00ab\u00a0reste encore beaucoup de travail\u00a0\u00bb pour parvenir \u00e0 un accord.<\/p>\n<p>06:19<\/p>\n<p>Bonjour et bienvenue dans ce live, nous allon suivre ensemble les derni\u00e8res actualit\u00e9s sur la guerre entre la Russie et l&rsquo;Ukraine aujourd&rsquo;hui, au lendemain d&rsquo;une rencontre \u00e0 Moscou entre Vladimir Poutine et les \u00e9missaires am\u00e9ricains Steve Witkoff et Jared Kushner. \u00a0<\/p>\n<p data-module=\"article-paragraph\" class=\"jsx-3046738180 Paragraph\">Vladimir Poutine et l&rsquo;\u00e9missaire am\u00e9ricain Steve Witkoff se sont rencontr\u00e9s mardi soir \u00e0 Moscou pendant 5h pour des pourparlers sur le plan am\u00e9ricain visant \u00e0 mettre fin \u00e0 la guerre en Ukraine, peu apr\u00e8s des propos mena\u00e7ants du pr\u00e9sident russe \u00e0 l&rsquo;encontre des Europ\u00e9ens.\u00a0<\/p>\n<p data-module=\"article-paragraph\" class=\"jsx-3046738180 Paragraph Paragraph__End\">Apr\u00e8s cet entretien avec les Russes \u00e0 Moscou, Steve Witkoff et Jared Kushner pourraient rencontrer ce mercredi en Europe une d\u00e9l\u00e9gation de Kiev, selon une source ukrainienne \u00e0 l&rsquo;AFP.<\/p>\n<p data-module=\"article-paragraph\" class=\"jsx-3046738180 Paragraph\">Aucun \u00ab\u00a0compromis\u00a0\u00bb sur les territoires occup\u00e9s par la Russie en Ukraine n&rsquo;a \u00e9t\u00e9 trouv\u00e9 \u00e0 l&rsquo;issue de la rencontre jug\u00e9e \u00ab\u00a0utile\u00a0\u00bb entre Vladimir Poutine et Steve Witkoff, a annonc\u00e9 le conseiller diplomatique du Kremlin. \u00ab\u00a0Aucune solution de compromis (sur les territoires) n&rsquo;a encore \u00e9t\u00e9 choisie, mais certaines propositions am\u00e9ricaines peuvent \u00eatre discut\u00e9es\u00a0\u00bb, a indiqu\u00e9 Iouri Ouchakov \u00e0 des journalistes, dont l&rsquo;AFP.\u00a0<\/p>\n<p data-module=\"article-paragraph\" class=\"jsx-3046738180 Paragraph Paragraph__End\">Selon lui, la discussion, qui a dur\u00e9 environ cinq heures, a \u00e9t\u00e9 \u00ab\u00a0utile\u00a0\u00bb et \u00ab\u00a0constructive\u00a0\u00bb et les contacts entre Moscou et Washington vont se poursuivre, mais il \u00ab\u00a0reste encore beaucoup de travail\u00a0\u00bb pour parvenir \u00e0 un accord. \u00ab\u00a0Nous avons pu nous mettre d&rsquo;accord sur certains points (&#8230;), d&rsquo;autres ont suscit\u00e9 des critiques, mais l&rsquo;essentiel est qu&rsquo;une discussion constructive ait eu lieu et que les parties aient d\u00e9clar\u00e9 leur volont\u00e9 de poursuivre leurs efforts\u00a0\u00bb, a poursuivi M. Ouchakov. Il a pr\u00e9cis\u00e9 que les discussions n&rsquo;avaient pas port\u00e9 sur des \u00ab\u00a0formulations concr\u00e8tes\u00a0\u00bb d&rsquo;un accord mais sur \u00ab\u00a0le fond\u00a0\u00bb et que plusieurs documents pr\u00e9sent\u00e9s \u00e0 Moscou avaient \u00e9t\u00e9 abord\u00e9s, sans vouloir les d\u00e9tailler.<\/p>\n<p data-module=\"article-paragraph\" class=\"jsx-3046738180 Paragraph Paragraph__End\">Ouchakov a \u00e9galement affirm\u00e9 que <a href=\"https:\/\/www.tf1info.fr\/international\/guerre-ukraine-russie-vladimir-poutine-assure-que-la-russie-est-prete-si-l-europe-veut-la-guerre-2410364.html\" target=\"_blank\" rel=\"noopener\">Vladimir Poutine (nouvelle fen\u00eatre)<\/a> avait critiqu\u00e9 lors de cette rencontre les \u00ab\u00a0actions destructrices\u00a0\u00bb des Europ\u00e9ens concernant ces n\u00e9gociations. Le pr\u00e9sident russe a tenu juste avant la rencontre des d\u00e9clarations martiales. \u00ab\u00a0Nous n&rsquo;avons pas l&rsquo;intention de faire la guerre \u00e0 l&rsquo;Europe, mais si l&rsquo;Europe le souhaite et commence, nous sommes pr\u00eats d\u00e8s maintenant\u00a0\u00bb, a lanc\u00e9 M. Poutine aux journalistes, en marge d&rsquo;un forum \u00e9conomique. Il a accus\u00e9 les Europ\u00e9ens de vouloir \u00ab\u00a0emp\u00eacher\u00a0\u00bb les efforts am\u00e9ricains visant \u00e0 mettre fin \u00e0 la guerre en Ukraine. \u00ab\u00a0Ils n&rsquo;ont pas de programme de paix, ils sont du c\u00f4t\u00e9 de la guerre\u00a0\u00bb, a-t-il ajout\u00e9.<\/p>\n<p><a href=\"https:\/\/www.tf1info.fr\/international\/les-ukrainiens-sont-dans-une-manoeuvre-de-repli-pourquoi-la-situation-a-pokrovsk-est-confuse-2410293.html\" rel=\"noopener\" class=\"jsx-3308031228 Link flex\" target=\"_blank\"><img decoding=\"async\" src=\"https:\/\/www.europesays.com\/fr\/wp-content\/uploads\/2025\/12\/la-ville-de-pokrovsk-le-2-dec-2025-35bfbd-1@1x.jpeg\" alt=\"Handout \/ Russian Defence Ministry \/ AFP\" loading=\"lazy\" importance=\"low\" fetchpriority=\"low\" class=\"\" aria-hidden=\"true\"\/><\/p>\n<p class=\"jsx-3657663356 ReadMoreArticle__Title\">Lire aussi<\/p>\n<p class=\"jsx-3657663356\">\u00ab\u00a0Les Ukrainiens sont dans une man\u0153uvre de repli\u00a0\u00bb : pourquoi la situation \u00e0 Pokrovsk est confuse<\/p>\n<p><\/a><\/p>\n<p data-module=\"article-paragraph\" class=\"jsx-3046738180 Paragraph Paragraph__End\">Des propos qui tranchent avec ceux du chef de l&rsquo;Otan, Mark Rutte, qui s&rsquo;est dit peu avant convaincu que les efforts am\u00e9ricains en Ukraine \u00ab\u00a0finiront par r\u00e9tablir la paix en Europe\u00a0\u00bb. La veille, Washington s&rsquo;est d\u00e9clar\u00e9 \u00ab\u00a0tr\u00e8s optimiste\u00a0\u00bb sur son plan pr\u00e9sent\u00e9 il y a deux semaines. De son c\u00f4t\u00e9, le pr\u00e9sident ukrainien Volodymyr <a href=\"https:\/\/www.tf1info.fr\/international\/guerre-ukraine-russie-ce-qu-il-faut-retenir-de-la-declaration-d-emmanuel-macron-et-volodymyr-zelensky-a-paris-2410121.html\" target=\"_blank\" rel=\"noopener\">Zelensky (nouvelle fen\u00eatre)<\/a>, sous forte pression politique et diplomatique, a accus\u00e9 la Russie d&rsquo;utiliser les pourparlers actuels pour tenter \u00ab\u00a0d&rsquo;affaiblir les sanctions\u00a0\u00bb visant Moscou. Il a appel\u00e9 \u00e0 la fin de la guerre et pas \u00ab\u00a0seulement \u00e0 une pause\u00a0\u00bb dans les combats, lors d&rsquo;un d\u00e9placement en Irlande.<\/p>\n<p>La r\u00e9daction de TF1info<\/p>\n<p><script async src=\"https:\/\/platform.twitter.com\/widgets.js\" charset=\"utf-8\"><\/script><\/p>\n","protected":false},"excerpt":{"rendered":"La pr\u00e9sidente de la Commission europ\u00e9enne, Ursula von der Leyenn a pr\u00e9sent\u00e9 mercredi le plan de l&rsquo;Union europ\u00e9enne&hellip;\n","protected":false},"author":2,"featured_media":438053,"comment_status":"","ping_status":"","sticky":false,"template":"","format":"standard","meta":{"footnotes":""},"categories":[5],"tags":[1111,11,1921,75,1011,27,1922,14,2497,1907,1916,12,136,132,220,1917,67457,133,1920,135,134,28],"class_list":{"0":"post-575568","1":"post","2":"type-post","3":"status-publish","4":"format-standard","5":"has-post-thumbnail","7":"category-international","8":"tag-actu","9":"tag-actualites","10":"tag-article-video","11":"tag-donald-trump","12":"tag-fr","13":"tag-france","14":"tag-info","15":"tag-international","16":"tag-le-second-mandat-de-donald-trump","17":"tag-marco-rubio","18":"tag-moscou","19":"tag-news","20":"tag-otan","21":"tag-russie","22":"tag-ukraine","23":"tag-ukraine-4-annee-de-guerre","24":"tag-ukraine-russie-la-perspective-de-negociations-relancee","25":"tag-video","26":"tag-video-international","27":"tag-vladimir-poutine","28":"tag-volodymyr-zelensky","29":"tag-world"},"share_on_mastodon":{"url":"https:\/\/pubeurope.com\/@fr\/115656218318501685","error":""},"_links":{"self":[{"href":"https:\/\/www.europesays.com\/fr\/wp-json\/wp\/v2\/posts\/575568","targetHints":{"allow":["GET"]}}],"collection":[{"href":"https:\/\/www.europesays.com\/fr\/wp-json\/wp\/v2\/posts"}],"about":[{"href":"https:\/\/www.europesays.com\/fr\/wp-json\/wp\/v2\/types\/post"}],"author":[{"embeddable":true,"href":"https:\/\/www.europesays.com\/fr\/wp-json\/wp\/v2\/users\/2"}],"replies":[{"embeddable":true,"href":"https:\/\/www.europesays.com\/fr\/wp-json\/wp\/v2\/comments?post=575568"}],"version-history":[{"count":0,"href":"https:\/\/www.europesays.com\/fr\/wp-json\/wp\/v2\/posts\/575568\/revisions"}],"wp:featuredmedia":[{"embeddable":true,"href":"https:\/\/www.europesays.com\/fr\/wp-json\/wp\/v2\/media\/438053"}],"wp:attachment":[{"href":"https:\/\/www.europesays.com\/fr\/wp-json\/wp\/v2\/media?parent=575568"}],"wp:term":[{"taxonomy":"category","embeddable":true,"href":"https:\/\/www.europesays.com\/fr\/wp-json\/wp\/v2\/categories?post=575568"},{"taxonomy":"post_tag","embeddable":true,"href":"https:\/\/www.europesays.com\/fr\/wp-json\/wp\/v2\/tags?post=575568"}],"curies":[{"name":"wp","href":"https:\/\/api.w.org\/{rel}","templated":true}]}}