{"id":575572,"date":"2025-12-03T14:58:13","date_gmt":"2025-12-03T14:58:13","guid":{"rendered":"https:\/\/www.europesays.com\/fr\/575572\/"},"modified":"2025-12-03T14:58:13","modified_gmt":"2025-12-03T14:58:13","slug":"loire-en-attendant-la-nomination-dun-nouvel-eveque-le-pere-bruno-cordier-prend-la-tete-du-diocese-de-saint-etienne","status":"publish","type":"post","link":"https:\/\/www.europesays.com\/fr\/575572\/","title":{"rendered":"Loire. En attendant la nomination d&rsquo;un nouvel \u00e9v\u00eaque, le p\u00e8re Bruno Cordier prend la t\u00eate du dioc\u00e8se de Saint-\u00c9tienne"},"content":{"rendered":"<p>Depuis le 30\u00a0novembre, <a href=\"https:\/\/www.leprogres.fr\/societe\/2025\/10\/16\/monseigneur-bataille-quitte-le-diocese-de-saint-etienne-pour-bourges\" target=\"_blank\" rel=\"noopener\">avec le d\u00e9part de monseigneur Sylvain Bataille<\/a> \u00e0 l\u2019archev\u00each\u00e9 de Bourges, le dioc\u00e8se de Saint-\u00c9tienne n\u2019avait plus personne \u00e0 sa t\u00eate. Ce 2\u00a0d\u00e9cembre, le coll\u00e8ge des consulteurs, compos\u00e9 de six pr\u00eatres issus du conseil presbyt\u00e9ral, a \u00e9lu le p\u00e8re Bruno Cordier comme administrateur dioc\u00e9sain.<\/p>\n<p>Dans l\u2019attente d\u2019un nouvel \u00e9v\u00eaque, il devra conduire le dioc\u00e8se en assumant \u00ab\u00a0la gestion courante, avec le coll\u00e8ge des consulteurs\u00a0\u00bb et sans introduire \u00ab\u00a0de nouveaut\u00e9s particuli\u00e8res\u00a0\u00bb, explique le dioc\u00e8se sur\u00a0sa page Facebook.<\/p>\n<p>  Au pape de choisir le nouvel \u00e9v\u00eaque<\/p>\n<p>Pour qu\u2019un nouvel \u00e9v\u00eaque soit nomm\u00e9 \u00e0 la t\u00eate du dioc\u00e8se, il faudra encore patienter quelques mois, voire plus. C\u2019est le nonce apostolique, autrement dit l\u2019ambassadeur du Vatican, qui devra proposer des candidats au <a href=\"https:\/\/www.leprogres.fr\/p\/pape-leon-xiv\" target=\"_blank\" rel=\"noopener\">pape L\u00e9on XIV<\/a>.<\/p>\n<p>C\u2019est ce dernier qui choisira le nouvel \u00e9v\u00eaque. Il peut s\u2019agir d\u2019un pr\u00eatre, qui sera alors ordonn\u00e9 \u00e9v\u00eaque, ou d\u2019un \u00e9v\u00eaque d\u00e9j\u00e0 en poste. Le candidat \u00e9tant libre de refuser la charge, les d\u00e9lais peuvent \u00eatre allong\u00e9s.<\/p>\n","protected":false},"excerpt":{"rendered":"Depuis le 30\u00a0novembre, avec le d\u00e9part de monseigneur Sylvain Bataille \u00e0 l\u2019archev\u00each\u00e9 de Bourges, le dioc\u00e8se de Saint-\u00c9tienne&hellip;\n","protected":false},"author":2,"featured_media":575573,"comment_status":"","ping_status":"","sticky":false,"template":"","format":"standard","meta":{"footnotes":""},"categories":[9653],"tags":[1111,11,2430,7539,1777,674,1011,27,3367,12,5889,25,4001,7538,104],"class_list":{"0":"post-575572","1":"post","2":"type-post","3":"status-publish","4":"format-standard","5":"has-post-thumbnail","7":"category-saint-etienne","8":"tag-actu","9":"tag-actualites","10":"tag-auvergne-rhone-alpes","11":"tag-edition-loire-sud","12":"tag-eu","13":"tag-europe","14":"tag-fr","15":"tag-france","16":"tag-loire","17":"tag-news","18":"tag-religion-croyance","19":"tag-republique-francaise","20":"tag-saint-etienne","21":"tag-saint-etienne-ville","22":"tag-societe"},"share_on_mastodon":{"url":"https:\/\/pubeurope.com\/@fr\/115656229335116799","error":""},"_links":{"self":[{"href":"https:\/\/www.europesays.com\/fr\/wp-json\/wp\/v2\/posts\/575572","targetHints":{"allow":["GET"]}}],"collection":[{"href":"https:\/\/www.europesays.com\/fr\/wp-json\/wp\/v2\/posts"}],"about":[{"href":"https:\/\/www.europesays.com\/fr\/wp-json\/wp\/v2\/types\/post"}],"author":[{"embeddable":true,"href":"https:\/\/www.europesays.com\/fr\/wp-json\/wp\/v2\/users\/2"}],"replies":[{"embeddable":true,"href":"https:\/\/www.europesays.com\/fr\/wp-json\/wp\/v2\/comments?post=575572"}],"version-history":[{"count":0,"href":"https:\/\/www.europesays.com\/fr\/wp-json\/wp\/v2\/posts\/575572\/revisions"}],"wp:featuredmedia":[{"embeddable":true,"href":"https:\/\/www.europesays.com\/fr\/wp-json\/wp\/v2\/media\/575573"}],"wp:attachment":[{"href":"https:\/\/www.europesays.com\/fr\/wp-json\/wp\/v2\/media?parent=575572"}],"wp:term":[{"taxonomy":"category","embeddable":true,"href":"https:\/\/www.europesays.com\/fr\/wp-json\/wp\/v2\/categories?post=575572"},{"taxonomy":"post_tag","embeddable":true,"href":"https:\/\/www.europesays.com\/fr\/wp-json\/wp\/v2\/tags?post=575572"}],"curies":[{"name":"wp","href":"https:\/\/api.w.org\/{rel}","templated":true}]}}