{"id":575579,"date":"2025-12-03T15:03:14","date_gmt":"2025-12-03T15:03:14","guid":{"rendered":"https:\/\/www.europesays.com\/fr\/575579\/"},"modified":"2025-12-03T15:03:14","modified_gmt":"2025-12-03T15:03:14","slug":"a-toulon-lespace-comedia-celebre-lheritage-dandre-neyton-avec-une-soiree-spectacle","status":"publish","type":"post","link":"https:\/\/www.europesays.com\/fr\/575579\/","title":{"rendered":"\u00c0 Toulon, l\u2019Espace Com\u00e9dia c\u00e9l\u00e8bre l\u2019h\u00e9ritage d\u2019Andr\u00e9 Neyton avec une soir\u00e9e-spectacle"},"content":{"rendered":"<p class=\"fs-5 \"><strong>Andr\u00e9 Neyton<\/strong> a port\u00e9 l\u2019<strong>Espace Com\u00e9dia<\/strong> \u00e0 bout de bras jusqu\u2019\u00e0 l\u2019\u00e2ge de 90 ans. <a href=\"https:\/\/www.nicematin.com\/societe\/vie-locale\/deces-d-andre-neyton-un-pilier-de-la-culture-toulonnaise-973514#:~:text=Homme%20engag%C3%A9%20et%20militant%2C%20Andr%C3%A9,Draguignan%20%C3%A0%20ses%2016%20printemps.\" target=\"_blank\" rel=\"noopener\">Il est d\u00e9c\u00e9d\u00e9 le 11 f\u00e9vrier <\/a>dernier mais les Toulonnais s\u2019en souviennent toujours.<\/p>\n<p class=\"fs-5 \">Le Com\u00e9dia, lui, continue sa route et c\u2019est sa fille, Sophie, qui a pris les r\u00eanes du lieu. Elle nous raconte la grande soir\u00e9e qui se pr\u00e9pare le 6 d\u00e9cembre prochain\u00a0: \u00ab\u00a0Non pas une soir\u00e9e d\u2019hommage mais une soir\u00e9e-spectacle pour c\u00e9l\u00e9brer, avec le sourire, l\u2019\u0153uvre, le parcours et les combats d\u2019Andr\u00e9. \u00a0\u00bb<\/p>\n<p class=\"fs-5 \"><strong>Le rendez-vous est fix\u00e9 \u00e0 16 h ce samedi<\/strong>. Le milieu de la culture toulonnais (et au-del\u00e0) se retrouvera \u00e0 l\u2019Espace Com\u00e9dia pour prendre le temps de parler th\u00e9\u00e2tre, cr\u00e9ation et avenir.<\/p>\n<p>                                                                                \u00ab\u00a0Au-del\u00e0 d\u2019un hommage&#8230;\u00a0\u00bb<\/p>\n<p class=\"fs-5 \">\u00ab\u00a0Avec le Com\u00e9dia, mon p\u00e8re, Andr\u00e9 Neyton, a ouvert une br\u00e8che, un espace de r\u00e9sistance qu\u2019il n\u2019a jamais quitt\u00e9. \u00c0 travers des archives, des extraits de pi\u00e8ces et des cr\u00e9ations originales, ce spectacle ira au-del\u00e0 de l\u2019hommage \u00e0 l\u2019homme de th\u00e9\u00e2tre qu\u2019il \u00e9tait. Ce sera une d\u00e9claration d\u2019amour \u00e0 la langue, \u00e0 l\u2019art et \u00e0 la transmission\u00a0\u00bb, explique sa fille, Sophie, d\u00e9sormais directrice de l\u2019espace, th\u00e9\u00e2tre de la M\u00e9diterran\u00e9e et du centre dramatique occitan.<\/p>\n<p>        <img decoding=\"async\" src=\"https:\/\/www.europesays.com\/fr\/wp-content\/uploads\/2025\/12\/ARTVIEW-10659272-ORIG-236b145_upload-1-1pvco0wktzcc-image-img-small-small.jpg\" class=\"figure-img img-fluid rounded\" alt=\"Sophie Neyton, \u00e0 droite, est devenue directrice du Com\u00e9dia, assist\u00e9e de Camille, une fid\u00e8le du lieu.\"\/><\/p>\n<p>            Sophie Neyton, \u00e0 droite, est devenue directrice du Com\u00e9dia, assist\u00e9e de Camille, une fid\u00e8le du lieu. <br \/>Photo Fr\u00e9d\u00e9ric Dumas \/ Nice-Matin<\/p>\n<p class=\"fs-5 \">\u00ab\u00a0Moi, j\u2019ai \u00e9volu\u00e9 d\u2019abord loin du <strong>th\u00e9\u00e2tre <\/strong>puisque j\u2019ai un doctorat de g\u00e9n\u00e9tique, ajoute Sophie. Mais avec mon fr\u00e8re, Michel, nous avons v\u00e9cu toute notre vie dans les th\u00e9\u00e2tres. Cet art m\u2019a rattrap\u00e9e et, d\u00e8s 2008, je me suis engag\u00e9e plus avant au Com\u00e9dia\u00a0: pianiste, com\u00e9dienne, infographiste&#8230;. Petit \u00e0 petit, je me suis aussi occup\u00e9e de la gestion, de la programmation des spectacles&#8230; Aujourd\u2019hui, c\u2019est une suite logique de le diriger. \u00a0\u00bb<\/p>\n<p>                                                                                Une c\u00e9l\u00e9bration du th\u00e9\u00e2tre<\/p>\n<p class=\"fs-5 \">Pour cette soir\u00e9e, l\u2019\u00e9quipe du Com\u00e9dia ne voulait pas d\u2019un pan\u00e9gyrique d\u2019Andr\u00e9 Neyton mais plut\u00f4t d\u2019une c\u00e9l\u00e9bration en live du th\u00e9\u00e2tre.<\/p>\n<p class=\"fs-5 \">\u00ab\u00a0C\u2019est pourquoi ce sera davantage un r\u00e9cit-spectacle qui retracera son parcours, ses combats en faveur d\u2019un th\u00e9\u00e2tre populaire et surtout, la d\u00e9fense de la langue occitane \u00e0 laquelle il tenait tant\u00a0\u00bb, concluent Camille, une permanente du lieu, et Sophie.<\/p>\n<p class=\"fs-5 \">Car le Com\u00e9dia n\u2019\u00e9tait pas le coup d\u2019essai d\u2019Andr\u00e9 Neyton. Il a eu auparavant plusieurs autres structures qu\u2019il a fait grandir\u00a0: le Rocher Noir \u00e0 <strong>La Garde,<\/strong> dans les ann\u00e9es 1970, un autre th\u00e9\u00e2tre situ\u00e9 Porte d\u2019Italie, un th\u00e9\u00e2tre mobile dans les ann\u00e9es 1980 et Le Local, un autre lieu. Puis est venue la cr\u00e9ation du Com\u00e9dia en 1991, qui a surv\u00e9cu contre vents et mar\u00e9es jusqu\u2019\u00e0 aujourd\u2019hui.<\/p>\n<p class=\"fs-5 \">\u00ab\u00a0Cette histoire est belle et m\u00e9rite d\u2019\u00eatre racont\u00e9e au travers de lectures, d\u2019extraits de pi\u00e8ces embl\u00e9matiques, de vid\u00e9os&#8230; Ce sera un condens\u00e9 du combat qu\u2019Andr\u00e9 Neyton a men\u00e9. En r\u00e9sum\u00e9, le travail d\u2019une vie, r\u00e9sum\u00e9 en 1 h 30.\u00a0\u00bb<\/p>\n<p class=\"fs-5 \">\u00c0 cette occasion, un grand portrait du fondateur du Com\u00e9dia sera d\u00e9voil\u00e9 dans le hall du th\u00e9\u00e2tre. Pour marquer le coup et la m\u00e9moire du lieu.<\/p>\n<p class=\"fs-5 \">L\u2019entr\u00e9e est fix\u00e9e \u00e0 15 euros pour balayer des d\u00e9cennies de cr\u00e9ations \u00e0 Toulon dans cet \u00e9crin de culture (r\u00e9sistante) au c\u0153ur du Mourillon.<\/p>\n","protected":false},"excerpt":{"rendered":"Andr\u00e9 Neyton a port\u00e9 l\u2019Espace Com\u00e9dia \u00e0 bout de bras jusqu\u2019\u00e0 l\u2019\u00e2ge de 90 ans. Il est d\u00e9c\u00e9d\u00e9&hellip;\n","protected":false},"author":2,"featured_media":575580,"comment_status":"","ping_status":"","sticky":false,"template":"","format":"standard","meta":{"footnotes":""},"categories":[9619],"tags":[1111,11,1777,674,1011,27,12,882,25,2310],"class_list":{"0":"post-575579","1":"post","2":"type-post","3":"status-publish","4":"format-standard","5":"has-post-thumbnail","7":"category-toulon","8":"tag-actu","9":"tag-actualites","10":"tag-eu","11":"tag-europe","12":"tag-fr","13":"tag-france","14":"tag-news","15":"tag-provence-alpes-cote-dazur","16":"tag-republique-francaise","17":"tag-toulon"},"share_on_mastodon":{"url":"https:\/\/pubeurope.com\/@fr\/115656249711943607","error":""},"_links":{"self":[{"href":"https:\/\/www.europesays.com\/fr\/wp-json\/wp\/v2\/posts\/575579","targetHints":{"allow":["GET"]}}],"collection":[{"href":"https:\/\/www.europesays.com\/fr\/wp-json\/wp\/v2\/posts"}],"about":[{"href":"https:\/\/www.europesays.com\/fr\/wp-json\/wp\/v2\/types\/post"}],"author":[{"embeddable":true,"href":"https:\/\/www.europesays.com\/fr\/wp-json\/wp\/v2\/users\/2"}],"replies":[{"embeddable":true,"href":"https:\/\/www.europesays.com\/fr\/wp-json\/wp\/v2\/comments?post=575579"}],"version-history":[{"count":0,"href":"https:\/\/www.europesays.com\/fr\/wp-json\/wp\/v2\/posts\/575579\/revisions"}],"wp:featuredmedia":[{"embeddable":true,"href":"https:\/\/www.europesays.com\/fr\/wp-json\/wp\/v2\/media\/575580"}],"wp:attachment":[{"href":"https:\/\/www.europesays.com\/fr\/wp-json\/wp\/v2\/media?parent=575579"}],"wp:term":[{"taxonomy":"category","embeddable":true,"href":"https:\/\/www.europesays.com\/fr\/wp-json\/wp\/v2\/categories?post=575579"},{"taxonomy":"post_tag","embeddable":true,"href":"https:\/\/www.europesays.com\/fr\/wp-json\/wp\/v2\/tags?post=575579"}],"curies":[{"name":"wp","href":"https:\/\/api.w.org\/{rel}","templated":true}]}}