{"id":575589,"date":"2025-12-03T15:10:19","date_gmt":"2025-12-03T15:10:19","guid":{"rendered":"https:\/\/www.europesays.com\/fr\/575589\/"},"modified":"2025-12-03T15:10:19","modified_gmt":"2025-12-03T15:10:19","slug":"le-rn-se-lance-dans-la-course-voici-son-candidat","status":"publish","type":"post","link":"https:\/\/www.europesays.com\/fr\/575589\/","title":{"rendered":"le RN se lance dans la course, voici son candidat"},"content":{"rendered":"<p>                    Par<br \/>\n        <strong><br \/>\n            <a href=\"https:\/\/actu.fr\/auteur\/lisa-rodrigues\" title=\"Consulter tous les articles de Lisa Rodrigues\" target=\"_blank\" rel=\"noopener\">Lisa Rodrigues<\/a><br \/>\n                    <\/strong><\/p>\n<p>        Publi\u00e9 le<\/p>\n<p>            3 d\u00e9c. 2025 \u00e0 11h10        <\/p>\n<p>C\u2019est officiel : le <a href=\"https:\/\/actu.fr\/tag\/rassemblement-national-rn\" target=\"_blank\" rel=\"noopener\">Rassemblement national<\/a> sera bien pr\u00e9sent aux municipales de <a href=\"https:\/\/actu.fr\/auvergne-rhone-alpes\/grenoble_38185\" target=\"_blank\" rel=\"noopener\">Grenoble<\/a>. Apr\u00e8s avoir \u00e9chou\u00e9 \u00e0 d\u00e9poser une liste sous ses couleurs en 2020, le parti de <a href=\"https:\/\/actu.fr\/tag\/marine-le-pen\" target=\"_blank\" rel=\"noopener\">Marine Le Pen<\/a> a annonc\u00e9 avoir trouv\u00e9 suffisamment de personnes pour se lancer en 2026.<\/p>\n<p class=\" wall-content\">Et en tant que candidat pour le poste d\u2019<a href=\"https:\/\/actu.fr\/tag\/eric-piolle\" target=\"_blank\" rel=\"noopener\">\u00c9ric Piolle<\/a>, c\u2019est <strong>Valentin Gabriac<\/strong>, chef de file du parti pour les municipales grenobloises, qui a \u00e9t\u00e9 d\u00e9sign\u00e9.<\/p>\n<p>S\u00e9curit\u00e9, attractivit\u00e9 et propret\u00e9<\/p>\n<p class=\" wall-content\">Le nouveau candidat doit lancer officiellement sa candidature lundi 8 d\u00e9cembre, en pr\u00e9sence du d\u00e9l\u00e9gu\u00e9 d\u00e9partemental du RN et d\u00e9put\u00e9 de la 10\u1d49 circonscription <a href=\"https:\/\/actu.fr\/auvergne-rhone-alpes\/grenoble_38185\/condamnation-de-marine-le-pen-un-choc-les-deputes-rn-de-l-isere-montent-au-creneau_62448541.html\" target=\"_blank\" rel=\"noopener\">Thierry Perez<\/a>.<\/p>\n<p class=\" wall-content\">La liste portera le nom de <strong>\u00ab Grenoble Capitale des Alpes \u00bb<\/strong>, annonce Valentin Gabriac dans un communiqu\u00e9 transmis \u00e0 la presse.<\/p>\n<blockquote class=\"ac-article-quote wall-content\">\n<p>Nous souhaitons refaire de Grenoble la Capitale des Alpes et lui redonner le rayonnement \u00e9conomique, culturel et scientifique qu\u2019elle m\u00e9rite. Les trois axes de notre programme seront la s\u00e9curit\u00e9, l\u2019attractivit\u00e9 et la propret\u00e9.<\/p>\n<p>    <strong>Valentin Gabriac<\/strong>\n            <\/p><\/blockquote>\n<p>Les pr\u00e9c\u00e9dents scores de l\u2019extr\u00eame droite aux municipales<\/p>\n<p class=\" wall-content\">Pour rappel, \u00e0 Grenoble, le RN n\u2019a historiquement pas les faveurs des \u00e9lecteurs aux municipales.<\/p>\n<p class=\" wall-content\">En 2020, <strong>Mireille D\u2019Ornano<\/strong> qui s\u2019est pr\u00e9sent\u00e9e comme candidate sans \u00e9tiquette sur une t\u00eate de liste extr\u00eame droite, avait r\u00e9colt\u00e9 un peu plus de 2% des voix au premier tour. En 2014, elle s\u2019est lanc\u00e9e avec le soutien du FN (devenu ensuite le RN), o\u00f9 elle est arriv\u00e9e en 4e position au premier tour et au second tour, \u00e0 respectivement 12,56% et 8,52% des voix.<\/p>\n<p class=\" wall-content\">Personnalisez votre actualit\u00e9 en ajoutant vos villes et m\u00e9dias en favori avec <a href=\"https:\/\/moncompte.actu.fr\" title=\"D\u00e9couvez Mon Actu\" rel=\"nofollow noopener\" data-trk=\"{&quot;cta&quot;:{&quot;action&quot;:&quot;https:\\\/\\\/moncompte.actu.fr&quot;,&quot;category&quot;:&quot;mon compte&quot;,&quot;from&quot;:&quot;article footer&quot;,&quot;name&quot;:&quot;Mon actu&quot;,&quot;type&quot;:&quot;cta&quot;}}\" target=\"_blank\">Mon Actu<\/a>.<\/p>\n","protected":false},"excerpt":{"rendered":"Par Lisa Rodrigues Publi\u00e9 le 3 d\u00e9c. 2025 \u00e0 11h10 C\u2019est officiel : le Rassemblement national sera bien&hellip;\n","protected":false},"author":2,"featured_media":575590,"comment_status":"","ping_status":"","sticky":false,"template":"","format":"standard","meta":{"footnotes":""},"categories":[9566],"tags":[1111,11,2430,4188,1777,674,1011,27,2731,3434,12,316,2556,25],"class_list":{"0":"post-575589","1":"post","2":"type-post","3":"status-publish","4":"format-standard","5":"has-post-thumbnail","7":"category-grenoble","8":"tag-actu","9":"tag-actualites","10":"tag-auvergne-rhone-alpes","11":"tag-elections-municipales","12":"tag-eu","13":"tag-europe","14":"tag-fr","15":"tag-france","16":"tag-grenoble","17":"tag-municipales-2026","18":"tag-news","19":"tag-politique","20":"tag-rassemblement-national-rn","21":"tag-republique-francaise"},"share_on_mastodon":{"url":"https:\/\/pubeurope.com\/@fr\/115656276251186522","error":""},"_links":{"self":[{"href":"https:\/\/www.europesays.com\/fr\/wp-json\/wp\/v2\/posts\/575589","targetHints":{"allow":["GET"]}}],"collection":[{"href":"https:\/\/www.europesays.com\/fr\/wp-json\/wp\/v2\/posts"}],"about":[{"href":"https:\/\/www.europesays.com\/fr\/wp-json\/wp\/v2\/types\/post"}],"author":[{"embeddable":true,"href":"https:\/\/www.europesays.com\/fr\/wp-json\/wp\/v2\/users\/2"}],"replies":[{"embeddable":true,"href":"https:\/\/www.europesays.com\/fr\/wp-json\/wp\/v2\/comments?post=575589"}],"version-history":[{"count":0,"href":"https:\/\/www.europesays.com\/fr\/wp-json\/wp\/v2\/posts\/575589\/revisions"}],"wp:featuredmedia":[{"embeddable":true,"href":"https:\/\/www.europesays.com\/fr\/wp-json\/wp\/v2\/media\/575590"}],"wp:attachment":[{"href":"https:\/\/www.europesays.com\/fr\/wp-json\/wp\/v2\/media?parent=575589"}],"wp:term":[{"taxonomy":"category","embeddable":true,"href":"https:\/\/www.europesays.com\/fr\/wp-json\/wp\/v2\/categories?post=575589"},{"taxonomy":"post_tag","embeddable":true,"href":"https:\/\/www.europesays.com\/fr\/wp-json\/wp\/v2\/tags?post=575589"}],"curies":[{"name":"wp","href":"https:\/\/api.w.org\/{rel}","templated":true}]}}