{"id":575597,"date":"2025-12-03T15:15:19","date_gmt":"2025-12-03T15:15:19","guid":{"rendered":"https:\/\/www.europesays.com\/fr\/575597\/"},"modified":"2025-12-03T15:15:19","modified_gmt":"2025-12-03T15:15:19","slug":"on-fait-quoi-ce-week-end-ballet-nautique-don-des-dragons-cine-culte-nos-idees-de-sorties-ce-week-end","status":"publish","type":"post","link":"https:\/\/www.europesays.com\/fr\/575597\/","title":{"rendered":"On fait quoi ce week-end. Ballet nautique, Don des dragons, cin\u00e9 culte&#8230; Nos id\u00e9es de sorties ce week-end"},"content":{"rendered":"<p class=\"insetTitle\">C\u00f4t\u00e9 cin\u00e9 : \u201cScarface\u201d, de Brian de Palma<\/p>\n<p>Si\u00a0Francis Ford Coppola\u00a0a offert Le Parrain au septi\u00e8me art, Brian de Palma l&rsquo;a marqu\u00e9 au fer rouge avec la figure de Tony Montana. Sorti sur les \u00e9crans fran\u00e7ais en 1984, Scarface suit la trajectoire, forc\u00e9ment sanglante, \u00e9videmment tragique, d&rsquo;un jeune Cubain d\u00e9cid\u00e9 \u00e0 vivre le r\u00eave am\u00e9ricain \u00e0 Miami. Quitte \u00e0 le faire \u00e0 la mani\u00e8re d&rsquo;un gangster, en jouant des coudes et du flingue \u00e0 Little Havana&#8230;<\/p>\n<p>Robin des bois ultra-violent autant que touchant, le personnage incarn\u00e9 par Al Pacino &#8211; d\u00e9cid\u00e9ment imp\u00e9rial en malfrat -, se forge une vie, un nom, une r\u00e9putation \u00e0 force de tailler la route sans jamais courber l&rsquo;\u00e9chine. Le tout sur fond de trafic de coca\u00efne et de luttes meurtr\u00e8res pour le pouvoir dans les rues de \u00ab\u00a0Magic City\u00a0\u00bb, et sublim\u00e9 tant par la bande son de Giorgio Morroder (Midnight Express) que par le sens de l&rsquo;image du virtuose Brian de Palma, dont la filmographie, durant les ann\u00e9es 1970 \u00e0 1990, est un condens\u00e9 de classiques absolus du septi\u00e8me art (Phantom of the Paradise, Carrie au bal du diable, Les Incorruptibles, Blow Out, L&rsquo;Impasse&#8230;).<\/p>\n<p>La le\u00e7on du ma\u00eetre est diffus\u00e9e sur grand \u00e9cran samedi 6 d\u00e9cembre \u00e0 18h \u00e0 l&rsquo;UGC Cin\u00e9-Cit\u00e9, belle occasion s&rsquo;il en est de red\u00e9couvrir dans des conditions optimales un cin\u00e9aste majeur \u00e0 l&rsquo;heure de ses plus belles ann\u00e9es. Les tron\u00e7onneuses ne sont pas accept\u00e9es dans la salle.<\/p>\n<p class=\"note\">Scarface, de Brian de Palma, avec Al Pacino, Steven Bauer, Michelle Pfeiffer, Mary Elizabeth Mastrantonio.\u00a0Attention, film interdit aux moins de 12 ans. VOST, dur\u00e9e \u00a0: 2h50. Samedi 6 d\u00e9cembre \u00e0 18h \u00e0 l&rsquo;UGC Cin\u00e9-Cit\u00e9.<\/p>\n<p class=\"insetSignature\">N.B.<\/p>\n","protected":false},"excerpt":{"rendered":"C\u00f4t\u00e9 cin\u00e9 : \u201cScarface\u201d, de Brian de Palma Si\u00a0Francis Ford Coppola\u00a0a offert Le Parrain au septi\u00e8me art, Brian&hellip;\n","protected":false},"author":2,"featured_media":575598,"comment_status":"","ping_status":"","sticky":false,"template":"","format":"standard","meta":{"footnotes":""},"categories":[2820],"tags":[1111,11,1687,2880,1777,674,107,1011,27,775,5216,12,25,5512,3140,517,640,3265],"class_list":{"0":"post-575597","1":"post","2":"type-post","3":"status-publish","4":"format-standard","5":"has-post-thumbnail","7":"category-strasbourg","8":"tag-actu","9":"tag-actualites","10":"tag-culture-loisirs","11":"tag-edition-strasbourg","12":"tag-eu","13":"tag-europe","14":"tag-fil-info","15":"tag-fr","16":"tag-france","17":"tag-grand-est","18":"tag-natation","19":"tag-news","20":"tag-republique-francaise","21":"tag-schiltigheim","22":"tag-spectacle","23":"tag-sport","24":"tag-strasbourg","25":"tag-strasbourg-nord"},"share_on_mastodon":{"url":"https:\/\/pubeurope.com\/@fr\/115656296056320114","error":""},"_links":{"self":[{"href":"https:\/\/www.europesays.com\/fr\/wp-json\/wp\/v2\/posts\/575597","targetHints":{"allow":["GET"]}}],"collection":[{"href":"https:\/\/www.europesays.com\/fr\/wp-json\/wp\/v2\/posts"}],"about":[{"href":"https:\/\/www.europesays.com\/fr\/wp-json\/wp\/v2\/types\/post"}],"author":[{"embeddable":true,"href":"https:\/\/www.europesays.com\/fr\/wp-json\/wp\/v2\/users\/2"}],"replies":[{"embeddable":true,"href":"https:\/\/www.europesays.com\/fr\/wp-json\/wp\/v2\/comments?post=575597"}],"version-history":[{"count":0,"href":"https:\/\/www.europesays.com\/fr\/wp-json\/wp\/v2\/posts\/575597\/revisions"}],"wp:featuredmedia":[{"embeddable":true,"href":"https:\/\/www.europesays.com\/fr\/wp-json\/wp\/v2\/media\/575598"}],"wp:attachment":[{"href":"https:\/\/www.europesays.com\/fr\/wp-json\/wp\/v2\/media?parent=575597"}],"wp:term":[{"taxonomy":"category","embeddable":true,"href":"https:\/\/www.europesays.com\/fr\/wp-json\/wp\/v2\/categories?post=575597"},{"taxonomy":"post_tag","embeddable":true,"href":"https:\/\/www.europesays.com\/fr\/wp-json\/wp\/v2\/tags?post=575597"}],"curies":[{"name":"wp","href":"https:\/\/api.w.org\/{rel}","templated":true}]}}