{"id":575599,"date":"2025-12-03T15:16:22","date_gmt":"2025-12-03T15:16:22","guid":{"rendered":"https:\/\/www.europesays.com\/fr\/575599\/"},"modified":"2025-12-03T15:16:22","modified_gmt":"2025-12-03T15:16:22","slug":"le-racing-club-de-strasbourg-suspend-emanuel-emegha-pour-1-match","status":"publish","type":"post","link":"https:\/\/www.europesays.com\/fr\/575599\/","title":{"rendered":"le Racing Club de Strasbourg suspend Emanuel Emegha pour 1 match"},"content":{"rendered":"<p>    <img loading=\"lazy\" width=\"1800\" height=\"900\" src=\"https:\/\/www.europesays.com\/fr\/wp-content\/uploads\/2025\/11\/jeanne-callthepolice.jpg\" class=\"attachment-full size-full\" alt=\"\" id=\"imageLove\" decoding=\"async\"  \/><\/p>\n<p id=\"breadcrumbs\"><a href=\"https:\/\/pokaa.fr\/\" target=\"_blank\" rel=\"noopener\">Accueil<\/a> \/ <a href=\"https:\/\/pokaa.fr\/categories\/actu\/\" target=\"_blank\" rel=\"noopener\">Info locale<\/a> \/ <a href=\"https:\/\/pokaa.fr\/categories\/actu\/sport\/\" target=\"_blank\" rel=\"noopener\">Sport<\/a> \/ D\u00e9cision forte : le Racing Club de Strasbourg suspend Emanuel Emegha pour 1 match<\/p>\n<p>                    Sport<\/p>\n<p><b>Ce 3 d\u00e9cembre, le Racing Club de Strasbourg a annonc\u00e9 suspendre son capitaine Emanuel Emegha pour un match. Une d\u00e9cision prise \u00e0 la suite de plusieurs pol\u00e9miques autour du joueur n\u00e9erlandais, et d\u2019un \u00ab non-respect r\u00e9cent par le joueur des valeurs, des attentes et des r\u00e8gles du club \u00bb.<\/b><\/p>\n<p class=\"p1\">Le Racing tape du poing sur la table. Alors qu\u2019il reste sur trois d\u00e9faites en quatre matchs de Ligue 1 [et deux victoires en Ligue Conf\u00e9rence, ndlr],<b> le club a annonc\u00e9 ce 3 d\u00e9cembre suspendre son capitaine Emanuel Emegha pour le match face \u00e0 Toulouse le 6 d\u00e9cembre prochain<\/b>. Une d\u00e9cision forte, qui fait suite \u00e0 un \u00ab\u00a0non-respect r\u00e9cent par le joueur des valeurs, des attentes et des r\u00e8gles du club.\u00a0\u00bb<\/p>\n<p>    <img width=\"800\" height=\"533\" src=\"https:\/\/www.europesays.com\/fr\/wp-content\/uploads\/2025\/12\/dsc02492-800x533.jpg\" class=\"attachment-image-size-L size-image-size-L\" alt=\"racing meinau\" decoding=\"async\" loading=\"lazy\"  \/>         \u00a9 Anthony Jilli \/ Pokaa <\/p>\n<p>Comme justification, le club d\u00e9clare dans un communiqu\u00e9 : \u00ab\u00a0<b>Le Racing r\u00e9affirme son attachement aux principes essentiels d\u2019exemplarit\u00e9 et de respect du cadre collectif<\/b>. Emmanuel (sic) reste un membre important de notre \u00e9quipe, qui a toujours tout donn\u00e9 pour le club sur le terrain. <b>Il sera r\u00e9int\u00e9gr\u00e9 dans le groupe apr\u00e8s ce match<\/b>.\u00a0\u00bb Avant de conclure qu\u2019il ne ferait aucun autre commentaire sur cette affaire.<\/p>\n<blockquote class=\"twitter-tweet\">\n<p dir=\"ltr\" lang=\"fr\">\ud835\ude3e\ud835\ude64\ud835\ude62\ud835\ude62\ud835\ude6a\ud835\ude63\ud835\ude5e\ud835\ude66\ud835\ude6a\ud835\ude5a\u0301 \ud835\ude64\ud835\ude5b\ud835\ude5b\ud835\ude5e\ud835\ude58\ud835\ude5e\ud835\ude5a\ud835\ude61<\/p>\n<p>Le Racing Club de Strasbourg Alsace a d\u00e9cid\u00e9 de suspendre Emmanuel Emegha pour sa prochaine rencontre de Ligue 1, ce samedi 6 d\u00e9cembre \u00e0 Toulouse.<\/p>\n<p>Le communiqu\u00e9 \ud83d\udc47<\/p>\n<p>\u2014 Racing Club de Strasbourg Alsace (@RCSA) <a href=\"https:\/\/twitter.com\/RCSA\/status\/1996171302751580635?ref_src=twsrc%5Etfw\" target=\"_blank\" rel=\"noopener\">December 3, 2025<\/a><\/p>\n<\/blockquote>\n<p>Une d\u00e9cision logique apr\u00e8s des semaines de pol\u00e9miques<\/p>\n<p class=\"p1\">Cette d\u00e9cision ne vient pas de nulle part, et arrive apr\u00e8s plusieurs semaines de pol\u00e9miques. On pense bien s\u00fbr aux photos du capitaine avec le maillot de Chelsea, <a href=\"https:\/\/pokaa.fr\/2025\/09\/25\/racing-club-de-strasbourg-apres-14-ans-damour-pourquoi-ultras-et-direction-divorcent\/\" target=\"_blank\" rel=\"noopener\">qui avaient amen\u00e9 \u00e0 l\u2019affaire des banderoles le 14 septembre dernier et la cassure ultras\/direction<\/a>. <b>\u00c0 son retour de blessure face \u00e0 Lille le 9 novembre, il avait d\u00e9clar\u00e9 en zone mixte apr\u00e8s le match que \u00ab\u00a0contre Monaco j\u2019\u00e9tais pas l\u00e0, contre Paris j\u2019\u00e9tais pas l\u00e0, et contre Lille je suis l\u00e0, c\u2019est tout\u00a0\u00bb<\/b>, faisant penser que les mauvais r\u00e9sultats du Racing contre les gros \u00e9taient li\u00e9s \u00e0 son absence.<\/p>\n<blockquote><p>\n        Pour \u00eatre honn\u00eate, je ne savais pas o\u00f9 c\u2019\u00e9tait Strasbourg.    <\/p><\/blockquote>\n<p>            Emanuel Emegha, capitaine du Racing Club de Strasbourg<\/p>\n<p class=\"p1\">Plus grave encore contre le Racing, il avait d\u00e9clar\u00e9 au m\u00e9dia n\u00e9erlandais AD le 16 novembre dernier <b>qu\u2019il pensait que Strasbourg \u00ab \u00e9tait en Allemagne, mais c\u2019est en France. Maintenant, je pense que tout le monde conna\u00eet Strasbourg \u00bb.<\/b><\/p>\n<p class=\"p1\"> Des d\u00e9clarations qui n\u2019ont pas plu \u00e0 certain(e)s supporters\/rices, qui l\u2019ont siffl\u00e9 lors de sa sortie face \u00e0 Crystal Palace [apr\u00e8s une nouvelle c\u00e9l\u00e9bration contre eux d\u2019Emegha, ndlr]. Il faut croire que l\u2019accumulation n\u2019a pas plu au club, qui a d\u00e9cid\u00e9 de sanctionner.<\/p>\n<p>    <img width=\"800\" height=\"600\" src=\"https:\/\/www.europesays.com\/fr\/wp-content\/uploads\/2025\/09\/img-1333-grande-800x600.jpeg\" class=\"attachment-image-size-L size-image-size-L\" alt=\"meinau racing banderoles\" decoding=\"async\" loading=\"lazy\"  \/>         \u00a9 Nicolas Kaspar \/ Pokaa <\/p>\n<p>Un timing qui interroge<\/p>\n<p class=\"p1\">Si la d\u00e9cision va forc\u00e9ment faire parler dans les jours \u00e0 venir sur les r\u00e9seaux et dans les m\u00e9dias, le timing peut interroger. <b>Pourquoi avoir pris la d\u00e9cision maintenant, et pas directement apr\u00e8s les d\u00e9clarations du 16 novembre ?<\/b> <a href=\"https:\/\/www.lequipe.fr\/Football\/Actualites\/Le-capitaine-emmanuel-emegha-a-ete-suspendu-par-strasbourg\/1614138\" target=\"_blank\" rel=\"noopener\">Selon L\u2019\u00c9quipe<\/a>, avant d\u2019\u00eatre sanctionn\u00e9, le capitaine a pu s\u2019exprimer calmement avec Liam Rosenior, David Weir et Marc Keller lors de plusieurs r\u00e9unions.<\/p>\n<p class=\"p1\"><b>Fermet\u00e9 bienvenue pour les un(e)s, contrefeu pour \u00e9viter de parler des manques de r\u00e9sultats pour d\u2019autres, porte ouverte \u00e0 un d\u00e9gel des relations avec les ultras pour certain(e)s\u2026<\/b> Ou est-ce que quelque chose est arriv\u00e9 apr\u00e8s le match de Brest ? Les interpr\u00e9tations autour de cette d\u00e9cision seront nombreuses. Une chose est s\u00fbre : Emegha reviendra face \u00e0 Aberdeen, le 11 d\u00e9cembre.<\/p>\n<p><script async src=\"https:\/\/platform.twitter.com\/widgets.js\" charset=\"utf-8\"><\/script><\/p>\n","protected":false},"excerpt":{"rendered":"Accueil \/ Info locale \/ Sport \/ D\u00e9cision forte : le Racing Club de Strasbourg suspend Emanuel Emegha&hellip;\n","protected":false},"author":2,"featured_media":575600,"comment_status":"","ping_status":"","sticky":false,"template":"","format":"standard","meta":{"footnotes":""},"categories":[2820],"tags":[1111,11,11787,1777,674,2257,1011,27,775,66,12,8708,25,640],"class_list":{"0":"post-575599","1":"post","2":"type-post","3":"status-publish","4":"format-standard","5":"has-post-thumbnail","7":"category-strasbourg","8":"tag-actu","9":"tag-actualites","10":"tag-emanuel-emegha","11":"tag-eu","12":"tag-europe","13":"tag-foot","14":"tag-fr","15":"tag-france","16":"tag-grand-est","17":"tag-ligue-1","18":"tag-news","19":"tag-racing-club-de-strasbourg","20":"tag-republique-francaise","21":"tag-strasbourg"},"share_on_mastodon":{"url":"https:\/\/pubeurope.com\/@fr\/115656301198349660","error":""},"_links":{"self":[{"href":"https:\/\/www.europesays.com\/fr\/wp-json\/wp\/v2\/posts\/575599","targetHints":{"allow":["GET"]}}],"collection":[{"href":"https:\/\/www.europesays.com\/fr\/wp-json\/wp\/v2\/posts"}],"about":[{"href":"https:\/\/www.europesays.com\/fr\/wp-json\/wp\/v2\/types\/post"}],"author":[{"embeddable":true,"href":"https:\/\/www.europesays.com\/fr\/wp-json\/wp\/v2\/users\/2"}],"replies":[{"embeddable":true,"href":"https:\/\/www.europesays.com\/fr\/wp-json\/wp\/v2\/comments?post=575599"}],"version-history":[{"count":0,"href":"https:\/\/www.europesays.com\/fr\/wp-json\/wp\/v2\/posts\/575599\/revisions"}],"wp:featuredmedia":[{"embeddable":true,"href":"https:\/\/www.europesays.com\/fr\/wp-json\/wp\/v2\/media\/575600"}],"wp:attachment":[{"href":"https:\/\/www.europesays.com\/fr\/wp-json\/wp\/v2\/media?parent=575599"}],"wp:term":[{"taxonomy":"category","embeddable":true,"href":"https:\/\/www.europesays.com\/fr\/wp-json\/wp\/v2\/categories?post=575599"},{"taxonomy":"post_tag","embeddable":true,"href":"https:\/\/www.europesays.com\/fr\/wp-json\/wp\/v2\/tags?post=575599"}],"curies":[{"name":"wp","href":"https:\/\/api.w.org\/{rel}","templated":true}]}}