{"id":575605,"date":"2025-12-03T15:19:20","date_gmt":"2025-12-03T15:19:20","guid":{"rendered":"https:\/\/www.europesays.com\/fr\/575605\/"},"modified":"2025-12-03T15:19:20","modified_gmt":"2025-12-03T15:19:20","slug":"un-nouveau-president-pour-la-jeune-chambre-economique-de-nantes","status":"publish","type":"post","link":"https:\/\/www.europesays.com\/fr\/575605\/","title":{"rendered":"Un nouveau pr\u00e9sident pour la Jeune chambre \u00e9conomique de Nantes"},"content":{"rendered":"<p>\u00c0 l\u2019issue de son assembl\u00e9e g\u00e9n\u00e9rale qui s\u2019est tenue le 26\u00a0novembre, la Jeune chambre \u00e9conomique (JCE) de Nantes a \u00e9lu son nouveau pr\u00e9sident pour 2026.<\/p>\n<p>Ancien opticien lunetier \u00e0 Nantes, \u00c9milien Greffier est membre de la JCE depuis 2023. Il en \u00e9tait le vice-pr\u00e9sident depuis janvier\u00a02025. Il est par ailleurs charg\u00e9 de d\u00e9veloppement \u00e0 la Conf\u00e9d\u00e9ration des petites et moyennes entreprises (CPME) de Loire-Atlantique et conseiller technique \u00e0 la CCI Nantes Saint-Nazaire.<\/p>\n<p>Son objectif\u00a0: \u00a0Renforcer la capacit\u00e9 de la JCE \u00e0 faire \u00e9merger des leaders engag\u00e9s et \u00e0 mener des actions utiles au territoire\u00a0.<\/p>\n<p>Formation<\/p>\n<p>La JCE Nantes est affili\u00e9e au mouvement JCI pr\u00e9sent dans plus de 100\u00a0pays, reconnu pour son r\u00f4le dans la formation de jeunes leaders citoyens de 18 \u00e0 40\u00a0ans et pour la mise en \u0153uvre de projets innovants au service de la cit\u00e9.\u00a0Elle rassemble des jeunes actifs souhaitant d\u00e9velopper leurs comp\u00e9tences, prendre des responsabilit\u00e9s et agir concr\u00e8tement pour leur territoire.<\/p>\n<p>\u00a0<\/p>\n","protected":false},"excerpt":{"rendered":"\u00c0 l\u2019issue de son assembl\u00e9e g\u00e9n\u00e9rale qui s\u2019est tenue le 26\u00a0novembre, la Jeune chambre \u00e9conomique (JCE) de Nantes&hellip;\n","protected":false},"author":2,"featured_media":575606,"comment_status":"","ping_status":"","sticky":false,"template":"","format":"standard","meta":{"footnotes":""},"categories":[2818],"tags":[1111,11,15760,2811,1777,674,1011,27,3913,766,12,4565,2636,4919,25],"class_list":{"0":"post-575605","1":"post","2":"type-post","3":"status-publish","4":"format-standard","5":"has-post-thumbnail","7":"category-nantes","8":"tag-actu","9":"tag-actualites","10":"tag-chambre","11":"tag-economique","12":"tag-eu","13":"tag-europe","14":"tag-fr","15":"tag-france","16":"tag-jeune","17":"tag-nantes","18":"tag-news","19":"tag-nouveau","20":"tag-pays-de-la-loire","21":"tag-president","22":"tag-republique-francaise"},"share_on_mastodon":{"url":"https:\/\/pubeurope.com\/@fr\/115656311663337618","error":""},"_links":{"self":[{"href":"https:\/\/www.europesays.com\/fr\/wp-json\/wp\/v2\/posts\/575605","targetHints":{"allow":["GET"]}}],"collection":[{"href":"https:\/\/www.europesays.com\/fr\/wp-json\/wp\/v2\/posts"}],"about":[{"href":"https:\/\/www.europesays.com\/fr\/wp-json\/wp\/v2\/types\/post"}],"author":[{"embeddable":true,"href":"https:\/\/www.europesays.com\/fr\/wp-json\/wp\/v2\/users\/2"}],"replies":[{"embeddable":true,"href":"https:\/\/www.europesays.com\/fr\/wp-json\/wp\/v2\/comments?post=575605"}],"version-history":[{"count":0,"href":"https:\/\/www.europesays.com\/fr\/wp-json\/wp\/v2\/posts\/575605\/revisions"}],"wp:featuredmedia":[{"embeddable":true,"href":"https:\/\/www.europesays.com\/fr\/wp-json\/wp\/v2\/media\/575606"}],"wp:attachment":[{"href":"https:\/\/www.europesays.com\/fr\/wp-json\/wp\/v2\/media?parent=575605"}],"wp:term":[{"taxonomy":"category","embeddable":true,"href":"https:\/\/www.europesays.com\/fr\/wp-json\/wp\/v2\/categories?post=575605"},{"taxonomy":"post_tag","embeddable":true,"href":"https:\/\/www.europesays.com\/fr\/wp-json\/wp\/v2\/tags?post=575605"}],"curies":[{"name":"wp","href":"https:\/\/api.w.org\/{rel}","templated":true}]}}