{"id":575617,"date":"2025-12-03T15:26:20","date_gmt":"2025-12-03T15:26:20","guid":{"rendered":"https:\/\/www.europesays.com\/fr\/575617\/"},"modified":"2025-12-03T15:26:20","modified_gmt":"2025-12-03T15:26:20","slug":"pour-la-3e-fois-seclin-fait-son-avignon","status":"publish","type":"post","link":"https:\/\/www.europesays.com\/fr\/575617\/","title":{"rendered":"pour la 3e fois, Seclin \u00ab fait son Avignon \u00bb"},"content":{"rendered":"<p>                    Par<br \/>\n        <strong><br \/>\n            <a href=\"https:\/\/actu.fr\/auteur\/amandine-vachez\" title=\"Consulter tous les articles de Amandine Vachez\" target=\"_blank\" rel=\"noopener\">Amandine Vachez<\/a><br \/>\n                    <\/strong><\/p>\n<p>        Publi\u00e9 le<\/p>\n<p>            3 d\u00e9c. 2025 \u00e0 15h36        <\/p>\n<p>C\u2019\u00e9tait un pari os\u00e9. Un pari qui s\u2019av\u00e8re gagnant. La<b> Ville de Seclin <\/b>(Nord) propose <a href=\"https:\/\/actu.fr\/hauts-de-france\/seclin_59560\/spectacles-en-avril-seclin-fait-son-avignon_60918627.html\" target=\"_blank\" rel=\"noopener\">depuis 2024<\/a> un<b> festival de th\u00e9\u00e2tre<\/b>, avec des pi\u00e8ces s\u00e9lectionn\u00e9es sur le volet. <b>Huit cr\u00e9ations, in\u00e9dites en r\u00e9gion<\/b>, seront jou\u00e9es dans la ville pour la <b>3e \u00e9dition<\/b>, qui s\u2019\u00e9talera<b> du 1er au 16\u00a0mars 2026. <\/b>F\u00e9rus de th\u00e9\u00e2tre et curieux de d\u00e9couvertes devraient y trouver leur compte, d\u00e8s le plus jeune \u00e2ge.<\/p>\n<p>En trois ans, le festival a bien grandi<\/p>\n<p class=\" wall-content\">Comme beaucoup d\u2019\u00e9v\u00e9nements culturels qui voient le jour, \u00ab\u2009Seclin fait son Avignon\u2009\u00bb est l\u2019\u0153uvre d\u2019un passionn\u00e9. Didier Serrurier, adjoint au maire \u00e0 la culture, avait envie de cr\u00e9er un festival dans la ville. Le maire l\u2019a suivi dans son id\u00e9e, pr\u00e9sent\u00e9e d\u2019embl\u00e9e avec le titre du festival. \u00ab\u2009Un titre qui intrigue. \u00c0 quoi \u00e7a vous fait penser, vous\u2009?\u2009\u00bb, demande-t-il tout de go.\u00a0<\/p>\n<p class=\" wall-content\">La formule a vite pris, avec une premi\u00e8re \u00e9dition en avril 2024, pour laquelle on trouvait \u00e0 l\u2019agenda <b>du <\/b><b>th\u00e9\u00e2tre et de l\u2019humour, dont plusieurs seuls en sc\u00e8ne.\u00a0<\/b>Il a fallu composer avec un budget r\u00e9duit, et surtout miser sur ce pari, pas gagn\u00e9 d\u2019avance. Mais en deux \u00e9ditions, le festival a su trouver son public. En 2025, <b>plus de 1\u2009200 entr\u00e9es <\/b>ont \u00e9t\u00e9 comptabilis\u00e9es, pour une \u00e9dition autour du th\u00e8me de la libert\u00e9.<\/p>\n<p>\u00ab\u2009DemainS, d\u2019hier et d\u2019aujourd\u2019hui\u2009\u00bb pour l\u2019\u00e9dition 2026<\/p>\n<p class=\" wall-content\">Du 1er au 16\u00a0mars prochain, les spectateurs seclinois pourront profiter de <b>huit pi\u00e8ces et 10\u00a0repr\u00e9sentations<\/b>. Le programme s\u2019articule autour d\u2019une th\u00e9matique un brin philosophe\u2009: \u00ab\u2009DemainS, d\u2019hier et d\u2019aujourd\u2019hui\u2009\u00bb.<\/p>\n<p class=\" wall-content\">Avec Les C\u0153urs Andalous, un plongeon dans l\u2019hier du XIXe si\u00e8cle attend les spectateurs. Le spectacle revient sur une tradition. \u00ab\u2009Les femmes \u00e9crivaient leurs secrets les plus intimes sur un papier, qu\u2019elles glissaient dans un c\u0153ur cousu, qui se transmettait de m\u00e8re en fille\u2009\u00bb, relate Didier Serrurier. Une femme va un jour choisir d\u2019ouvrir un c\u0153ur, et se confronter aux surprises qu\u2019il renferme.<\/p>\n<p class=\" wall-content\">Des <b>figures historiques<\/b> seront mises en avant dans des pi\u00e8ces pourtant criantes d\u2019actualit\u00e9, comme Sur les pas de L\u00e9onard de Vinci. Un homme du XXIe\u00a0si\u00e8cle se retrouve plong\u00e9 \u00e0 l\u2019\u00e9poque du c\u00e9l\u00e8bre inventeur. Une immersion dans son atelier, entre f\u00e9erie, effets sc\u00e9niques impressionnants et musique. Dans Gauguin \u2013 Van Gogh, le duo d\u2019artistes immerge les spectateurs dans l\u2019imaginaire cr\u00e9atif de ces deux peintres qui ont v\u00e9cu \u00e0 la m\u00eame \u00e9poque. Une amiti\u00e9 tournant autour de la passion pour la peinture, entre joies, doutes et g\u00e9nie absolu\u2009!<\/p>\n<p>Votre r\u00e9gion, votre actu !<\/p>\n<p>Recevez chaque jour les infos qui comptent pour vous.<\/p>\n<p>\t<a href=\"https:\/\/actu.fr\/newsletter\" class=\"ac-btn ac-btn--corner ac-btn--medium ac-btn--blue800\" target=\"_blank\" rel=\"noopener\">S&rsquo;incrire<\/a><br \/>\nL\u2019Iliade avec des joueurs de hockey<\/p>\n<p class=\" wall-content\">L\u2019Iliade sera rejou\u00e9e dans une adaptation tr\u00e8s originale, avec pour toile de fond le\u2026 hockey sur glace. Accueillis par les acteurs dans la salle, les spectateurs seront plong\u00e9s dans une cr\u00e9ation o\u00f9 le<b> loufoque<\/b> a la part belle. Cette pi\u00e8ce sera d\u2019ailleurs jou\u00e9e devant des scolaires (4e et 3e), avec un bord de plateau, comme Antigone l\u2019ann\u00e9e pr\u00e9c\u00e9dente.<\/p>\n<p class=\" wall-content\">Filles, m\u00e8res, rebelles\u2026 Suffragettes plonge dans l\u2019Angleterre de 1913, alors qu\u2019on est dans Climax au c\u0153ur du <b>burlesque<\/b> pour inviter \u00e0 la r\u00e9flexion par le rire.<\/p>\n<blockquote class=\"ac-article-quote wall-content\">\n<p>On prend des choses que les gens ne voient pas ici autrement.<\/p>\n<p>Didier Serrurier, adjoint au maire \u00e0 la culture pour la Ville de Seclin.<\/p><\/blockquote>\n<p>Un spectacle magique et fantastique, pour toutes les g\u00e9n\u00e9rations<\/p>\n<p class=\" wall-content\">Parmi les trouvailles pour l\u2019\u00e9dition 2026, Gabor et les chapeaux rouill\u00e9s. Une pi\u00e8ce que Didier Serrurier a vu se jouer face \u00e0 un public interg\u00e9n\u00e9rationnel. \u00ab\u2009C\u2019est<b> un spectacle qui r\u00e9veille l\u2019imaginaire, qui touche toutes les g\u00e9n\u00e9rations. <\/b>Tout le monde \u00e9tait dedans. C\u2019est magique, c\u2019est fantastique\u2009!\u2009\u00bb, t\u00e9moigne-t-il. Propos\u00e9 dans une esth\u00e9tique steampunk, ce spectacle hors du commun, le \u00ab\u2009plus l\u00e9ger et accessible\u2009\u00bb de l\u2019\u00e9dition 2026, qui est aussi participatif, devrait marquer les esprits.<\/p>\n<p class=\" wall-content\">Enfin, pour cl\u00f4turer le tout, Des fleurs pour Algernon. Inspir\u00e9 d\u2019un roman de Daniel Keyes, cette <b>\u0153uvre soul\u00e8ve de multiples questionnements.<\/b> Son personnage principal, Charly, souffrant de son niveau bas d\u2019intelligence, va devenir sujet d\u2019une exp\u00e9rience scientifique. Il va \u00eatre le premier humain \u00e0 \u00eatre test\u00e9 apr\u00e8s une souris, et \u00eatre propuls\u00e9 dans les hautes sph\u00e8res, avant qu\u2019une mauvaise surprise ne bouleverse ce nouvel ordre.<\/p>\n<p class=\" wall-content\">Dans ces spectacles o\u00f9 une certaine vision du monde d\u2019hier, d\u2019aujourd\u2019hui ou celui, potentiel de demain, se r\u00e9pondent, <b>la musique et l\u2019esth\u00e9tique, voire la danse<\/b>, ont une part pr\u00e9pond\u00e9rante.<\/p>\n<p class=\" wall-content\">Une proposition artistique assur\u00e9ment audacieuse qui, l\u2019\u00e9quipe municipale y croit, saura attirer les curieux.<\/p>\n<p>Des tarifs sp\u00e9ciaux sont mis en vigueur pour le festival, dont les spectacles se tiendront dans la salle Ronny Coutteure. La place est \u00e0 15,25 euros (12,20 euros \u00e0 tarif r\u00e9duit), les 2 \u00e0 25,45 euros (20,35 euros en r\u00e9duit), les 3 pour 45,75 euros (ou 30,50 euros) et les 8 pour 81,35 euros (50,85 euros). Toutes les informations sur le festival et pour r\u00e9server sont disponibles <a href=\"https:\/\/ville-seclin.fr\/actualites\/2701-seclin-fait-son-avignon-2026\" target=\"_blank\" rel=\"noopener\">sur le site officiel de la Ville de Seclin<\/a>.<\/p>\n<p class=\" wall-content\">Personnalisez votre actualit\u00e9 en ajoutant vos villes et m\u00e9dias en favori avec <a href=\"https:\/\/moncompte.actu.fr\" title=\"D\u00e9couvez Mon Actu\" rel=\"nofollow noopener\" data-trk=\"{&quot;cta&quot;:{&quot;action&quot;:&quot;https:\\\/\\\/moncompte.actu.fr&quot;,&quot;category&quot;:&quot;mon compte&quot;,&quot;from&quot;:&quot;article footer&quot;,&quot;name&quot;:&quot;Mon actu&quot;,&quot;type&quot;:&quot;cta&quot;}}\" target=\"_blank\">Mon Actu<\/a>.<\/p>\n","protected":false},"excerpt":{"rendered":"Par Amandine Vachez Publi\u00e9 le 3 d\u00e9c. 2025 \u00e0 15h36 C\u2019\u00e9tait un pari os\u00e9. Un pari qui s\u2019av\u00e8re&hellip;\n","protected":false},"author":2,"featured_media":575618,"comment_status":"","ping_status":"","sticky":false,"template":"","format":"standard","meta":{"footnotes":""},"categories":[2815],"tags":[1111,11,1777,674,652,1011,27,811,1307,1652,12,25,853],"class_list":{"0":"post-575617","1":"post","2":"type-post","3":"status-publish","4":"format-standard","5":"has-post-thumbnail","7":"category-lille","8":"tag-actu","9":"tag-actualites","10":"tag-eu","11":"tag-europe","12":"tag-famille","13":"tag-fr","14":"tag-france","15":"tag-hauts-de-france","16":"tag-lille","17":"tag-loisirs-culture","18":"tag-news","19":"tag-republique-francaise","20":"tag-spectacles"},"share_on_mastodon":{"url":"https:\/\/pubeurope.com\/@fr\/115656339228167324","error":""},"_links":{"self":[{"href":"https:\/\/www.europesays.com\/fr\/wp-json\/wp\/v2\/posts\/575617","targetHints":{"allow":["GET"]}}],"collection":[{"href":"https:\/\/www.europesays.com\/fr\/wp-json\/wp\/v2\/posts"}],"about":[{"href":"https:\/\/www.europesays.com\/fr\/wp-json\/wp\/v2\/types\/post"}],"author":[{"embeddable":true,"href":"https:\/\/www.europesays.com\/fr\/wp-json\/wp\/v2\/users\/2"}],"replies":[{"embeddable":true,"href":"https:\/\/www.europesays.com\/fr\/wp-json\/wp\/v2\/comments?post=575617"}],"version-history":[{"count":0,"href":"https:\/\/www.europesays.com\/fr\/wp-json\/wp\/v2\/posts\/575617\/revisions"}],"wp:featuredmedia":[{"embeddable":true,"href":"https:\/\/www.europesays.com\/fr\/wp-json\/wp\/v2\/media\/575618"}],"wp:attachment":[{"href":"https:\/\/www.europesays.com\/fr\/wp-json\/wp\/v2\/media?parent=575617"}],"wp:term":[{"taxonomy":"category","embeddable":true,"href":"https:\/\/www.europesays.com\/fr\/wp-json\/wp\/v2\/categories?post=575617"},{"taxonomy":"post_tag","embeddable":true,"href":"https:\/\/www.europesays.com\/fr\/wp-json\/wp\/v2\/tags?post=575617"}],"curies":[{"name":"wp","href":"https:\/\/api.w.org\/{rel}","templated":true}]}}