{"id":575619,"date":"2025-12-03T15:27:13","date_gmt":"2025-12-03T15:27:13","guid":{"rendered":"https:\/\/www.europesays.com\/fr\/575619\/"},"modified":"2025-12-03T15:27:13","modified_gmt":"2025-12-03T15:27:13","slug":"la-ligne-1-du-metro-de-lille-encore-et-encore-a-larret-ce-mercredi","status":"publish","type":"post","link":"https:\/\/www.europesays.com\/fr\/575619\/","title":{"rendered":"la ligne 1 du m\u00e9tro de Lille encore et encore \u00e0 l&rsquo;arr\u00eat ce mercredi"},"content":{"rendered":"<p>                    Par<br \/>\n        <strong><br \/>\n            <a href=\"https:\/\/actu.fr\/auteur\/nicolas-demollien\" title=\"Consulter tous les articles de Nicolas Demollien\" target=\"_blank\" rel=\"noopener\">Nicolas Demollien<\/a><br \/>\n                    <\/strong><\/p>\n<p>        Publi\u00e9 le<\/p>\n<p>            3 d\u00e9c. 2025 \u00e0 15h52        <\/p>\n<p>Apr\u00e8s des <b>mois de perturbations<\/b>, la <a href=\"https:\/\/actu.fr\/tag\/metropole-europeenne-de-lille\" target=\"_blank\" rel=\"noopener\">M\u00e9tropole europ\u00e9enne de Lille<\/a> (Nord) annon\u00e7ait qu\u2019une solution avait \u00e9t\u00e9 trouv\u00e9e et que les <a href=\"https:\/\/actu.fr\/hauts-de-france\/lille_59350\/ligne-1-du-metro-ilevia-de-lille-les-essais-sont-concluants-les-nouvelles-rames-prevues-pour-fevrier-2026_63322432.html\" target=\"_blank\" rel=\"noopener\">essais \u00e9taient concluants<\/a> quant \u00e0 la modernisation de la <b>ligne 1 <\/b>du <b>m\u00e9tro<\/b> <a href=\"https:\/\/actu.fr\/tag\/ilevia\" target=\"_blank\" rel=\"noopener\">Il\u00e9via<\/a>. Mais en attendant, les <b>interruptions<\/b> ont repris un <b>rythme important<\/b> depuis quelques semaines. Ce <b>mercredi 3 d\u00e9cembre 2025<\/b>, la ligne a \u00e9t\u00e9 <b>\u00e0 nouveau \u00e0 l\u2019arr\u00eat<\/b>.<\/p>\n<p>La ligne 1 du m\u00e9tro de Lille encore arr\u00eat\u00e9e ce mercredi<\/p>\n<p class=\" wall-content\">A 15h30, Il\u00e9via a annonc\u00e9 qu\u2019il s\u2019agissait d\u2019un <b>\u00ab\u00a0incident sur une rame\u00a0\u00bb<\/b> et que le trafic allait reprendre vers 16h. Il a finalement repris aux alentours de 15h50.<\/p>\n<p class=\" wall-content\">\n<p class=\" wall-content\">Une interruption finalement assez courte. Mais assez pour que dans les rames et les stations, la col\u00e8re soit \u00e0 son comble. D\u2019autant que cette m\u00eame ligne <a href=\"https:\/\/actu.fr\/hauts-de-france\/lille_59350\/ilevia-la-ligne-1-du-metro-de-lille-encore-interrompue-ce-mardi-en-raison-du-nouveau-pilote-automatique_63515982.html\" target=\"_blank\" rel=\"noopener\">a connu une coupure mardi<\/a> et que le <b>trafic a \u00e9t\u00e9 perturb\u00e9 durant la matin\u00e9e de ce mercredi<\/b> \u00ab\u00a0en raison d\u2019un d\u00e9faut sur le nouveau pilote automatique\u00a0\u00bb. Le <a href=\"https:\/\/actu.fr\/tag\/metro\" target=\"_blank\" rel=\"noopener\">m\u00e9tro<\/a> avait alors circul\u00e9 avec un temps d\u2019attente entre deux m\u00e9tros rallong\u00e9, conduisant \u00e0 des rames bond\u00e9es.<\/p>\n<p class=\" wall-content\">Personnalisez votre actualit\u00e9 en ajoutant vos villes et m\u00e9dias en favori avec <a href=\"https:\/\/moncompte.actu.fr\" title=\"D\u00e9couvez Mon Actu\" rel=\"nofollow noopener\" data-trk=\"{&quot;cta&quot;:{&quot;action&quot;:&quot;https:\\\/\\\/moncompte.actu.fr&quot;,&quot;category&quot;:&quot;mon compte&quot;,&quot;from&quot;:&quot;article footer&quot;,&quot;name&quot;:&quot;Mon actu&quot;,&quot;type&quot;:&quot;cta&quot;}}\" target=\"_blank\">Mon Actu<\/a>.<\/p>\n","protected":false},"excerpt":{"rendered":"Par Nicolas Demollien Publi\u00e9 le 3 d\u00e9c. 2025 \u00e0 15h52 Apr\u00e8s des mois de perturbations, la M\u00e9tropole europ\u00e9enne&hellip;\n","protected":false},"author":2,"featured_media":575620,"comment_status":"","ping_status":"","sticky":false,"template":"","format":"standard","meta":{"footnotes":""},"categories":[2815],"tags":[1111,11,1777,674,1011,27,811,4288,1307,4047,12,25,104,2803],"class_list":{"0":"post-575619","1":"post","2":"type-post","3":"status-publish","4":"format-standard","5":"has-post-thumbnail","7":"category-lille","8":"tag-actu","9":"tag-actualites","10":"tag-eu","11":"tag-europe","12":"tag-fr","13":"tag-france","14":"tag-hauts-de-france","15":"tag-ilevia","16":"tag-lille","17":"tag-metro","18":"tag-news","19":"tag-republique-francaise","20":"tag-societe","21":"tag-transport"},"share_on_mastodon":{"url":"https:\/\/pubeurope.com\/@fr\/115656343112392347","error":""},"_links":{"self":[{"href":"https:\/\/www.europesays.com\/fr\/wp-json\/wp\/v2\/posts\/575619","targetHints":{"allow":["GET"]}}],"collection":[{"href":"https:\/\/www.europesays.com\/fr\/wp-json\/wp\/v2\/posts"}],"about":[{"href":"https:\/\/www.europesays.com\/fr\/wp-json\/wp\/v2\/types\/post"}],"author":[{"embeddable":true,"href":"https:\/\/www.europesays.com\/fr\/wp-json\/wp\/v2\/users\/2"}],"replies":[{"embeddable":true,"href":"https:\/\/www.europesays.com\/fr\/wp-json\/wp\/v2\/comments?post=575619"}],"version-history":[{"count":0,"href":"https:\/\/www.europesays.com\/fr\/wp-json\/wp\/v2\/posts\/575619\/revisions"}],"wp:featuredmedia":[{"embeddable":true,"href":"https:\/\/www.europesays.com\/fr\/wp-json\/wp\/v2\/media\/575620"}],"wp:attachment":[{"href":"https:\/\/www.europesays.com\/fr\/wp-json\/wp\/v2\/media?parent=575619"}],"wp:term":[{"taxonomy":"category","embeddable":true,"href":"https:\/\/www.europesays.com\/fr\/wp-json\/wp\/v2\/categories?post=575619"},{"taxonomy":"post_tag","embeddable":true,"href":"https:\/\/www.europesays.com\/fr\/wp-json\/wp\/v2\/tags?post=575619"}],"curies":[{"name":"wp","href":"https:\/\/api.w.org\/{rel}","templated":true}]}}