{"id":575622,"date":"2025-12-03T15:29:11","date_gmt":"2025-12-03T15:29:11","guid":{"rendered":"https:\/\/www.europesays.com\/fr\/575622\/"},"modified":"2025-12-03T15:29:11","modified_gmt":"2025-12-03T15:29:11","slug":"aeroport-une-nouvelle-liaison-directe-entre-biarritz-et-marseille","status":"publish","type":"post","link":"https:\/\/www.europesays.com\/fr\/575622\/","title":{"rendered":"A\u00e9roport\u00a0: une nouvelle liaison directe entre Biarritz et Marseille"},"content":{"rendered":"<p>Le syndicat mixte de l&rsquo;a\u00e9roport annonce une ligne a\u00e9rienne directe Twin Jet entre Biarritz et Marseille trois fois par semaine \u00e0 partir du 26 janvier 2026. En 2014, cette ligne n&rsquo;avait dur\u00e9 que quelques jours.<\/p>\n<p>D\u00e8s le 26 janvier 2026, Twin Jet lance <strong>une nouvelle liaison directe entre Marseille et Biarritz<\/strong>. Trois vols par semaine viendront rapprocher ces deux destinations <strong>les lundis, mercredis et vendredis<\/strong>. \u00ab\u00a0La compagnie renforce son r\u00e9seau domestique et poursuit son engagement en faveur de la mobilit\u00e9 r\u00e9gionale\u00a0\u00bb, indique la compagnie a\u00e9rienne dans un communiqu\u00e9. Cette nouvelle ligne permettra aux voyageurs de relier les deux r\u00e9gions en un peu plus d\u2019une heure trente.<\/p>\n<p><strong>D\u00e9j\u00e0 en novembre 2014<\/strong>, l&rsquo;a\u00e9roport de Biarritz avait annonc\u00e9 l&rsquo;arriv\u00e9e de Twin Jet sur cette m\u00eame liaison <strong>avant de r\u00e9trop\u00e9daler<\/strong>. La liaison n&rsquo;aura donc dur\u00e9 que quelques jours. La compagnie faisait comprendre\u00a0<a target=\"_blank\" rel=\"nofollow noopener noreferrer\" class=\"IciLink ici-link IciArticleLink g-ici-body-regular-1 underline brand svelte-1chfe2s\" href=\"https:\/\/www.sudouest.fr\/pyrenees-atlantiques\/anglet\/pays-basque-twinjet-abandonne-la-ligne-aerienne-marseille-biarritz-8108251.php\">qu&rsquo;elle avait \u00e9t\u00e9 \u00e9vinc\u00e9e<\/a>. Dix ans apr\u00e8s, sa rancune est pass\u00e9e<\/p>\n<p>Programme des vols<\/p>\n<ul>\n<li>Lundi\u00a0: d\u00e9part Marseille \u00e0 06h40 arriv\u00e9e \u00e0 08h15. D\u00e9part Biarritz \u00e0 08h45, arriv\u00e9e \u00e0 10h20.<\/li>\n<li>Mercredi et vendredi\u00a0: d\u00e9part Marseille \u00e0 11h55, arriv\u00e9e \u00e0 13h30. D\u00e9part Biarritz \u00e0 14h, arriv\u00e9e \u00e0 15h35.<\/li>\n<\/ul>\n<p>Bonus exclusif pour les voyageurs au d\u00e9part de Marseille\u00a0: Twin Jet s&rsquo;engage \u00e0 proposer une exp\u00e9rience de voyage de qualit\u00e9 \u00e0 ses passagers en offrant <strong>l\u2019acc\u00e8s au coupe-file<\/strong> \u00e0 l\u2019a\u00e9roport de Marseille.\u00a0Les billets sont disponibles aupr\u00e8s de toutes les agences de voyages, sur le site Internet de la compagnie www.twinjet.fr, et en appelant la centrale de r\u00e9servation Twin Jet au 0892.707.737.<\/p>\n","protected":false},"excerpt":{"rendered":"Le syndicat mixte de l&rsquo;a\u00e9roport annonce une ligne a\u00e9rienne directe Twin Jet entre Biarritz et Marseille trois fois&hellip;\n","protected":false},"author":2,"featured_media":575623,"comment_status":"","ping_status":"","sticky":false,"template":"","format":"standard","meta":{"footnotes":""},"categories":[2814],"tags":[1111,11,1777,674,1011,27,884,12,882,25],"class_list":{"0":"post-575622","1":"post","2":"type-post","3":"status-publish","4":"format-standard","5":"has-post-thumbnail","7":"category-marseille","8":"tag-actu","9":"tag-actualites","10":"tag-eu","11":"tag-europe","12":"tag-fr","13":"tag-france","14":"tag-marseille","15":"tag-news","16":"tag-provence-alpes-cote-dazur","17":"tag-republique-francaise"},"share_on_mastodon":{"url":"https:\/\/pubeurope.com\/@fr\/115656352258370251","error":""},"_links":{"self":[{"href":"https:\/\/www.europesays.com\/fr\/wp-json\/wp\/v2\/posts\/575622","targetHints":{"allow":["GET"]}}],"collection":[{"href":"https:\/\/www.europesays.com\/fr\/wp-json\/wp\/v2\/posts"}],"about":[{"href":"https:\/\/www.europesays.com\/fr\/wp-json\/wp\/v2\/types\/post"}],"author":[{"embeddable":true,"href":"https:\/\/www.europesays.com\/fr\/wp-json\/wp\/v2\/users\/2"}],"replies":[{"embeddable":true,"href":"https:\/\/www.europesays.com\/fr\/wp-json\/wp\/v2\/comments?post=575622"}],"version-history":[{"count":0,"href":"https:\/\/www.europesays.com\/fr\/wp-json\/wp\/v2\/posts\/575622\/revisions"}],"wp:featuredmedia":[{"embeddable":true,"href":"https:\/\/www.europesays.com\/fr\/wp-json\/wp\/v2\/media\/575623"}],"wp:attachment":[{"href":"https:\/\/www.europesays.com\/fr\/wp-json\/wp\/v2\/media?parent=575622"}],"wp:term":[{"taxonomy":"category","embeddable":true,"href":"https:\/\/www.europesays.com\/fr\/wp-json\/wp\/v2\/categories?post=575622"},{"taxonomy":"post_tag","embeddable":true,"href":"https:\/\/www.europesays.com\/fr\/wp-json\/wp\/v2\/tags?post=575622"}],"curies":[{"name":"wp","href":"https:\/\/api.w.org\/{rel}","templated":true}]}}