{"id":575631,"date":"2025-12-03T15:36:16","date_gmt":"2025-12-03T15:36:16","guid":{"rendered":"https:\/\/www.europesays.com\/fr\/575631\/"},"modified":"2025-12-03T15:36:16","modified_gmt":"2025-12-03T15:36:16","slug":"paris-dans-le-top-5-mondial-des-villes-les-plus-sales-selon-une-etude-internationale","status":"publish","type":"post","link":"https:\/\/www.europesays.com\/fr\/575631\/","title":{"rendered":"Paris dans le top 5 mondial des villes les plus sales selon une \u00e9tude internationale"},"content":{"rendered":"<p>La soci\u00e9t\u00e9 am\u00e9ricaine Radical Storage a publi\u00e9, le 28 novembre, un classement international des villes touristiques les plus sales, bas\u00e9 sur plus de 70\u202f000 avis Google laiss\u00e9s par des visiteurs anglophones. Paris, malgr\u00e9 son image de capitale culturelle et touristique de premier plan, appara\u00eet en cinqui\u00e8me position de ce classement peu flatteur, derri\u00e8re Budapest, Rome, Las Vegas et Florence. <\/p>\n<p>Paris dans le top 5 : les r\u00e9sultats chiffr\u00e9s d\u2019une \u00e9tude mondiale <\/p>\n<p>L\u2019\u00e9tude men\u00e9e par Radical Storage a analys\u00e9 les dix principales attractions touristiques de cent grandes villes mondiales figurant dans le classement Euromonitor. En se basant sur les avis laiss\u00e9s entre octobre 2024 et novembre 2025 sur Google, uniquement en anglais, les chercheurs ont recens\u00e9 la fr\u00e9quence des termes li\u00e9s \u00e0 la propret\u00e9, tels que \u00ab dirty \u00bb ou \u00ab clean \u00bb. \u00c0 partir de cette analyse lexicale, ils ont calcul\u00e9 la proportion d\u2019avis contenant une plainte relative \u00e0 la salet\u00e9. Avec 28,2\u202f% de ces avis exprimant une insatisfaction quant \u00e0 la propret\u00e9, Paris se positionne ainsi en cinqui\u00e8me place mondiale. <\/p>\n<p>En t\u00eate du classement figure Budapest, o\u00f9 37,9\u202f% des commentaires \u00e9voquent une forme de salet\u00e9. Suivent Rome (35,7\u202f%), Las Vegas (environ 31\u202f%) et Florence (environ 29,6\u202f%), comme le rapportent plusieurs m\u00e9dias fran\u00e7ais citant l\u2019\u00e9tude. Si Paris est devanc\u00e9e par d\u2019autres m\u00e9tropoles europ\u00e9ennes, sa pr\u00e9sence dans le top 5 mondial interpelle d\u2019autant plus qu\u2019elle reste la premi\u00e8re destination touristique au monde. Ce classement, bien que subjectif, met en lumi\u00e8re une perception n\u00e9gative croissante chez les visiteurs internationaux.<\/p>\n<\/p>\n<p>R\u00e9actions locales : un malaise partag\u00e9 entre habitants, agents de propret\u00e9 et responsables politiques <\/p>\n<p>\u00c0 Paris, les r\u00e9sultats de cette \u00e9tude ont provoqu\u00e9 de nombreuses r\u00e9actions, tant chez les professionnels du nettoyage urbain que dans les rangs politiques. Sur le terrain, les agents charg\u00e9s de la propret\u00e9 d\u00e9noncent une injustice face \u00e0 une image qui ne refl\u00e9terait pas toujours leur engagement quotidien. L\u2019un d\u2019eux, cit\u00e9 dans un reportage de <a href=\"https:\/\/www.tf1info.fr\/societe\/c-est-l-image-de-la-ville-paris-classee-5e-ville-la-plus-sale-du-monde-2410524.html\" target=\"_blank\" rel=\"noopener\">TF1 Info<\/a>, s\u2019insurge : \u00ab\u202fC\u2019est quand m\u00eame dingue, on ne vit pas dans une d\u00e9charge. Ce sont les gens qui sont d\u00e9gueulasses et c\u2019est nous qui en souffrons, qui subissons les pots cass\u00e9s. \u00bb<\/p>\n<p>Cette parole, issue du terrain, rejoint les pr\u00e9occupations exprim\u00e9es au sein du Conseil de Paris, o\u00f9 certains \u00e9lus \u00e9voquent une atteinte directe \u00e0 l\u2019image de la capitale. \u00ab\u202fC\u2019est l\u2019hygi\u00e8ne, c\u2019est la sant\u00e9 publique, c\u2019est l\u2019image de la ville, surtout <a href=\"https:\/\/www.socialmag.news\/02\/12\/2025\/jaurais-du-partir-plus-tot-cette-ville-a-2-h-de-paris-qui-offre-une-retraite-de-reve-pour-trois-fois-moins-cher\/\" target=\"_blank\" rel=\"noopener\">Paris<\/a> qui est la premi\u00e8re destination touristique du monde\u202f\u00bb, a r\u00e9agi un conseiller d\u2019opposition, en soulignant les enjeux \u00e0 la fois sanitaires et symboliques. La mairie, quant \u00e0 elle, rappelle que des efforts consid\u00e9rables sont d\u00e9j\u00e0 consentis. Plus de 3\u202f000 agents sont mobilis\u00e9s chaque jour pour assurer la propret\u00e9 de la voirie, et des centaines de millions d\u2019euros sont allou\u00e9s chaque ann\u00e9e \u00e0 l\u2019entretien des espaces publics. Pourtant, ces initiatives ne suffisent manifestement pas \u00e0 inverser la tendance dans la perception des visiteurs.<\/p>\n<p>Des biais m\u00e9thodologiques notables : une \u00e9tude r\u00e9v\u00e9latrice mais partielle<\/p>\n<p> Si le classement de <a href=\"https:\/\/radicalstorage.com\/travel\/cleanest-dirtiest-cities\/\" target=\"_blank\" rel=\"noopener\">Radical Storage<\/a> b\u00e9n\u00e9ficie d\u2019un \u00e9cho m\u00e9diatique important, il n\u2019\u00e9chappe pas \u00e0 plusieurs biais notables, signal\u00e9s \u00e9galement dans les analyses publi\u00e9es. D\u2019abord, la s\u00e9lection des avis s\u2019est concentr\u00e9e uniquement sur ceux r\u00e9dig\u00e9s en anglais, ce qui exclut potentiellement une part significative des visiteurs, notamment francophones ou hispanophones. Ensuite, le crit\u00e8re retenu pour d\u00e9signer une ville comme \u00ab sale \u00bb se limite \u00e0 la fr\u00e9quence d\u2019un mot dans un avis en ligne. <\/p>\n<\/p>\n<p>Il ne prend pas en compte des \u00e9l\u00e9ments objectifs comme la densit\u00e9 des d\u00e9chets, la fr\u00e9quence de collecte, la pr\u00e9sence de nuisibles ou les campagnes de nettoyage. Ainsi, l\u2019\u00e9tude refl\u00e8te davantage une perception subjective de la propret\u00e9 qu\u2019une \u00e9valuation concr\u00e8te des conditions urbaines. Par ailleurs, Paris, en tant que m\u00e9tropole de plus de deux millions d\u2019habitants et accueillant chaque ann\u00e9e plus de 30 millions de touristes, subit une pression structurelle bien diff\u00e9rente de villes plus petites comme Florence ou Budapest. La forte densit\u00e9 humaine, les comportements incivils et les flux constants compliquent m\u00e9caniquement la gestion de l\u2019hygi\u00e8ne publique.<\/p>\n","protected":false},"excerpt":{"rendered":"La soci\u00e9t\u00e9 am\u00e9ricaine Radical Storage a publi\u00e9, le 28 novembre, un classement international des villes touristiques les plus&hellip;\n","protected":false},"author":2,"featured_media":575632,"comment_status":"","ping_status":"","sticky":false,"template":"","format":"standard","meta":{"footnotes":""},"categories":[1888],"tags":[1111,1928,11,1927,1777,674,1011,27,12,1926,626,1925,25],"class_list":{"0":"post-575631","1":"post","2":"type-post","3":"status-publish","4":"format-standard","5":"has-post-thumbnail","7":"category-paris","8":"tag-actu","9":"tag-actu-paris","10":"tag-actualites","11":"tag-actualites-paris","12":"tag-eu","13":"tag-europe","14":"tag-fr","15":"tag-france","16":"tag-news","17":"tag-news-paris","18":"tag-paris","19":"tag-paris-news","20":"tag-republique-francaise"},"share_on_mastodon":{"url":"https:\/\/pubeurope.com\/@fr\/115656378517565534","error":""},"_links":{"self":[{"href":"https:\/\/www.europesays.com\/fr\/wp-json\/wp\/v2\/posts\/575631","targetHints":{"allow":["GET"]}}],"collection":[{"href":"https:\/\/www.europesays.com\/fr\/wp-json\/wp\/v2\/posts"}],"about":[{"href":"https:\/\/www.europesays.com\/fr\/wp-json\/wp\/v2\/types\/post"}],"author":[{"embeddable":true,"href":"https:\/\/www.europesays.com\/fr\/wp-json\/wp\/v2\/users\/2"}],"replies":[{"embeddable":true,"href":"https:\/\/www.europesays.com\/fr\/wp-json\/wp\/v2\/comments?post=575631"}],"version-history":[{"count":0,"href":"https:\/\/www.europesays.com\/fr\/wp-json\/wp\/v2\/posts\/575631\/revisions"}],"wp:featuredmedia":[{"embeddable":true,"href":"https:\/\/www.europesays.com\/fr\/wp-json\/wp\/v2\/media\/575632"}],"wp:attachment":[{"href":"https:\/\/www.europesays.com\/fr\/wp-json\/wp\/v2\/media?parent=575631"}],"wp:term":[{"taxonomy":"category","embeddable":true,"href":"https:\/\/www.europesays.com\/fr\/wp-json\/wp\/v2\/categories?post=575631"},{"taxonomy":"post_tag","embeddable":true,"href":"https:\/\/www.europesays.com\/fr\/wp-json\/wp\/v2\/tags?post=575631"}],"curies":[{"name":"wp","href":"https:\/\/api.w.org\/{rel}","templated":true}]}}