{"id":575637,"date":"2025-12-03T15:39:20","date_gmt":"2025-12-03T15:39:20","guid":{"rendered":"https:\/\/www.europesays.com\/fr\/575637\/"},"modified":"2025-12-03T15:39:20","modified_gmt":"2025-12-03T15:39:20","slug":"les-demandes-russes-damnistie-pour-les-crimes-de-guerre-ne-peuvent-etre-acceptees-declare-a-euronews-un-prisonnier-de-guerre-ukrainien-libere","status":"publish","type":"post","link":"https:\/\/www.europesays.com\/fr\/575637\/","title":{"rendered":"Les demandes russes d&rsquo;amnistie pour les crimes de guerre \u00ab\u00a0ne peuvent \u00eatre accept\u00e9es\u00a0\u00bb, d\u00e9clare \u00e0 Euronews un prisonnier de guerre ukrainien lib\u00e9r\u00e9"},"content":{"rendered":"<p>Lorsque la premi\u00e8re version du plan am\u00e9ricano-russe a \u00e9t\u00e9 divulgu\u00e9e aux m\u00e9dias il y a deux semaines, Moscou a cherch\u00e9 \u00e0 inclure une demande sp\u00e9cifique : l&rsquo;amnistie des forces russes pour tous les crimes commis depuis le d\u00e9but de l&rsquo;invasion russe \u00e0 grande \u00e9chelle en f\u00e9vrier 2022.<\/p>\n<p>\u00ab\u00a0Toutes les parties impliqu\u00e9es dans ce conflit b\u00e9n\u00e9ficieront d&rsquo;une amnistie totale pour leurs actions pendant la guerre et accepteront de ne pas faire de r\u00e9clamations ou d&rsquo;envisager des plaintes \u00e0 l&rsquo;avenir\u00a0\u00bb, indique le plan en 28 points.<\/p>\n<p>Cette demande a suscit\u00e9 une vive indignation en Ukraine, o\u00f9 la population et les autorit\u00e9s ont m\u00e9ticuleusement document\u00e9 tous les crimes de guerre pr\u00e9sum\u00e9s de la Russie afin que des enqu\u00eates plus approfondies soient men\u00e9es pour que Moscou rende des comptes.<\/p>\n<p><a href=\"https:\/\/fr.euronews.com\/2025\/02\/19\/tous-ceux-qui-se-trouvent-dans-les-territoires-occupes-sont-des-otages-du-regime-russe-dec\" target=\"_blank\" rel=\"noopener\"><strong>Maksym Butkevych<\/strong><\/a>, journaliste ukrainien et l&rsquo;un des plus \u00e9minents d\u00e9fenseurs des droits de l&rsquo;homme du pays, a pass\u00e9 plus de deux ans en captivit\u00e9 en Russie. Il a d\u00e9clar\u00e9 \u00e0 <strong>Euronews<\/strong> que Moscou essayait d\u00e9lib\u00e9r\u00e9ment de se soustraire \u00e0 sa responsabilit\u00e9 in\u00e9vitable.<\/p>\n<p>\u00ab\u00a0Lorsque j&rsquo;\u00e9tais encore en captivit\u00e9, mes compagnons prisonniers de guerre venaient me voir et me demandaient s&rsquo;ils pourraient t\u00e9moigner, par exemple, devant la Cour p\u00e9nale internationale ou d&rsquo;autres organes qui pourraient traduire en justice ceux qui nous ont fait \u00e7a\u00a0\u00bb, explique-t-il.<\/p>\n<p>Selon Butkevych, les tentatives de Moscou pour faire passer la \u00ab\u00a0demande d&rsquo;amnistie\u00a0\u00bb ne peuvent \u00eatre accept\u00e9es en Ukraine.<\/p>\n<p>\u00ab\u00a0Le besoin de justice (en Ukraine) est \u00e9norme. Par cons\u00e9quent, lorsque la Russie tente de faire passer ce point, elle se heurte \u00e0 (notre) rejet cat\u00e9gorique et \u00e0 l&rsquo;indignation\u00a0\u00bb, a-t-il tranch\u00e9. \u00ab\u00a0Il est quelque peu \u00e9trange d&rsquo;\u00eatre indign\u00e9 par les exigences de la F\u00e9d\u00e9ration de Russie \u00e0 ce stade\u00a0\u00bb.<\/p>\n<p>\u00ab\u00a0Peut-\u00eatre sommes-nous trop fatigu\u00e9s pour nous indigner, car il y aurait alors trop de choses \u00e0 se reprocher. Mais il y a un rejet cat\u00e9gorique de tout cela\u00a0\u00bb.<\/p>\n<p>En novembre, le bureau du procureur g\u00e9n\u00e9ral de l&rsquo;Ukraine avait enregistr\u00e9 190 000 faits li\u00e9s aux crimes de guerre et aux crimes contre l&rsquo;humanit\u00e9 commis par la Russie depuis le d\u00e9but de son invasion \u00e0 grande \u00e9chelle de l&rsquo;Ukraine en 2022.<\/p>\n<p><strong>Sanctions de l&rsquo;UE contre des fonctionnaires p\u00e9nitentiaires russes<\/strong><\/p>\n<p>Le 20 novembre, le Conseil de l&rsquo;Union europ\u00e9enne a impos\u00e9 des sanctions \u00e0 l&rsquo;encontre de dix personnes impliqu\u00e9es dans des violations des droits de l&rsquo;homme en Russie, notamment la torture d&rsquo;otages civils et la r\u00e9pression de l&rsquo;opposition.<\/p>\n<p>Ces sanctions visent des hauts fonctionnaires de la direction principale du service p\u00e9nitentiaire f\u00e9d\u00e9ral russe dans la r\u00e9gion de Rostov, qui ont \u00e9t\u00e9 impliqu\u00e9s dans la torture de prisonniers, notamment de prisonniers de guerre ukrainiens.<\/p>\n<p>Les personnes russes sanctionn\u00e9es sont responsables de la mort de la journaliste ukrainienne <a href=\"https:\/\/fr.euronews.com\/2025\/04\/30\/ukraine-des-signes-de-torture-sur-la-depouille-de-la-journaliste-ukrainienne-viktoriia-ros\" target=\"_blank\" rel=\"noopener\"><strong>Viktoriia Roshchyna<\/strong><\/a>.<\/p>\n<p>Elle faisait un reportage sur la politique russe de d\u00e9tention extrajudiciaire et de torture dans les r\u00e9gions occup\u00e9es de l&rsquo;Ukraine. Roshchyna a \u00e9t\u00e9 d\u00e9tenue par les troupes de Moscou et est d\u00e9c\u00e9d\u00e9e \u00e0 l&rsquo;\u00e2ge de 27 ans l&rsquo;ann\u00e9e derni\u00e8re, apr\u00e8s plus d&rsquo;un an de captivit\u00e9 en Russie.<\/p>\n<p>Son corps a \u00e9t\u00e9 rendu \u00e0 l&rsquo;Ukraine au d\u00e9but de l&rsquo;ann\u00e9e, certains de ses organes internes ayant disparu.<\/p>\n<p>Journaliste devenu soldat volontaire, Maksym Butkevych a d\u00e9clar\u00e9 que, lors des discussions sur les sanctions, les organisations de d\u00e9fense des droits de l&rsquo;homme ont soulign\u00e9 \u00e0 plusieurs reprises que la question des violations des droits de l&rsquo;homme dans les territoires occup\u00e9s et des atteintes aux droits des prisonniers de guerre ukrainiens et des civils d\u00e9tenus ill\u00e9galement n&rsquo;\u00e9tait pas une priorit\u00e9 depuis longtemps.<\/p>\n<p>\u00ab\u00a0Elle doit \u00eatre au premier plan, car les violations ne sont pas des incidents isol\u00e9s, elles sont syst\u00e9miques et g\u00e9n\u00e9ralis\u00e9es\u00a0\u00bb, a-t-il expliqu\u00e9 \u00e0 <strong>Euronews<\/strong>. \u00ab\u00a0Les droits des prisonniers de guerre et des civils d\u00e9tenus par les Russes sont viol\u00e9s de mani\u00e8re constante et syst\u00e9matique. Il s&rsquo;agit clairement d&rsquo;une politique coordonn\u00e9e\u00a0\u00bb.<\/p>\n<p>Ayant lui-m\u00eame subi les tortures dans les prisons russes, il insiste sur le fait que ceux qui mettent en \u0153uvre cette politique et ceux qui sont responsables de son application sur le terrain, des traitements inhumains, des humiliations et de la torture, devront rendre des comptes.<\/p>\n<p>\u00ab\u00a0Ils doivent savoir que cela aura des cons\u00e9quences\u00a0\u00bb, d\u00e9clare-t-il.<\/p>\n<p>\u00ab\u00a0S&rsquo;ils pensent pouvoir agir en toute impunit\u00e9 en Russie, ils doivent au moins savoir que cette impunit\u00e9 est limit\u00e9e au territoire russe. C&rsquo;est pourquoi le fait que cette mesure (les sanctions de l&rsquo;UE) ait \u00e9t\u00e9 prise est tr\u00e8s important. J&rsquo;esp\u00e8re que ce n&rsquo;est qu&rsquo;un d\u00e9but\u00a0\u00bb.<\/p>\n<p>Le bureau du procureur g\u00e9n\u00e9ral ukrainien a r\u00e9v\u00e9l\u00e9 l&rsquo;ann\u00e9e derni\u00e8re que jusqu&rsquo;\u00e0 90 % de tous les prisonniers de guerre rapatri\u00e9s ont d\u00e9clar\u00e9 avoir \u00e9t\u00e9 tortur\u00e9s dans les prisons russes.<\/p>\n<p>Selon Butkevych, les sanctions de l&rsquo;UE prouvent que la demande de justice existe non seulement en Ukraine, mais aussi dans l&rsquo;ensemble de la communaut\u00e9 internationale, \u00ab\u00a0parce que nous avons \u00e9t\u00e9 t\u00e9moins de choses qui sont absolument interdites par le droit international\u00a0\u00bb.<\/p>\n<p>Il insiste sur le fait que si la Russie n&rsquo;est pas tenue pour responsable, cela signifiera que \u00ab\u00a0tout le droit humanitaire international, le droit international dans son ensemble, est d\u00e9nu\u00e9 de sens\u00a0\u00bb.<\/p>\n<p>\u00ab\u00a0C&rsquo;est la politique syst\u00e9matique de la Russie de d\u00e9truire le droit international tel qu&rsquo;il existe actuellement, m\u00eame s&rsquo;il peut parfois sembler inefficace. Mais il s&rsquo;agit de le vider v\u00e9ritablement de son sens\u00a0\u00bb.<\/p>\n<p><strong>Il ne s&rsquo;agit pas de territoires, mais de gens<\/strong><\/p>\n<p>Captur\u00e9 par les forces russes en juin 2022 dans l&rsquo;est de l&rsquo;Ukraine, Maksym Butkevych est rest\u00e9 en captivit\u00e9 pendant plus de deux ans dans la r\u00e9gion de Louhansk, occup\u00e9e par Moscou.<\/p>\n<p>Avec Donetsk, cette r\u00e9gion de l&rsquo;Ukraine est souvent appel\u00e9e Donbas &#8211; la cible principale de la guerre men\u00e9e par la Russie depuis la premi\u00e8re invasion de 2014.<\/p>\n<p>C&rsquo;est cette partie de l&rsquo;Ukraine que Moscou exige aujourd&rsquo;hui de Kyiv qu&rsquo;elle c\u00e8de et retire ses forces, tout en demandant \u00e0 Washington de la reconna\u00eetre officiellement comme russe.<\/p>\n<p>Butkevych a d\u00e9clar\u00e9 que cette demande \u00e9tait inacceptable : pour lui, il ne s&rsquo;agit pas des territoires en tant que \u00ab\u00a0morceau de terre\u00a0\u00bb, mais des personnes, des Ukrainiens qui y vivent et qui sont \u00ab\u00a0de facto pris en otage par la Russie\u00a0\u00bb.<\/p>\n<p>\u00ab\u00a0\u00c0 l&rsquo;heure actuelle, il est impossible de vivre dans les territoires occup\u00e9s sans \u00eatre contraint d&rsquo;obtenir un passeport russe, sans avoir des papiers de l&rsquo;\u00c9tat agresseur, ce qui, bien s\u00fbr, constitue une violation du droit international\u00a0\u00bb.<\/p>\n<p>Six millions de citoyens ukrainiens se sont retrouv\u00e9s dans les territoires temporairement occup\u00e9s, dont 1,5 million d&rsquo;enfants, selon les autorit\u00e9s ukrainiennes.<\/p>\n<p>En tant qu&rsquo;activiste des droits de l&rsquo;homme se concentrant sur la protection des droits des civils d\u00e9tenus ill\u00e9galement et des prisonniers de guerre, Butkevych affirme que chaque Ukrainien se trouvant dans les territoires temporairement occup\u00e9s est un \u00ab\u00a0otage de la Russie\u00a0\u00bb.<\/p>\n<p>\u00ab\u00a0Tout civil peut se retrouver en captivit\u00e9 et devenir une monnaie d&rsquo;\u00e9change, du mat\u00e9riel d&rsquo;\u00e9change ou une personne utilis\u00e9e pour la propagande\u00a0\u00bb, conclut-il.<\/p>\n","protected":false},"excerpt":{"rendered":"Lorsque la premi\u00e8re version du plan am\u00e9ricano-russe a \u00e9t\u00e9 divulgu\u00e9e aux m\u00e9dias il y a deux semaines, Moscou&hellip;\n","protected":false},"author":2,"featured_media":575638,"comment_status":"","ping_status":"","sticky":false,"template":"","format":"standard","meta":{"footnotes":""},"categories":[1591],"tags":[11,6492,1887,131,2025,12,1885,1886,132],"class_list":{"0":"post-575637","1":"post","2":"type-post","3":"status-publish","4":"format-standard","5":"has-post-thumbnail","7":"category-russie","8":"tag-actualites","9":"tag-droits-de-lhomme","10":"tag-federation-de-russie","11":"tag-guerre-en-ukraine","12":"tag-invasion-de-la-russie-en-ukraine","13":"tag-news","14":"tag-russia","15":"tag-russian-federation","16":"tag-russie"},"share_on_mastodon":{"url":"https:\/\/pubeurope.com\/@fr\/115656390487540706","error":""},"_links":{"self":[{"href":"https:\/\/www.europesays.com\/fr\/wp-json\/wp\/v2\/posts\/575637","targetHints":{"allow":["GET"]}}],"collection":[{"href":"https:\/\/www.europesays.com\/fr\/wp-json\/wp\/v2\/posts"}],"about":[{"href":"https:\/\/www.europesays.com\/fr\/wp-json\/wp\/v2\/types\/post"}],"author":[{"embeddable":true,"href":"https:\/\/www.europesays.com\/fr\/wp-json\/wp\/v2\/users\/2"}],"replies":[{"embeddable":true,"href":"https:\/\/www.europesays.com\/fr\/wp-json\/wp\/v2\/comments?post=575637"}],"version-history":[{"count":0,"href":"https:\/\/www.europesays.com\/fr\/wp-json\/wp\/v2\/posts\/575637\/revisions"}],"wp:featuredmedia":[{"embeddable":true,"href":"https:\/\/www.europesays.com\/fr\/wp-json\/wp\/v2\/media\/575638"}],"wp:attachment":[{"href":"https:\/\/www.europesays.com\/fr\/wp-json\/wp\/v2\/media?parent=575637"}],"wp:term":[{"taxonomy":"category","embeddable":true,"href":"https:\/\/www.europesays.com\/fr\/wp-json\/wp\/v2\/categories?post=575637"},{"taxonomy":"post_tag","embeddable":true,"href":"https:\/\/www.europesays.com\/fr\/wp-json\/wp\/v2\/tags?post=575637"}],"curies":[{"name":"wp","href":"https:\/\/api.w.org\/{rel}","templated":true}]}}