{"id":575645,"date":"2025-12-03T15:43:12","date_gmt":"2025-12-03T15:43:12","guid":{"rendered":"https:\/\/www.europesays.com\/fr\/575645\/"},"modified":"2025-12-03T15:43:12","modified_gmt":"2025-12-03T15:43:12","slug":"lallemagne-deploie-le-systeme-de-defense-antimissile-arrow-face-a-la-menace-russe","status":"publish","type":"post","link":"https:\/\/www.europesays.com\/fr\/575645\/","title":{"rendered":"L&rsquo;Allemagne d\u00e9ploie le syst\u00e8me de d\u00e9fense antimissile Arrow face \u00e0 la menace russe"},"content":{"rendered":"<p>Mercredi, l&rsquo;Allemagne est devenue la premi\u00e8re nation europ\u00e9enne \u00e0 d\u00e9ployer le syst\u00e8me de d\u00e9fense antimissile Arrow, con\u00e7u pour intercepter les missiles balistiques de port\u00e9e interm\u00e9diaire tels que l&rsquo;Oreshnik russe, dans le but de contrer ce qu&rsquo;elle consid\u00e8re comme une menace croissante en provenance de Moscou.<\/p>\n<p>Op\u00e9rant \u00e0 des altitudes sup\u00e9rieures \u00e0 100 kilom\u00e8tres (62 miles), en dehors de l&rsquo;atmosph\u00e8re terrestre, et dot\u00e9 d&rsquo;une port\u00e9e de 2 400 kilom\u00e8tres, le syst\u00e8me Arrow, install\u00e9 de fa\u00e7on stationnaire, vient compl\u00e9ter les d\u00e9fenses a\u00e9riennes \u00e0 plus courte port\u00e9e telles que les Patriot et IRIS-T, qui sont mont\u00e9es sur camions.<\/p>\n<p>Selon Israel Aerospace Industries (IAI), plusieurs pays ont manifest\u00e9 leur int\u00e9r\u00eat pour l&rsquo;acquisition de cette technologie depuis que le syst\u00e8me Arrow a contribu\u00e9 \u00e0 d\u00e9jouer les attaques de missiles iraniennes contre Isra\u00ebl en avril et octobre 2024.<\/p>\n<p>Lors d&rsquo;une c\u00e9r\u00e9monie organis\u00e9e sur la base a\u00e9rienne de Holzdorf, \u00e0 une centaine de kilom\u00e8tres au sud de Berlin, le ministre de la D\u00e9fense Boris Pistorius a soulign\u00e9 l&rsquo;importance du syst\u00e8me pour l&rsquo;alerte pr\u00e9coce et la protection de la population ainsi que des infrastructures.<\/p>\n<p>\u00ab\u00a0Avec cette capacit\u00e9 strat\u00e9gique, unique parmi nos partenaires europ\u00e9ens, nous assurons notre r\u00f4le cl\u00e9 au coeur de l&rsquo;Europe,\u00a0\u00bb a-t-il d\u00e9clar\u00e9. \u00ab\u00a0Ainsi, nous prot\u00e9geons non seulement notre pays, mais aussi nos partenaires. Nous renfor\u00e7ons ainsi le pilier europ\u00e9en de l&rsquo;OTAN et atteignons un objectif fix\u00e9 par l&rsquo;Alliance.\u00a0\u00bb<\/p>\n<p>L&rsquo;Allemagne vise \u00e0 rendre le syst\u00e8me, qui doit couvrir l&rsquo;ensemble du territoire et sera d\u00e9ploy\u00e9 sur trois sites situ\u00e9s au nord, au sud et au centre du pays, pleinement op\u00e9rationnel d&rsquo;ici 2030.<\/p>\n<p>Arrow est capable de d\u00e9tecter et d&rsquo;intercepter des missiles entrants d&rsquo;une port\u00e9e sup\u00e9rieure \u00e0 1 000 kilom\u00e8tres, qu&rsquo;ils soient lanc\u00e9s depuis la terre, les airs ou la mer, comblant ainsi une lacune critique dans la d\u00e9fense territoriale du pays.<\/p>\n<p>D\u00e9velopp\u00e9 par Israel Aerospace Industries (IAI) en coop\u00e9ration avec l&rsquo;U.S. Missile Defence Agency, Arrow constitue la couche sup\u00e9rieure du syst\u00e8me de d\u00e9fense antimissile isra\u00e9lien, aux c\u00f4t\u00e9s du D\u00f4me de Fer, destin\u00e9 \u00e0 neutraliser les menaces \u00e0 courte port\u00e9e.<\/p>\n<p>L&rsquo;Allemagne a acquis le syst\u00e8me Arrow en 2023 pour un montant total de 3,6 milliards d&rsquo;euros (4,18 milliards de dollars), consid\u00e9rant les missiles russes de port\u00e9e interm\u00e9diaire comme la principale menace pour sa population et ses infrastructures vitales.<\/p>\n<p>\u00c0 l&rsquo;inverse, les missiles Iskander russes \u00e0 plus courte port\u00e9e, d\u00e9ploy\u00e9s dans l&rsquo;enclave de Kaliningrad \u00e0 environ 500 kilom\u00e8tres de Berlin, sont per\u00e7us comme une menace \u00e0 traiter principalement par les unit\u00e9s de d\u00e9fense a\u00e9rienne Patriot.<\/p>\n<p>L&rsquo;\u00e9largissement de l&rsquo;OTAN vers l&rsquo;est a d\u00e9plac\u00e9 la d\u00e9fense de premi\u00e8re ligne vers des pays comme la Pologne et les \u00c9tats baltes. N\u00e9anmoins, l&rsquo;Allemagne demeure une zone strat\u00e9gique essentielle en cas de conflit.<\/p>\n<p>($1 = 0,8609 euros)<\/p>\n","protected":false},"excerpt":{"rendered":"Mercredi, l&rsquo;Allemagne est devenue la premi\u00e8re nation europ\u00e9enne \u00e0 d\u00e9ployer le syst\u00e8me de d\u00e9fense antimissile Arrow, con\u00e7u pour&hellip;\n","protected":false},"author":2,"featured_media":575646,"comment_status":"","ping_status":"","sticky":false,"template":"","format":"standard","meta":{"footnotes":""},"categories":[1587],"tags":[11,672,340,1804,1805,1803,1777,674,1801,12,1802],"class_list":{"0":"post-575645","1":"post","2":"type-post","3":"status-publish","4":"format-standard","5":"has-post-thumbnail","7":"category-allemagne","8":"tag-actualites","9":"tag-allemagne","10":"tag-bourse","11":"tag-bundesrepublik-deutschland","12":"tag-de","13":"tag-deutschland","14":"tag-eu","15":"tag-europe","16":"tag-germany","17":"tag-news","18":"tag-republique-federale-dallemagne"},"share_on_mastodon":{"url":"https:\/\/pubeurope.com\/@fr\/115656406180686991","error":""},"_links":{"self":[{"href":"https:\/\/www.europesays.com\/fr\/wp-json\/wp\/v2\/posts\/575645","targetHints":{"allow":["GET"]}}],"collection":[{"href":"https:\/\/www.europesays.com\/fr\/wp-json\/wp\/v2\/posts"}],"about":[{"href":"https:\/\/www.europesays.com\/fr\/wp-json\/wp\/v2\/types\/post"}],"author":[{"embeddable":true,"href":"https:\/\/www.europesays.com\/fr\/wp-json\/wp\/v2\/users\/2"}],"replies":[{"embeddable":true,"href":"https:\/\/www.europesays.com\/fr\/wp-json\/wp\/v2\/comments?post=575645"}],"version-history":[{"count":0,"href":"https:\/\/www.europesays.com\/fr\/wp-json\/wp\/v2\/posts\/575645\/revisions"}],"wp:featuredmedia":[{"embeddable":true,"href":"https:\/\/www.europesays.com\/fr\/wp-json\/wp\/v2\/media\/575646"}],"wp:attachment":[{"href":"https:\/\/www.europesays.com\/fr\/wp-json\/wp\/v2\/media?parent=575645"}],"wp:term":[{"taxonomy":"category","embeddable":true,"href":"https:\/\/www.europesays.com\/fr\/wp-json\/wp\/v2\/categories?post=575645"},{"taxonomy":"post_tag","embeddable":true,"href":"https:\/\/www.europesays.com\/fr\/wp-json\/wp\/v2\/tags?post=575645"}],"curies":[{"name":"wp","href":"https:\/\/api.w.org\/{rel}","templated":true}]}}