{"id":575647,"date":"2025-12-03T15:44:13","date_gmt":"2025-12-03T15:44:13","guid":{"rendered":"https:\/\/www.europesays.com\/fr\/575647\/"},"modified":"2025-12-03T15:44:13","modified_gmt":"2025-12-03T15:44:13","slug":"le-nombre-de-citoyens-britanniques-vivant-en-europe-de-lest-explose","status":"publish","type":"post","link":"https:\/\/www.europesays.com\/fr\/575647\/","title":{"rendered":"Le nombre de citoyens britanniques vivant en Europe de l\u2019Est explose"},"content":{"rendered":"\n<p>\u201cSolde migratoire net.\u201d Ces trois mots constellent les colonnes de la presse britanniques depuis le retour dans le d\u00e9bat public des sujets li\u00e9s \u00e0 l\u2019immigration, au lendemain du Covid-19\u00a0et de la sortie de l\u2019Union europ\u00e9enne en 2021. Les <a href=\"https:\/\/www.courrierinternational.com\/article\/decryptage-au-royaume-uni-le-systeme-d-immigration-est-il-une-cause-perdue\" target=\"_blank\" rel=\"noopener\">d\u00e9boires du syst\u00e8me d\u2019asile<\/a>, conjugu\u00e9s \u00e0 la hausse de l\u2019octroi des visas extra-europ\u00e9ens apr\u00e8s le Brexit (dans le but de compenser <a href=\"https:\/\/www.courrierinternational.com\/article\/reportage-le-royaume-uni-cherche-routiers-desesperement\" target=\"_blank\" rel=\"noopener\">les p\u00e9nuries de mains-d\u2019\u0153uvre<\/a>) alimentent les crispations dans le pays. Et l\u2019essor du parti anti-immigration Reform\u00a0UK.<\/p>\n<p>\u201cLes politiques migratoires sont devenues un vrai champ de bataille politique\u201d, <a class=\"ithalc\" data-ithal=\"lien_externe\" data-ithalc=\"[nav_article]\" target=\"_blank\" href=\"https:\/\/www.theguardian.com\/uk-news\/2025\/nov\/27\/net-migration-to-uk-drops-69-year-on-year-ons-says\" rel=\"noopener\">glisse le quotidien de gauche <strong>The Guardian<\/strong><\/a><strong>. <\/strong>Les journaux, en particulier ceux de tendance conservatrice, veulent donc savoir\u00a0: combien de personnes sont entr\u00e9es dans le pays durant l\u2019ann\u00e9e \u00e9coul\u00e9e\u00a0? Surtout\u00a0: les arriv\u00e9es ont-elles \u00e9t\u00e9 plus nombreuses que les d\u00e9parts\u00a0?<\/p>\n<p> Effondrement surprenant <\/p>\n<p>Publi\u00e9s fin novembre, les chiffres pour la p\u00e9riode juin 2024-juin 2025\u00a0ont surpris les observateurs \u00e0 plus d\u2019un titre. D\u2019abord, le solde migratoire net dans le pays (diff\u00e9rence entre l\u2019ensemble des arriv\u00e9es et des d\u00e9parts, l\u00e9gaux et ill\u00e9gaux) \u201cs\u2019est effondr\u00e9\u201d pour s\u2019\u00e9tablir \u00e0 204\u00a0000, soit une baisse de pr\u00e8s de 80\u00a0% par rapport au record enregistr\u00e9 en 2022-2023 (944\u00a0000), <a class=\"ithalc\" data-ithal=\"lien_externe\" data-ithalc=\"[nav_article]\" target=\"_blank\" href=\"https:\/\/www.ft.com\/content\/bb92250b-49ba-4ecf-b0d2-2cfb38626fe4\" rel=\"noopener\">relate le <strong>Financial Times<\/strong><\/a><strong>. <\/strong>\u201cLes analystes ne s\u2019attendaient pas<\/p>\n","protected":false},"excerpt":{"rendered":"\u201cSolde migratoire net.\u201d Ces trois mots constellent les colonnes de la presse britanniques depuis le retour dans le&hellip;\n","protected":false},"author":2,"featured_media":575648,"comment_status":"","ping_status":"","sticky":false,"template":"","format":"standard","meta":{"footnotes":""},"categories":[1586],"tags":[11,1777,674,1011,27,1061,12,25,473,1857],"class_list":{"0":"post-575647","1":"post","2":"type-post","3":"status-publish","4":"format-standard","5":"has-post-thumbnail","7":"category-europe","8":"tag-actualites","9":"tag-eu","10":"tag-europe","11":"tag-fr","12":"tag-france","13":"tag-immigration","14":"tag-news","15":"tag-republique-francaise","16":"tag-royaume-uni","17":"tag-sociu00e9tu00e9"},"share_on_mastodon":{"url":"https:\/\/pubeurope.com\/@fr\/115656410292608804","error":""},"_links":{"self":[{"href":"https:\/\/www.europesays.com\/fr\/wp-json\/wp\/v2\/posts\/575647","targetHints":{"allow":["GET"]}}],"collection":[{"href":"https:\/\/www.europesays.com\/fr\/wp-json\/wp\/v2\/posts"}],"about":[{"href":"https:\/\/www.europesays.com\/fr\/wp-json\/wp\/v2\/types\/post"}],"author":[{"embeddable":true,"href":"https:\/\/www.europesays.com\/fr\/wp-json\/wp\/v2\/users\/2"}],"replies":[{"embeddable":true,"href":"https:\/\/www.europesays.com\/fr\/wp-json\/wp\/v2\/comments?post=575647"}],"version-history":[{"count":0,"href":"https:\/\/www.europesays.com\/fr\/wp-json\/wp\/v2\/posts\/575647\/revisions"}],"wp:featuredmedia":[{"embeddable":true,"href":"https:\/\/www.europesays.com\/fr\/wp-json\/wp\/v2\/media\/575648"}],"wp:attachment":[{"href":"https:\/\/www.europesays.com\/fr\/wp-json\/wp\/v2\/media?parent=575647"}],"wp:term":[{"taxonomy":"category","embeddable":true,"href":"https:\/\/www.europesays.com\/fr\/wp-json\/wp\/v2\/categories?post=575647"},{"taxonomy":"post_tag","embeddable":true,"href":"https:\/\/www.europesays.com\/fr\/wp-json\/wp\/v2\/tags?post=575647"}],"curies":[{"name":"wp","href":"https:\/\/api.w.org\/{rel}","templated":true}]}}