{"id":575649,"date":"2025-12-03T15:45:20","date_gmt":"2025-12-03T15:45:20","guid":{"rendered":"https:\/\/www.europesays.com\/fr\/575649\/"},"modified":"2025-12-03T15:45:20","modified_gmt":"2025-12-03T15:45:20","slug":"leurope-accelere-pour-tenter-de-reduire-sa-dependance-a-la-chine-lexpress","status":"publish","type":"post","link":"https:\/\/www.europesays.com\/fr\/575649\/","title":{"rendered":"l&rsquo;Europe acc\u00e9l\u00e8re pour tenter de r\u00e9duire sa d\u00e9pendance \u00e0 la Chine \u2013 L&rsquo;Express"},"content":{"rendered":"<p class=\"paragraph article-body-paragraph article__item   article-body-paragraph--first \">L&rsquo;Union europ\u00e9enne va aider \u00e0 financer et \u00e0 acc\u00e9l\u00e9rer le d\u00e9veloppement des projets de production de <a href=\"https:\/\/www.lexpress.fr\/monde\/europe\/terres-rares-la-chine-compromet-le-rearmement-de-leurope-et-fait-le-jeu-de-poutine-EZP7DGXFSRB4XCB5TYJ7DMKXPE\/\" target=\"_self\" rel=\"noopener\" title=\"https:\/\/www.lexpress.fr\/monde\/europe\/terres-rares-la-chine-compromet-le-rearmement-de-leurope-et-fait-le-jeu-de-poutine-EZP7DGXFSRB4XCB5TYJ7DMKXPE\/\">terres rares<\/a> et autres mati\u00e8res premi\u00e8res critiques pour r\u00e9duire sa <a href=\"https:\/\/www.lexpress.fr\/monde\/pourquoi-la-dependance-de-leurope-a-la-chine-na-jamais-paru-aussi-dangereuse-2NLHZNL6ENFP5E4W3XMWGZY6RY\/\" target=\"_self\" rel=\"noopener\" title=\"https:\/\/www.lexpress.fr\/monde\/pourquoi-la-dependance-de-leurope-a-la-chine-na-jamais-paru-aussi-dangereuse-2NLHZNL6ENFP5E4W3XMWGZY6RY\/\">d\u00e9pendance<\/a> \u00e0 la Chine, dont la mainmise sur ces mat\u00e9riaux essentiels \u00e0 l&rsquo;\u00e9conomie g\u00e9n\u00e8re de fortes tensions. \u00ab\u00a0Aujourd&rsquo;hui, l&rsquo;Europe apporte sa r\u00e9ponse \u00e0 la nouvelle situation g\u00e9opolitique mondiale\u00a0\u00bb, et elle \u00ab\u00a0acte son ind\u00e9pendance sur les mati\u00e8res premi\u00e8res critiques\u00a0\u00bb, a soulign\u00e9 le vice-pr\u00e9sident de la Commission St\u00e9phane S\u00e9journ\u00e9, en pr\u00e9sentant mercredi ces mesures \u00e0 la presse.<\/p>\n<p>L&rsquo;UE d\u00e9bloque pr\u00e8s de 3 milliards d&rsquo;euros<\/p>\n<p class=\"paragraph article-body-paragraph article__item   \">La Commission europ\u00e9enne va notamment d\u00e9bloquer pr\u00e8s de 3 milliards d&rsquo;euros pour financer des projets strat\u00e9giques dans l&rsquo;extraction, le raffinage et le recyclage de ces minerais et <a href=\"https:\/\/www.lexpress.fr\/environnement\/metaux-critiques-cest-une-course-au-long-terme-et-leurope-part-arretee-CPVQ6HRAANHNTMF7VQ6CEDLHVU\/\" target=\"_self\" rel=\"noopener\" title=\"https:\/\/www.lexpress.fr\/environnement\/metaux-critiques-cest-une-course-au-long-terme-et-leurope-part-arretee-CPVQ6HRAANHNTMF7VQ6CEDLHVU\/\">m\u00e9taux<\/a> indispensables \u00e0 de nombreux secteurs, sur le Vieux Continent et dans des pays partenaires. Elle mobilisera pour ce faire des fonds issus de programmes europ\u00e9ens et de la Banque europ\u00e9enne d&rsquo;investissement.<\/p>\n<p class=\"paragraph article-body-paragraph article__item   \">Elle va en outre cr\u00e9er d\u00e9but 2026 un Centre europ\u00e9en des mati\u00e8res premi\u00e8res critiques. \u00ab\u00a0Il aura trois principales missions : &lsquo;monitorer&rsquo; et \u00e9valuer les besoins, acheter en commun pour le compte des \u00c9tats membres et stocker et livrer en fonction des besoins des entreprises\u00a0\u00bb, a expliqu\u00e9 St\u00e9phane S\u00e9journ\u00e9.<\/p>\n<p class=\"paragraph article-body-paragraph article__item   \">Autre action concr\u00e8te, Bruxelles veut restreindre en d\u00e9but d&rsquo;ann\u00e9e prochaine les exportations des rebuts et d\u00e9chets d&rsquo;aimants permanents (qui sont fabriqu\u00e9s \u00e0 partir de <a href=\"https:\/\/www.lexpress.fr\/economie\/politique-economique\/penurie-espionnage-leurope-victime-du-chantage-chinois-sur-les-terres-rares-XDEFSZVX4FBJNGDKLGG2Y6VP2U\/?auth=5ca5c33300\" target=\"_self\" rel=\"noopener\" title=\"https:\/\/www.lexpress.fr\/economie\/politique-economique\/penurie-espionnage-leurope-victime-du-chantage-chinois-sur-les-terres-rares-XDEFSZVX4FBJNGDKLGG2Y6VP2U\/?auth=5ca5c33300\">terres rares<\/a> et servent \u00e0 de nombreux usages industriels), pour favoriser leur recyclage en Europe. L&rsquo;UE pr\u00e9voit aussi des restrictions plus cibl\u00e9es aux exportations de d\u00e9chets d&rsquo;aluminium et pourrait faire de m\u00eame pour le cuivre.<\/p>\n<p><strong class=\"article-body-link-list__item text-gray-800 article-body-link-list__item--one-item\">LIRE AUSSI : <a class=\"article-body-link-list__item-link\" href=\"https:\/\/www.lexpress.fr\/economie\/politique-economique\/penurie-espionnage-leurope-victime-du-chantage-chinois-sur-les-terres-rares-XDEFSZVX4FBJNGDKLGG2Y6VP2U\/?auth=5ca5c33300\" target=\"_blank\" rel=\"noopener\">P\u00e9nurie, espionnage\u2026 L\u2019Europe, victime du chantage chinois sur les terres rares<\/a><\/strong><\/p>\n<p class=\"paragraph article-body-paragraph article__item   \">Les terres rares sont des \u00e9l\u00e9ments m\u00e9talliques devenus essentiels pour des pans entiers de l&rsquo;\u00e9conomie, en particulier l&rsquo;industrie automobile, les \u00e9nergies renouvelables, le num\u00e9rique ou la d\u00e9fense. Ils servent \u00e0 la fabrication d&rsquo;aimants puissants, de catalyseurs ou de composants \u00e9lectroniques. La Chine, qui concentre la majorit\u00e9 des r\u00e9serves mondiales de terres rares, domine non seulement l&rsquo;extraction des minerais, mais a d\u00e9velopp\u00e9 en plus un quasi-monopole sur le raffinage. Elle exerce une mainmise similaire sur certains m\u00e9taux strat\u00e9giques, comme le gallium utilis\u00e9 dans les semi-conducteurs.<\/p>\n<p>L&rsquo;UE prise en \u00e9tau entre la Chine et les Etats-Unis<\/p>\n<p class=\"paragraph article-body-paragraph article__item   \">L&rsquo;Europe s&rsquo;\u00e9tait dot\u00e9e il y a deux ans d&rsquo;une loi qui visait \u00e0 s\u00e9curiser ses approvisionnements en mati\u00e8res premi\u00e8res \u00ab\u00a0critiques\u00a0\u00bb. L&rsquo;UE se retrouve en effet prise en \u00e9tau entre la Chine, qui a multipli\u00e9 cette ann\u00e9e les mesures de restriction \u00e0 ses exportations de terres rares, et les Etats-Unis de Donald Trump, qui n\u00e9gocient des accords bilat\u00e9raux tous azimuts pour s\u00e9curiser leurs propres approvisionnements.<\/p>\n<p class=\"paragraph article-body-paragraph article__item   \">Le Commissaire europ\u00e9en charg\u00e9 du Commerce Maros Sefcovic a \u00e9galement pr\u00e9sent\u00e9 une mise \u00e0 jour de la doctrine de l&rsquo;UE en mati\u00e8re de \u00ab\u00a0s\u00e9curit\u00e9 \u00e9conomique\u00a0\u00bb, avec l\u00e0 aussi des mesures visant \u00e0 galvaniser l&rsquo;autonomie de l&rsquo;Europe. \u00ab\u00a0Autour du monde, les \u00e9changes commerciaux servent d&rsquo;armes, les cha\u00eenes d&rsquo;approvisionnement sont sous pression\u00a0\u00bb et \u00ab\u00a0les d\u00e9pendances \u00e9conomiques se transforment en pression politique, et cela affecte tous les jours nos entreprises et leur comp\u00e9titivit\u00e9\u00a0\u00bb, a-t-il estim\u00e9.<\/p>\n<p><strong class=\"article-body-link-list__item text-gray-800 article-body-link-list__item--one-item\">LIRE AUSSI : <a class=\"article-body-link-list__item-link\" href=\"https:\/\/www.lexpress.fr\/environnement\/gina-rinehart-nouvelle-papesse-des-terres-rares-lincroyable-parcours-de-la-trumpette-daustralie-WJTHT6L2RNGTRDWZDLLDWFLXUE\/\" target=\"_blank\" rel=\"noopener\">Terres rares : Gina Rinehart, la \u00ab\u00a0Trumpette\u00a0\u00bb d\u2019Australie qui d\u00e9fie la Chine<\/a><\/strong><\/p>\n<p class=\"paragraph article-body-paragraph article__item   \">La doctrine existante, qui \u00e9tait la premi\u00e8re du genre, est pourtant toute r\u00e9cente : elle date de 2023 et visait \u00e0 l&rsquo;\u00e9poque \u00e0 tirer les le\u00e7ons de la pand\u00e9mie de Covid-19 puis de la guerre en Ukraine, deux crises qui ont illustr\u00e9 l&rsquo;extr\u00eame fragilit\u00e9 des cha\u00eenes d&rsquo;approvisionnement europ\u00e9ennes. Or, les tensions g\u00e9opolitiques et commerciales, comme <a href=\"https:\/\/www.lexpress.fr\/economie\/donald-trump-redessine-le-commerce-mondial-notre-carte-des-gagnants-et-perdants-BVL4FNWEB5FQXDGUR3NV5G3HIY\/\" target=\"_self\" rel=\"noopener\" title=\"https:\/\/www.lexpress.fr\/economie\/donald-trump-redessine-le-commerce-mondial-notre-carte-des-gagnants-et-perdants-BVL4FNWEB5FQXDGUR3NV5G3HIY\/\">le bras de fer sur les droits de douane<\/a> avec les Etats-Unis de Donald Trump, ont pouss\u00e9 Bruxelles \u00e0 remettre l&rsquo;ouvrage sur le m\u00e9tier.<\/p>\n<p class=\"paragraph article-body-paragraph article__item    article__text__endpicto\">La doctrine actualis\u00e9e pr\u00e9voit d&rsquo;assouplir et de moderniser l&rsquo;utilisation des principaux outils d\u00e9j\u00e0 \u00e0 la disposition de Bruxelles : contr\u00f4le des investissements directs \u00e9trangers, restrictions \u00e0 l&rsquo;exportation de certains biens, diversification des pays fournisseurs, et \u00e0 les compl\u00e9ter si n\u00e9cessaire. \u00ab\u00a0Nous allons faire un usage plus strat\u00e9gique et assum\u00e9 de nos outils existants, nous en d\u00e9velopperons d&rsquo;autres si besoin, et nous allons am\u00e9liorer notre collecte de renseignements \u00e9conomiques\u00a0\u00bb, a soulign\u00e9 Maros Sefcovic.<\/p>\n","protected":false},"excerpt":{"rendered":"L&rsquo;Union europ\u00e9enne va aider \u00e0 financer et \u00e0 acc\u00e9l\u00e9rer le d\u00e9veloppement des projets de production de terres rares&hellip;\n","protected":false},"author":2,"featured_media":575650,"comment_status":"","ping_status":"","sticky":false,"template":"","format":"standard","meta":{"footnotes":""},"categories":[1586],"tags":[11,1328,1777,674,1779,1011,27,74,12,25,1778,364],"class_list":{"0":"post-575649","1":"post","2":"type-post","3":"status-publish","4":"format-standard","5":"has-post-thumbnail","7":"category-europe","8":"tag-actualites","9":"tag-asie-pacifique","10":"tag-eu","11":"tag-europe","12":"tag-european-union","13":"tag-fr","14":"tag-france","15":"tag-monde","16":"tag-news","17":"tag-republique-francaise","18":"tag-ue","19":"tag-union-europeenne"},"share_on_mastodon":{"url":"https:\/\/pubeurope.com\/@fr\/115656413995927194","error":""},"_links":{"self":[{"href":"https:\/\/www.europesays.com\/fr\/wp-json\/wp\/v2\/posts\/575649","targetHints":{"allow":["GET"]}}],"collection":[{"href":"https:\/\/www.europesays.com\/fr\/wp-json\/wp\/v2\/posts"}],"about":[{"href":"https:\/\/www.europesays.com\/fr\/wp-json\/wp\/v2\/types\/post"}],"author":[{"embeddable":true,"href":"https:\/\/www.europesays.com\/fr\/wp-json\/wp\/v2\/users\/2"}],"replies":[{"embeddable":true,"href":"https:\/\/www.europesays.com\/fr\/wp-json\/wp\/v2\/comments?post=575649"}],"version-history":[{"count":0,"href":"https:\/\/www.europesays.com\/fr\/wp-json\/wp\/v2\/posts\/575649\/revisions"}],"wp:featuredmedia":[{"embeddable":true,"href":"https:\/\/www.europesays.com\/fr\/wp-json\/wp\/v2\/media\/575650"}],"wp:attachment":[{"href":"https:\/\/www.europesays.com\/fr\/wp-json\/wp\/v2\/media?parent=575649"}],"wp:term":[{"taxonomy":"category","embeddable":true,"href":"https:\/\/www.europesays.com\/fr\/wp-json\/wp\/v2\/categories?post=575649"},{"taxonomy":"post_tag","embeddable":true,"href":"https:\/\/www.europesays.com\/fr\/wp-json\/wp\/v2\/tags?post=575649"}],"curies":[{"name":"wp","href":"https:\/\/api.w.org\/{rel}","templated":true}]}}