{"id":575655,"date":"2025-12-03T15:48:17","date_gmt":"2025-12-03T15:48:17","guid":{"rendered":"https:\/\/www.europesays.com\/fr\/575655\/"},"modified":"2025-12-03T15:48:17","modified_gmt":"2025-12-03T15:48:17","slug":"que-vaut-la-derniere-etude-de-linstitut-thomas-more-liberation","status":"publish","type":"post","link":"https:\/\/www.europesays.com\/fr\/575655\/","title":{"rendered":"que vaut la derni\u00e8re \u00e9tude de l\u2019institut Thomas More\u00a0? \u2013 Lib\u00e9ration"},"content":{"rendered":"<p class=\"sc-cPiKLX AiZTS text-element\">Radio France pass\u00e9e au scanner de l\u2019intelligence artificielle. C\u2019est peu ou prou le programme d\u2019une \u00e9tude publi\u00e9e <a href=\"https:\/\/www.lefigaro.fr\/medias\/les-matinales-de-radio-france-penchent-a-gauche-l-etude-qui-atteste-du-manque-de-pluralisme-a-l-antenne-20251128\" target=\"_blank\" rel=\"noopener\" title=\"https:\/\/www.lefigaro.fr\/medias\/les-matinales-de-radio-france-penchent-a-gauche-l-etude-qui-atteste-du-manque-de-pluralisme-a-l-antenne-20251128\">par le Figaro Magazine<\/a> le 28 novembre. Command\u00e9e \u00e0 l\u2019institut Thomas More, un think tank class\u00e9 comme lib\u00e9ral et conservateur, l\u2019analyse visait \u00e0 d\u00e9finir \u00abl\u2019orientation politique des matinales\u00bb de France Inter, France Culture et France Info. Pour ce faire, le laboratoire d\u2019id\u00e9es s\u2019est aid\u00e9 de l\u2019IA.<\/p>\n<p class=\"sc-cPiKLX AiZTS text-element\">A en croire le Figaro, les conclusions de ces travaux sont sans appel : \u00abLa gauche est clairement favoris\u00e9e\u00bb sur les stations publiques. Jean-Thomas Lesueur, directeur g\u00e9n\u00e9ral de l\u2019institut, rench\u00e9rit dans l\u2019article : \u00abLes lignes \u00e9ditoriales de France Inter et France Culture apparaissent durablement orient\u00e9es \u00e0 gauche.\u00bb Cette analyse s\u2019est aussi vu offrir une belle exposition sur une radio concurrente, du groupe Bollor\u00e9, Europe 1. Jean-Thomas Lesueur \u00e9tait invit\u00e9 dans la matinale de Dimitri Pavlenko le 28 novembre. Et l\u2019\u00e9tude a \u00e9t\u00e9 cit\u00e9e dans la revue de presse d\u2019Olivier de Lagarde : se r\u00e9f\u00e9rant au \u00abtr\u00e8s s\u00e9rieux institut Thomas More\u00bb, il rel\u00e8ve que \u00abla palme de l\u2019absence de pluralisme revient<\/p>\n","protected":false},"excerpt":{"rendered":"Radio France pass\u00e9e au scanner de l\u2019intelligence artificielle. C\u2019est peu ou prou le programme d\u2019une \u00e9tude publi\u00e9e par&hellip;\n","protected":false},"author":2,"featured_media":575656,"comment_status":"","ping_status":"","sticky":false,"template":"","format":"standard","meta":{"footnotes":""},"categories":[4],"tags":[11,1011,27,9102,223,12,10316,25],"class_list":{"0":"post-575655","1":"post","2":"type-post","3":"status-publish","4":"format-standard","5":"has-post-thumbnail","7":"category-france","8":"tag-actualites","9":"tag-fr","10":"tag-france","11":"tag-france-inter","12":"tag-intelligence-artificielle","13":"tag-news","14":"tag-radio-france","15":"tag-republique-francaise"},"share_on_mastodon":{"url":"https:\/\/pubeurope.com\/@fr\/115656425666839521","error":""},"_links":{"self":[{"href":"https:\/\/www.europesays.com\/fr\/wp-json\/wp\/v2\/posts\/575655","targetHints":{"allow":["GET"]}}],"collection":[{"href":"https:\/\/www.europesays.com\/fr\/wp-json\/wp\/v2\/posts"}],"about":[{"href":"https:\/\/www.europesays.com\/fr\/wp-json\/wp\/v2\/types\/post"}],"author":[{"embeddable":true,"href":"https:\/\/www.europesays.com\/fr\/wp-json\/wp\/v2\/users\/2"}],"replies":[{"embeddable":true,"href":"https:\/\/www.europesays.com\/fr\/wp-json\/wp\/v2\/comments?post=575655"}],"version-history":[{"count":0,"href":"https:\/\/www.europesays.com\/fr\/wp-json\/wp\/v2\/posts\/575655\/revisions"}],"wp:featuredmedia":[{"embeddable":true,"href":"https:\/\/www.europesays.com\/fr\/wp-json\/wp\/v2\/media\/575656"}],"wp:attachment":[{"href":"https:\/\/www.europesays.com\/fr\/wp-json\/wp\/v2\/media?parent=575655"}],"wp:term":[{"taxonomy":"category","embeddable":true,"href":"https:\/\/www.europesays.com\/fr\/wp-json\/wp\/v2\/categories?post=575655"},{"taxonomy":"post_tag","embeddable":true,"href":"https:\/\/www.europesays.com\/fr\/wp-json\/wp\/v2\/tags?post=575655"}],"curies":[{"name":"wp","href":"https:\/\/api.w.org\/{rel}","templated":true}]}}