{"id":575661,"date":"2025-12-03T15:56:12","date_gmt":"2025-12-03T15:56:12","guid":{"rendered":"https:\/\/www.europesays.com\/fr\/575661\/"},"modified":"2025-12-03T15:56:12","modified_gmt":"2025-12-03T15:56:12","slug":"de-nouvelles-equipes-francaises-au-depart-des-courses-professionnelles-en-france-en-2026","status":"publish","type":"post","link":"https:\/\/www.europesays.com\/fr\/575661\/","title":{"rendered":"De nouvelles \u00e9quipes fran\u00e7aises au d\u00e9part des courses professionnelles en France\u00a0en 2026 ?"},"content":{"rendered":"<p>Le VC Rouen (et ses Bretons) au d\u00e9part des Boucles de l\u2019Aulne \u00e0 Ch\u00e2teaulin ? Bourg-en-Bresse Ain Cyclisme (avec le Finist\u00e9rien Nicolas Silliau) au d\u00e9part du Tour du Finist\u00e8re ? Cela devrait \u00eatre possible en 2026.<\/p>\n<p>Selon nos informations, les \u00e9quipes fran\u00e7aises labellis\u00e9es Conti F\u00e9d\u00e9rale devraient avoir la possibilit\u00e9 de s\u2019aligner au d\u00e9part de deux \u00e9preuves fran\u00e7aises de classe 1 (comme les manches de la Coupe de France mais pas que) en 2026. Elles auraient d\u00e9j\u00e0 sollicit\u00e9 les organisateurs concern\u00e9s.<\/p>\n<p>\u00c0 noter que six \u00e9quipes fran\u00e7aises sont candidates \u00e0 ce statut de Conti F\u00e9d\u00e9rale pour la saison 2026. AVC Aix-en-Provence Dole, Bourg-en-Bresse Ain Cyclisme, le VC Rouen 76, le VC Villefranche Beaujolais et le Vend\u00e9e U-Pays de la Loire qui l\u2019avaient d\u00e9j\u00e0 en 2025, l\u2019ann\u00e9e du lancement, ainsi que le Sco Dijon-Team Materiel-Velo.com.<\/p>\n","protected":false},"excerpt":{"rendered":"Le VC Rouen (et ses Bretons) au d\u00e9part des Boucles de l\u2019Aulne \u00e0 Ch\u00e2teaulin ? Bourg-en-Bresse Ain Cyclisme&hellip;\n","protected":false},"author":2,"featured_media":575662,"comment_status":"","ping_status":"","sticky":false,"template":"","format":"standard","meta":{"footnotes":""},"categories":[1411],"tags":[1154,207,6159,3166,1011,27,2427,60],"class_list":{"0":"post-575661","1":"post","2":"type-post","3":"status-publish","4":"format-standard","5":"has-post-thumbnail","7":"category-cyclisme","8":"tag-cycling","9":"tag-cyclisme","10":"tag-cyclisme-amateurs","11":"tag-en-continu-sports","12":"tag-fr","13":"tag-france","14":"tag-professionnels","15":"tag-sports"},"share_on_mastodon":{"url":"https:\/\/pubeurope.com\/@fr\/115656457343914528","error":""},"_links":{"self":[{"href":"https:\/\/www.europesays.com\/fr\/wp-json\/wp\/v2\/posts\/575661","targetHints":{"allow":["GET"]}}],"collection":[{"href":"https:\/\/www.europesays.com\/fr\/wp-json\/wp\/v2\/posts"}],"about":[{"href":"https:\/\/www.europesays.com\/fr\/wp-json\/wp\/v2\/types\/post"}],"author":[{"embeddable":true,"href":"https:\/\/www.europesays.com\/fr\/wp-json\/wp\/v2\/users\/2"}],"replies":[{"embeddable":true,"href":"https:\/\/www.europesays.com\/fr\/wp-json\/wp\/v2\/comments?post=575661"}],"version-history":[{"count":0,"href":"https:\/\/www.europesays.com\/fr\/wp-json\/wp\/v2\/posts\/575661\/revisions"}],"wp:featuredmedia":[{"embeddable":true,"href":"https:\/\/www.europesays.com\/fr\/wp-json\/wp\/v2\/media\/575662"}],"wp:attachment":[{"href":"https:\/\/www.europesays.com\/fr\/wp-json\/wp\/v2\/media?parent=575661"}],"wp:term":[{"taxonomy":"category","embeddable":true,"href":"https:\/\/www.europesays.com\/fr\/wp-json\/wp\/v2\/categories?post=575661"},{"taxonomy":"post_tag","embeddable":true,"href":"https:\/\/www.europesays.com\/fr\/wp-json\/wp\/v2\/tags?post=575661"}],"curies":[{"name":"wp","href":"https:\/\/api.w.org\/{rel}","templated":true}]}}