{"id":575663,"date":"2025-12-03T15:57:11","date_gmt":"2025-12-03T15:57:11","guid":{"rendered":"https:\/\/www.europesays.com\/fr\/575663\/"},"modified":"2025-12-03T15:57:11","modified_gmt":"2025-12-03T15:57:11","slug":"benatia-la-joue-cash-sur-le-futur-de-de-zerbi","status":"publish","type":"post","link":"https:\/\/www.europesays.com\/fr\/575663\/","title":{"rendered":"Benatia la joue cash sur le futur de De Zerbi"},"content":{"rendered":"<p><strong><\/p>\n<p>Le directeur du football de l\u2019Olympique de Marseille, Medhi Benatia, s\u2019est exprim\u00e9 au sujet de l\u2019avenir de Roberto De Zerbi.<\/p>\n<p><\/strong><\/p>\n<p><a href=\"https:\/\/www.footmarseille.com\/135413-benatia-annonce-quil-ne-restera-pas-eternellement\" target=\"_blank\" rel=\"noopener\">Apr\u00e8s avoir \u00e9voqu\u00e9 son propre futur<\/a> lors d\u2019un long entretien accord\u00e9 \u00e0 RMC Sport, le dirigeant marseillais a livr\u00e9 son sentiment sur la situation du technicien italien, dont le contrat actuel court jusqu\u2019en<strong> juin 2027.<\/strong><\/p>\n<p>\u00ab\u00a0Le coach a d\u00e9j\u00e0 fait une tr\u00e8s belle carri\u00e8re, il va continuer, il ne m\u2019a pas attendu pour faire de grandes choses. <strong>Quoi qu\u2019il arrive, j\u2019esp\u00e8re qu\u2019il va rester le plus longtemps possible<\/strong>\u00ab\u00a0, a confi\u00e9 Medhi Benatia avant de d\u00e9mentir une rumeur. \u00ab\u00a0Non, je ne suis pas li\u00e9 \u00e0 lui\u00ab\u00a0, a-t-il ajout\u00e9.<\/p>\n","protected":false},"excerpt":{"rendered":"Le directeur du football de l\u2019Olympique de Marseille, Medhi Benatia, s\u2019est exprim\u00e9 au sujet de l\u2019avenir de Roberto&hellip;\n","protected":false},"author":2,"featured_media":575664,"comment_status":"","ping_status":"","sticky":false,"template":"","format":"standard","meta":{"footnotes":""},"categories":[1410],"tags":[63,1011,27,60],"class_list":{"0":"post-575663","1":"post","2":"type-post","3":"status-publish","4":"format-standard","5":"has-post-thumbnail","7":"category-football","8":"tag-football","9":"tag-fr","10":"tag-france","11":"tag-sports"},"share_on_mastodon":{"url":"https:\/\/pubeurope.com\/@fr\/115656461238580286","error":""},"_links":{"self":[{"href":"https:\/\/www.europesays.com\/fr\/wp-json\/wp\/v2\/posts\/575663","targetHints":{"allow":["GET"]}}],"collection":[{"href":"https:\/\/www.europesays.com\/fr\/wp-json\/wp\/v2\/posts"}],"about":[{"href":"https:\/\/www.europesays.com\/fr\/wp-json\/wp\/v2\/types\/post"}],"author":[{"embeddable":true,"href":"https:\/\/www.europesays.com\/fr\/wp-json\/wp\/v2\/users\/2"}],"replies":[{"embeddable":true,"href":"https:\/\/www.europesays.com\/fr\/wp-json\/wp\/v2\/comments?post=575663"}],"version-history":[{"count":0,"href":"https:\/\/www.europesays.com\/fr\/wp-json\/wp\/v2\/posts\/575663\/revisions"}],"wp:featuredmedia":[{"embeddable":true,"href":"https:\/\/www.europesays.com\/fr\/wp-json\/wp\/v2\/media\/575664"}],"wp:attachment":[{"href":"https:\/\/www.europesays.com\/fr\/wp-json\/wp\/v2\/media?parent=575663"}],"wp:term":[{"taxonomy":"category","embeddable":true,"href":"https:\/\/www.europesays.com\/fr\/wp-json\/wp\/v2\/categories?post=575663"},{"taxonomy":"post_tag","embeddable":true,"href":"https:\/\/www.europesays.com\/fr\/wp-json\/wp\/v2\/tags?post=575663"}],"curies":[{"name":"wp","href":"https:\/\/api.w.org\/{rel}","templated":true}]}}