{"id":575667,"date":"2025-12-03T15:59:12","date_gmt":"2025-12-03T15:59:12","guid":{"rendered":"https:\/\/www.europesays.com\/fr\/575667\/"},"modified":"2025-12-03T15:59:12","modified_gmt":"2025-12-03T15:59:12","slug":"apres-le-casse-au-louvre-les-deputes-demandent-louverture-dune-commission-denquete","status":"publish","type":"post","link":"https:\/\/www.europesays.com\/fr\/575667\/","title":{"rendered":"Apr\u00e8s le casse au Louvre, les d\u00e9put\u00e9s demandent l\u2019ouverture d\u2019une commission d\u2019enqu\u00eate"},"content":{"rendered":"<p>\n    Deux mois apr\u00e8s le spectaculaire vol des bijoux de la couronne, l\u2019Assembl\u00e9e souhaite enqu\u00eater sur la s\u00e9curisation des \u00e9tablissements culturels. Mais l\u2019obtention de pouvoirs d\u2019enqu\u00eate n\u2019est pas automatique.<\/p>\n<p class=\"fig-paragraph\">La commission des affaires culturelles \u00e0 l&rsquo;Assembl\u00e9e, pr\u00e9sid\u00e9e par le d\u00e9put\u00e9 LR\u00a0<a href=\"https:\/\/video.lefigaro.fr\/figaro\/casse-du-louvre-comment-les-deputes-vont-enqueter-lentretien-dd-alexandre-portier-20251024\" target=\"_blank\" data-fig-type=\"Video\" rel=\"noopener\" data-gtm-custom-categorie=\"navigation\" data-gtm-custom-action=\"crossclick\" data-gtm-custom-label=\"Contextuel\" data-gtm-event=\"customEventSPE\" data-fig-domain=\"LEFIGARO\">Alexandre Portier<\/a>, a vot\u00e9 mercredi en faveur de la cr\u00e9ation d&rsquo;une commission d&rsquo;enqu\u00eate sur la protection du patrimoine et la s\u00e9curit\u00e9 des mus\u00e9es, dans le sillage du\u00a0<a href=\"http:\/\/www.lefigaro.fr\/faits-divers\/casse-du-louvre-le-dernier-membre-presume-du-commando-mis-en-examen-et-ecroue-20251128\" target=\"_blank\" data-fig-type=\"NewsFlash\" rel=\"noopener\" data-gtm-custom-categorie=\"navigation\" data-gtm-custom-action=\"crossclick\" data-gtm-custom-label=\"Contextuel\" data-gtm-event=\"customEventSPE\" data-fig-domain=\"LEFIGARO\">casse au Louvre<\/a>.<\/p>\n<p class=\"fig-paragraph\">L&rsquo;obtention de pouvoirs d&rsquo;enqu\u00eate pour une commission permanente n&rsquo;est cependant pas automatique: la demande doit d\u00e9sormais \u00eatre transmise \u00e0 la pr\u00e9sidente de l&rsquo;Assembl\u00e9e nationale, puis notifi\u00e9e au gouvernement, aux pr\u00e9sidents des groupes politiques et des commissions, qui auront un bref d\u00e9lai pour \u00e9ventuellement s&rsquo;y opposer. Les pouvoirs d&rsquo;une commission d&rsquo;enqu\u00eate comprennent notamment des convocations avec obligation pour la personne de l&rsquo;honorer, des pouvoirs d&rsquo;investigation et de conduire des auditions sous serment. Ce vote favorable a \u00e9t\u00e9 pr\u00e9c\u00e9d\u00e9 de d\u00e9bats autour du risque de doublon entre cette \u00e9ventuelle commission d&rsquo;enqu\u00eate et une mission sur la s\u00e9curisation des \u00e9tablissements culturels.<\/p>\n<p>                                            <a class=\"fig-a11y-skip\" href=\"#fig-a11y-skip-main-inarticle\" data-module=\"a11y-skip\" data-context=\"was @visible\"><br \/>\n    Passer la publicit\u00e9<br \/>\n<\/a>            <\/p>\n<p class=\"fig-paragraph\">Cette mission, confi\u00e9e lundi par d\u00e9cret du Premier ministre sur proposition de la\u00a0<a href=\"http:\/\/www.lefigaro.fr\/culture\/rachida-dati-les-objectifs-de-la-ministre-de-la-culture-sur-fond-de-disette-budgetaire-20240924\" target=\"_blank\" data-fig-type=\"NewsFlash\" rel=\"noopener\" data-gtm-custom-categorie=\"navigation\" data-gtm-custom-action=\"crossclick\" data-gtm-custom-label=\"Contextuel\" data-gtm-event=\"customEventSPE\" data-fig-domain=\"LEFIGARO\">ministre de la Culture Rachida Dati<\/a>, est pilot\u00e9e par le d\u00e9put\u00e9 du bloc central\u00a0<a href=\"http:\/\/www.lefigaro.fr\/vox\/societe\/il-n-y-a-pas-de-vie-intellectuelle-serieuse-sans-pratique-de-la-theologie-20250402\" target=\"_blank\" data-fig-type=\"Article\" rel=\"noopener\" data-gtm-custom-categorie=\"navigation\" data-gtm-custom-action=\"crossclick\" data-gtm-custom-label=\"Contextuel\" data-gtm-event=\"customEventSPE\" data-fig-domain=\"LEFIGARO\">Christophe Marion<\/a>, et non\u00a0<a href=\"http:\/\/www.lefigaro.fr\/vox\/culture\/jeremie-patrier-leitus-mettre-en-place-un-droit-d-entree-a-notre-dame-de-paris-permettrait-d-ouvrir-des-milliers-d-eglises-fermees-20241029\" target=\"_blank\" data-fig-type=\"Article\" rel=\"noopener\" data-gtm-custom-categorie=\"navigation\" data-gtm-custom-action=\"crossclick\" data-gtm-custom-label=\"Contextuel\" data-gtm-event=\"customEventSPE\" data-fig-domain=\"LEFIGARO\">J\u00e9r\u00e9mie Patrier-Leitus<\/a>\u00a0(Horizons) comme initialement pr\u00e9vu. La remise de son rapport est attendue en f\u00e9vrier. Plusieurs membres de la commission des affaires culturelles ont toutefois estim\u00e9 que cette mission \u00e9tait compatible avec la mise sur pied d&rsquo;une commission d&rsquo;enqu\u00eate, qui comporte \u00e9galement une port\u00e9e symbolique forte aupr\u00e8s des citoyens. \u00ab\u00a0Sa temporalit\u00e9 potentielle n&rsquo;est pas la m\u00eame que la mission confi\u00e9e \u00e0 Christophe Marion, puisque quand nous demandons les pouvoirs, ils peuvent s&rsquo;\u00e9tendre jusqu&rsquo;\u00e0 six mois\u00a0\u00bb, a pr\u00e9cis\u00e9 Alexandre Portier.<\/p>\n<p class=\"fig-body-link\">\n            \u00c0 lire aussi<br \/>\n        <a class=\"fig-body-link__link fig-premium-mark\" href=\"http:\/\/www.lefigaro.fr\/actualite-france\/vol-dans-les-musees-une-presence-armee-pourrait-jouer-un-role-preventif-20251022\" target=\"_blank\" data-fig-type=\"Article\" rel=\"noopener\" data-gtm-custom-categorie=\"navigation\" data-gtm-custom-action=\"crossclick\" data-gtm-custom-label=\"Contextuel\" data-gtm-event=\"customEventSPE\" data-fig-domain=\"LEFIGARO\"><\/p>\n<p>        \u00abCasse du si\u00e8cle\u00bb au Louvre\u00a0: une augmentation des vols qui touche toute l\u2019Europe<br \/>\n    <\/a>\n<\/p>\n<p class=\"fig-paragraph\">Ce type de proc\u00e9dure reste rare: l&rsquo;exemple le plus r\u00e9cent date de f\u00e9vrier, quand la commission des affaires culturelles s&rsquo;\u00e9tait dot\u00e9e de pouvoirs d&rsquo;enqu\u00eate sur les violences dans les \u00e9tablissements publics et priv\u00e9s, dans le prolongement de l&rsquo;affaire B\u00e9tharram. Cette fois-ci, la demande intervient pr\u00e8s de deux mois apr\u00e8s le vol de joyaux &#8211; toujours introuvables &#8211; au Louvre. Ce casse au retentissement plan\u00e9taire interroge sur la protection des \u0153uvres. Il a par ailleurs \u00e9t\u00e9 pr\u00e9c\u00e9d\u00e9 d&rsquo;une s\u00e9rie d&rsquo;autres cambriolages (Mus\u00e9um d&rsquo;histoire naturelle \u00e0 Paris, mus\u00e9e national Adrien Dubouch\u00e9 de Limoges), mettant au jour des failles dans la s\u00e9curit\u00e9 des mus\u00e9es.<\/p>\n","protected":false},"excerpt":{"rendered":"Deux mois apr\u00e8s le spectaculaire vol des bijoux de la couronne, l\u2019Assembl\u00e9e souhaite enqu\u00eater sur la s\u00e9curisation des&hellip;\n","protected":false},"author":2,"featured_media":575668,"comment_status":"","ping_status":"","sticky":false,"template":"","format":"standard","meta":{"footnotes":""},"categories":[1358],"tags":[1348,1384,1385,5137,1386,58,59,1011,27,3094,1175],"class_list":{"0":"post-575667","1":"post","2":"type-post","3":"status-publish","4":"format-standard","5":"has-post-thumbnail","7":"category-arts-et-design","8":"tag-arts","9":"tag-arts-and-design","10":"tag-arts-et-design","11":"tag-commission-denquete","12":"tag-design","13":"tag-divertissement","14":"tag-entertainment","15":"tag-fr","16":"tag-france","17":"tag-musee-du-louvre","18":"tag-vol"},"share_on_mastodon":{"url":"https:\/\/pubeurope.com\/@fr\/115656468950695077","error":""},"_links":{"self":[{"href":"https:\/\/www.europesays.com\/fr\/wp-json\/wp\/v2\/posts\/575667","targetHints":{"allow":["GET"]}}],"collection":[{"href":"https:\/\/www.europesays.com\/fr\/wp-json\/wp\/v2\/posts"}],"about":[{"href":"https:\/\/www.europesays.com\/fr\/wp-json\/wp\/v2\/types\/post"}],"author":[{"embeddable":true,"href":"https:\/\/www.europesays.com\/fr\/wp-json\/wp\/v2\/users\/2"}],"replies":[{"embeddable":true,"href":"https:\/\/www.europesays.com\/fr\/wp-json\/wp\/v2\/comments?post=575667"}],"version-history":[{"count":0,"href":"https:\/\/www.europesays.com\/fr\/wp-json\/wp\/v2\/posts\/575667\/revisions"}],"wp:featuredmedia":[{"embeddable":true,"href":"https:\/\/www.europesays.com\/fr\/wp-json\/wp\/v2\/media\/575668"}],"wp:attachment":[{"href":"https:\/\/www.europesays.com\/fr\/wp-json\/wp\/v2\/media?parent=575667"}],"wp:term":[{"taxonomy":"category","embeddable":true,"href":"https:\/\/www.europesays.com\/fr\/wp-json\/wp\/v2\/categories?post=575667"},{"taxonomy":"post_tag","embeddable":true,"href":"https:\/\/www.europesays.com\/fr\/wp-json\/wp\/v2\/tags?post=575667"}],"curies":[{"name":"wp","href":"https:\/\/api.w.org\/{rel}","templated":true}]}}