{"id":575701,"date":"2025-12-03T16:25:17","date_gmt":"2025-12-03T16:25:17","guid":{"rendered":"https:\/\/www.europesays.com\/fr\/575701\/"},"modified":"2025-12-03T16:25:17","modified_gmt":"2025-12-03T16:25:17","slug":"cest-dur-pour-lui-un-joueur-de-montauban-sorti-blesse-lors-du-match-contre-toulon-ne-rejouera-plus-de-la-saison","status":"publish","type":"post","link":"https:\/\/www.europesays.com\/fr\/575701\/","title":{"rendered":"\u00ab\u00a0C\u2019est dur pour lui\u00a0\u00bb\u00a0: un joueur de Montauban sorti bless\u00e9 lors du match contre Toulon ne rejouera plus de la saison"},"content":{"rendered":"<p>\n                                                                    l&rsquo;essentiel<br \/>\n                                                                Sorti au bout de 25 minutes de jeu lors du match contre le RC Toulon, samedi 29\u00a0novembre 2025, un joueur de l\u2019US Montauban souffre d\u2019une rupture des ligaments crois\u00e9s du genou. Sa saison est termin\u00e9e.\n                            <\/p>\n<p>C\u2019est un \u00e9norme coup dur pour l\u2019US Montauban. Son troisi\u00e8me ligne, Tomas Lezana, sorti \u00e0 la 25e minute du match contre le RC Toulon (28-54), samedi 29\u00a0novembre 2025, conna\u00eet la nature de sa blessure. Et sa saison est d\u2019ores et d\u00e9j\u00e0 termin\u00e9e.<\/p>\n<p>        <img decoding=\"async\" class=\"std-img__img responsive-img\" src=\"https:\/\/www.europesays.com\/fr\/wp-content\/uploads\/2025\/12\/1764779115_651_image.jpg\" alt=\"Tomas Lezana est sorti bless\u00e9 \u00e0 la 25e minute du match entre l\u2019USM et Toulon, samedi 29\u00a0novembre 2025.\"\/><\/p>\n<p>                Tomas Lezana est sorti bless\u00e9 \u00e0 la 25e minute du match entre l\u2019USM et Toulon, samedi 29\u00a0novembre 2025.<br \/>\n                                    DDM &#8211; MANU MASSIP<\/p>\n<p>L\u2019international argentin (40 s\u00e9lections) souffre en effet d\u2019une rupture des ligaments crois\u00e9s du genou. <a href=\"https:\/\/www.ladepeche.fr\/2025\/10\/25\/on-a-travaille-le-jeu-au-sol-un-peu-plus-que-dhabitude-les-aveux-dandre-hough-le-coach-de-montauban-avant-la-reception-cruciale-de-perpignan-13008813.php\" target=\"_self\" rel=\"noopener\">Andr\u00e9 Houg<\/a>h, l\u2019entra\u00eeneur des arri\u00e8res de l\u2019\u00e9quipe tarn-et-garonnaise, l\u2019a officialis\u00e9 mercredi 3\u00a0d\u00e9cembre lors de la conf\u00e9rence de presse habituelle organis\u00e9e au centre d\u2019entra\u00eenement du Rami\u00e9rou.<\/p>\n<p>\u00ab\u00a0Nous perdons un gar\u00e7on tr\u00e8s costaud\u00a0\u00bb<\/p>\n<p>\u00ab\u00a0Ce sont bien les crois\u00e9s, a confi\u00e9 l\u2019ancien num\u00e9ro\u00a010. Il s\u2019\u00e9tait d\u00e9j\u00e0 fait les crois\u00e9s de l\u2019autre genou\u2026 C\u2019est dur pour lui parce qu\u2019il avait fait un gros boulot pour revenir \u00e0 ce niveau. Nous perdons un gar\u00e7on tr\u00e8s costaud\u00a0\u00bb, a soulign\u00e9 le coach montalbanais. C\u2019est d\u2019autant plus un coup dur que Lezana arrive en fin de contrat en juin\u00a02026.<\/p>\n<p class=\"std-elt__inline\">\n        <strong>\u00c0 lire aussi :<\/strong><br \/>\n        <a href=\"https:\/\/www.ladepeche.fr\/2025\/11\/29\/top-14-le-sort-sacharne-sur-thomas-fortunel-louvreur-de-montauban-sorti-apres-25-minutes-de-jeu-contre-toulon-13081503.php\" target=\"_blank\" rel=\"noopener\">Top 14\u00a0: le sort s\u2019acharne sur Thomas Fortunel, l\u2019ouvreur de Montauban, sorti apr\u00e8s 25 minutes de jeu contre Toulon<\/a>\n    <\/p>\n<p>Il ne fait pas bon \u00eatre argentin \u00e0 l\u2019USM en ce moment. En effet, lors du d\u00e9placement \u00e0 Bayonne, le 1er\u00a0novembre, un autre Puma, <a href=\"https:\/\/www.ladepeche.fr\/2025\/03\/21\/rugby-pro-d2-un-pilier-international-argentin-devrait-rejoindre-montauban-en-tant-que-joker-medical-12585779.php\" target=\"_self\" rel=\"noopener\">Lucio Sordoni<\/a>, s\u2019est lui aussi rompu les ligaments crois\u00e9s du genou. Ce qui a n\u00e9cessit\u00e9 le renfort de <a href=\"https:\/\/www.ladepeche.fr\/2025\/11\/28\/top-14-lus-montauban-tient-le-joker-medical-de-lucio-sordoni-jusqua-la-fin-de-la-saison-13079958.php\" target=\"_self\" rel=\"noopener\">Sione Mafileo, pilier droit n\u00e9o-z\u00e9landais<\/a>, jusqu\u2019\u00e0 la fin de la saison.<\/p>\n<p>Hough rassurant pour Fortunel<\/p>\n<p>Andr\u00e9 Hough s\u2019est montr\u00e9 en revanche plus rassurant pour Thomas Fortunel. L\u2019ouvreur a \u00e9t\u00e9 remplac\u00e9 au m\u00eame moment que Lezana apr\u00e8s un gros choc avec le capitaine toulonnais David Rybbans. \u00ab\u00a0Il s\u2019agit d\u2019un coup aux c\u00f4tes\u00a0\u00bb, a livr\u00e9 son coach.<\/p>\n<p>        <img decoding=\"async\" class=\"std-img__img responsive-img\" src=\"https:\/\/www.europesays.com\/fr\/wp-content\/uploads\/2025\/12\/1764779117_782_image.jpg\" alt=\"Thomas Fortunel a pris un coup aux c\u00f4tes \u00e0 Toulon mais ne devrait pas \u00eatre absent trop longtemps.\"\/><\/p>\n<p>                Thomas Fortunel a pris un coup aux c\u00f4tes \u00e0 Toulon mais ne devrait pas \u00eatre absent trop longtemps.<br \/>\n                                    DDM &#8211; MANU MASSIP<\/p>\n<p>S\u2019il ne postule pas pour la premi\u00e8re journ\u00e9e de Challenge cup \u00e0 Parme samedi 6\u00a0d\u00e9cembre (21\u00a0heures), l\u2019indisponibilit\u00e9 de Thomas Fortunel sera, en tout cas, bien moins longue. Au poste d\u2019ouveur, l\u2019USM peut compter sur J\u00e9r\u00f4me Bosviel, le jeune Merlin Leflamand, l\u2019arri\u00e8re Baptiste Mouchous ou le centre Maxime Mathy qui peuvent, le cas \u00e9ch\u00e9ant, \u00eatre replac\u00e9s en tant que chef d\u2019orchestre.<\/p>\n","protected":false},"excerpt":{"rendered":"l&rsquo;essentiel Sorti au bout de 25 minutes de jeu lors du match contre le RC Toulon, samedi 29\u00a0novembre&hellip;\n","protected":false},"author":2,"featured_media":575702,"comment_status":"","ping_status":"","sticky":false,"template":"","format":"standard","meta":{"footnotes":""},"categories":[9619],"tags":[1111,11,1777,674,1011,27,19054,12,882,25,68796,517,36586,2310,68991],"class_list":{"0":"post-575701","1":"post","2":"type-post","3":"status-publish","4":"format-standard","5":"has-post-thumbnail","7":"category-toulon","8":"tag-actu","9":"tag-actualites","10":"tag-eu","11":"tag-europe","12":"tag-fr","13":"tag-france","14":"tag-montauban","15":"tag-news","16":"tag-provence-alpes-cote-dazur","17":"tag-republique-francaise","18":"tag-rugby-u00e0-xv","19":"tag-sport","20":"tag-tarn-et-garonne","21":"tag-toulon","22":"tag-us-montauban"},"share_on_mastodon":{"url":"https:\/\/pubeurope.com\/@fr\/115656572344636534","error":""},"_links":{"self":[{"href":"https:\/\/www.europesays.com\/fr\/wp-json\/wp\/v2\/posts\/575701","targetHints":{"allow":["GET"]}}],"collection":[{"href":"https:\/\/www.europesays.com\/fr\/wp-json\/wp\/v2\/posts"}],"about":[{"href":"https:\/\/www.europesays.com\/fr\/wp-json\/wp\/v2\/types\/post"}],"author":[{"embeddable":true,"href":"https:\/\/www.europesays.com\/fr\/wp-json\/wp\/v2\/users\/2"}],"replies":[{"embeddable":true,"href":"https:\/\/www.europesays.com\/fr\/wp-json\/wp\/v2\/comments?post=575701"}],"version-history":[{"count":0,"href":"https:\/\/www.europesays.com\/fr\/wp-json\/wp\/v2\/posts\/575701\/revisions"}],"wp:featuredmedia":[{"embeddable":true,"href":"https:\/\/www.europesays.com\/fr\/wp-json\/wp\/v2\/media\/575702"}],"wp:attachment":[{"href":"https:\/\/www.europesays.com\/fr\/wp-json\/wp\/v2\/media?parent=575701"}],"wp:term":[{"taxonomy":"category","embeddable":true,"href":"https:\/\/www.europesays.com\/fr\/wp-json\/wp\/v2\/categories?post=575701"},{"taxonomy":"post_tag","embeddable":true,"href":"https:\/\/www.europesays.com\/fr\/wp-json\/wp\/v2\/tags?post=575701"}],"curies":[{"name":"wp","href":"https:\/\/api.w.org\/{rel}","templated":true}]}}