{"id":575713,"date":"2025-12-03T16:32:15","date_gmt":"2025-12-03T16:32:15","guid":{"rendered":"https:\/\/www.europesays.com\/fr\/575713\/"},"modified":"2025-12-03T16:32:15","modified_gmt":"2025-12-03T16:32:15","slug":"jetais-paralyse-par-la-stupeur","status":"publish","type":"post","link":"https:\/\/www.europesays.com\/fr\/575713\/","title":{"rendered":"J&rsquo;\u00e9tais paralys\u00e9 par la stupeur"},"content":{"rendered":"<p>                    Par<br \/>\n        <strong><br \/>\n            <a href=\"https:\/\/actu.fr\/auteur\/julien-sournies\" title=\"Consulter tous les articles de Julien Sournies\" target=\"_blank\" rel=\"noopener\">Julien Sournies<\/a><br \/>\n                    <\/strong><\/p>\n<p>        Publi\u00e9 le<\/p>\n<p>            3 d\u00e9c. 2025 \u00e0 17h16        <\/p>\n<p>Ce couple d\u2019Autrichien n\u2019est pas encore pr\u00e8s d\u2019oublier cette matin\u00e9e du 4\u00a0septembre 2025. En cette fin de vacances d\u2019\u00e9t\u00e9 dans les <a href=\"https:\/\/actu.fr\/tag\/alpes\" target=\"_blank\" rel=\"noopener\">Alpes<\/a>, Josef Bellinger et sa compagne ont v\u00e9cu une fin de s\u00e9jour dont ils se seraient bien pass\u00e9s.<br \/>Alors qu\u2019il devait prendre la route pour rentrer en Autriche, le couple a fait une bien <strong>f\u00e2cheuse d\u00e9couverte<\/strong> sur le parking de l\u2019h\u00f4tel B&amp;B d\u2019Argonay (Haute-Savoie), pr\u00e8s d\u2019Annecy. Ils t\u00e9moignent aupr\u00e8s d\u2019<a href=\"https:\/\/actu.fr\/grenoble\/\" target=\"_blank\" rel=\"noopener\">actu Grenoble<\/a>.<\/p>\n<p>    <a href=\"https:\/\/www.google.com\/maps\/embed?pb=!1m18!1m12!1m3!1d1990.4819329028333!2d6.127276274833517!3d45.943445601337324!2m3!1f0!2f0!3f0!3m2!1i1024!2i768!4f13.1!3m3!1m2!1s0x478b8f620ee83cbd%3A0xa35c94b31bfd5852!2sB%26B%20HOTEL%20Annecy%20Argonay!5e1!3m2!1sfr!2sfr!4v1764757467139!5m2!1sfr!2sfr\" title=\"Ouvrie le lien\" target=\"_blank\" rel=\"noopener\">Cliquez ici pour visualiser le contenu<\/a><\/p>\n<p>\u00ab\u00a0Nous \u00e9tions sous le choc\u00a0\u00bb<\/p>\n<p class=\" wall-content\">Au petit matin vers 6h45, Josef, \u00e0 son grand regret, a constat\u00e9 la disparition de sa BMW R1300GS Adventure, laquelle \u00e9tait pourtant bien ancr\u00e9e sur la remorque de sa voiture la veille au soir. Un pr\u00e9judice estim\u00e9 \u00e0 quelques<strong> 28\u2009000\u00a0euros<\/strong>. \u00ab\u2009Il ne restait au final que celle de ma copine. Pourtant, nous avions s\u00e9curis\u00e9 les motos et la remorque avec plusieurs antivols\u2009: un antivol de disque robuste, une cha\u00eene avec un cadenas et un antivol d\u2019attelage sur la remorque\u2009\u00bb, confie-t-il.<\/p>\n<blockquote class=\"ac-article-quote wall-content\">\n<p>Au final, il ne restait que les sangles d&rsquo;arrimage coup\u00e9es et l&rsquo;antivol de cha\u00eene arrach\u00e9. Nous \u00e9tions sous le choc. Ma copine a cri\u00e9 et moi, j&rsquo;\u00e9tais paralys\u00e9 par la stupeur.<\/p>\n<p>    <strong>Josef Bellinger<\/strong>\n            <\/p><\/blockquote>\n<p><a class=\"jo-module-caroussel__img-container\" href=\"https:\/\/static.actu.fr\/uploads\/2025\/11\/autrichien-vol-moto-bmw-3.jpg\" title=\"Agrandir la photo Bien qu\u2019il l\u2019ait s\u00e9curis\u00e9 sur sa remorque de la voiture, Josef s\u2019est fait d\u00e9rober sa moto. (\u00a9 Document remis \u00e0 actu Grenoble)\" data-idx=\"1\" target=\"_blank\" rel=\"noopener\"><br \/>\n    <img decoding=\"async\" class=\"jo-module-caroussel__img\" loading=\"lazy\" src=\"https:\/\/www.europesays.com\/fr\/wp-content\/uploads\/2025\/12\/autrichien-vol-moto-bmw-3-640x427.jpg\" alt=\"Bien qu\u2019il l\u2019ait s\u00e9curis\u00e9 sur sa remorque de la voiture, Josef s\u2019est fait d\u00e9rober sa moto. (\u00a9 Document remis \u00e0 actu Grenoble)\" width=\"640\" height=\"427\"\/><\/a><a class=\"jo-module-caroussel__img-container\" href=\"https:\/\/static.actu.fr\/uploads\/2025\/11\/autrichien-vol-moto-bmw-2.jpg\" title=\"Agrandir la photo Bien qu\u2019il l\u2019ait s\u00e9curis\u00e9 sur sa remorque de la voiture, Josef s\u2019est fait d\u00e9rober sa moto. (\u00a9 Document remis \u00e0 actu Grenoble)\" data-idx=\"2\" target=\"_blank\" rel=\"noopener\"><br \/>\n    <img decoding=\"async\" class=\"jo-module-caroussel__img\" loading=\"lazy\" src=\"https:\/\/www.europesays.com\/fr\/wp-content\/uploads\/2025\/12\/autrichien-vol-moto-bmw-2-640x427.jpg\" alt=\"Bien qu\u2019il l\u2019ait s\u00e9curis\u00e9 sur sa remorque de la voiture, Josef s\u2019est fait d\u00e9rober sa moto. (\u00a9 Document remis \u00e0 actu Grenoble)\" width=\"640\" height=\"427\"\/><\/a><\/p>\n<p class=\" wall-content\">\u00c0 l\u2019instar d\u2019une trentaine d\u2019autres personnes, Josef a en r\u00e9alit\u00e9 \u00e9t\u00e9 victime du <a href=\"https:\/\/actu.fr\/auvergne-rhone-alpes\/grenoble_38185\/isere-le-gang-des-bmw-depouille-les-touristes-les-gendarmes-font-tomber-un-trafic-juteux_63436587.html\" target=\"_blank\" rel=\"noopener\">gang de voleurs de moto BMW<\/a>, lequel a \u00e9t\u00e9 d\u00e9mantel\u00e9 dans l\u2019agglom\u00e9ration grenobloise par les gendarmes de l\u2019<a href=\"https:\/\/actu.fr\/auvergne-rhone-alpes\/isere_38\" target=\"_blank\" rel=\"noopener\">Is\u00e8re<\/a> le 4\u00a0novembre dernier. Pour m\u00e9moire, entre juin et octobre\u00a02025, le groupe de malfaiteurs, compos\u00e9 de quatre individus, ciblait essentiellement les <strong>parkings d\u2019h\u00f4tels<\/strong> de la r\u00e9gion.<\/p>\n<p>\u00ab\u2009Il est \u00e9vident que quelqu\u2019un \u00e0 l\u2019h\u00f4tel a d\u00fb ouvrir le portail\u2009\u00bb<\/p>\n<p class=\" wall-content\">Mais pr\u00e8s de trois mois apr\u00e8s les faits, le couple peine toujours \u00e0 comprendre comment cela a pu se produire, et ce, m\u00eame apr\u00e8s avoir \u00e9t\u00e9 en mesure de consulter les images de vid\u00e9osurveillance du parking de l\u2019h\u00f4tel. \u00ab\u2009On y voyait <strong>trois hommes cagoul\u00e9s<\/strong> tourner tranquillement autour de ma moto vers 0h50. On pouvait \u00e9galement constater que le grand portail d\u2019entr\u00e9e \u00e9tait ouvert, alors que la veille au soir, \u00e0 notre arriv\u00e9e \u00e0 21h15, il \u00e9tait ferm\u00e9 \u00e0 cl\u00e9\u2009\u00bb, d\u00e9plore Josef.<\/p>\n<p>Votre r\u00e9gion, votre actu !<\/p>\n<p>Recevez chaque jour les infos qui comptent pour vous.<\/p>\n<p>\t<a href=\"https:\/\/actu.fr\/newsletter\" class=\"ac-btn ac-btn--corner ac-btn--medium ac-btn--blue800\" target=\"_blank\" rel=\"noopener\">S&rsquo;incrire<\/a><\/p>\n<p class=\" wall-content\">Et ce dernier de poursuivre\u2009: \u00ab\u2009Dans les h\u00f4tels B&amp;B, on re\u00e7oit un code \u00e0 six chiffres sur son t\u00e9l\u00e9phone portable, qui permet d\u2019ouvrir le portail, la porte d\u2019entr\u00e9e et la porte de la chambre. Nous nous sommes demand\u00e9 pourquoi le portail \u00e9tait ouvert et ne s\u2019\u00e9tait pas referm\u00e9 automatiquement, comme \u00e0 notre arriv\u00e9e.\u2009\u00bb<\/p>\n<blockquote class=\"ac-article-quote wall-content\">\n<p>Il est \u00e9vident pour nous que quelqu&rsquo;un \u00e0 l&rsquo;h\u00f4tel a d\u00fb ouvrir le portail ou communiquer le code.<\/p>\n<p>    <strong>Josef Bellinger<\/strong>\n            <\/p><\/blockquote>\n<p>\u00ab\u2009Son attitude envers nous \u00e9tait tr\u00e8s m\u00e9prisante\u2009\u00bb<\/p>\n<p class=\" wall-content\">Apr\u00e8s avoir visualis\u00e9 les images, le couple a alors d\u00e9cid\u00e9 de d\u00e9poser une plainte aupr\u00e8s de la compagnie de gendarmerie d\u00e9partementale d\u2019Annecy. Un vrai parcours du combattant. \u00ab\u2009En raison de la barri\u00e8re de la langue, une gendarme nous a dit que nous devions nous d\u00e9brouiller pour trouver un interpr\u00e8te avant de pouvoir revenir. <strong>Son attitude envers nous \u00e9tait tr\u00e8s m\u00e9prisante<\/strong>. Elle nous a dit qu\u2019elle parlerait qu\u2019en fran\u00e7ais avant de nous laisser en plan\u2009\u00bb, se rem\u00e9more Josef avec amertume.<\/p>\n<p class=\" wall-content\">Au bout de deux heures \u00e0 patienter, le couple a finalement pu faire sa d\u00e9position aupr\u00e8s d\u2019un autre gendarme. \u00ab\u2009Gr\u00e2ce \u00e0 la coll\u00e8gue fran\u00e7aise de ma femme qui a pu faire office de traductrice, nous avons pu porter plainte pour vol\u2009\u00bb, explique l\u2019Autrichien.<\/p>\n<p>\u00ab\u2009Cette exp\u00e9rience nous a laiss\u00e9 une tr\u00e8s mauvaise impression\u2009\u00bb<\/p>\n<p class=\" wall-content\">Si quelques personnes ont pu r\u00e9cup\u00e9rer leur bien, ce n\u2019est pas le cas de Josef, lequel se pose encore une multitude de questions. \u00ab\u2009Comment la moto a-t-elle \u00e9t\u00e9 transport\u00e9e\u2009? Qui \u00e9tait impliqu\u00e9\u2009? La gendarmerie a-t-elle seulement visionn\u00e9 les images de vid\u00e9osurveillance\u2009?\u2009\u00bb, s\u2019enquit-il.<\/p>\n<p>    <img   decoding=\"async\" loading=\"lazy\" src=\"https:\/\/www.europesays.com\/fr\/wp-content\/uploads\/2025\/12\/autrichien-vol-moto-bmw-4-960x640.jpg\" alt=\"La derni\u00e8re photo de la moto de Josef, capt\u00e9e dans les Pyr\u00e9n\u00e9es le 2 septembre.\" width=\"960\" height=\"640\"\/><br \/>\n    La derni\u00e8re photo de la moto de Josef, capt\u00e9e dans les Pyr\u00e9n\u00e9es le 2 septembre. (\u00a9Document remis \u00e0 actu Grenoble)<\/p>\n<p class=\" wall-content\">De son c\u00f4t\u00e9, la pr\u00e9fecture de l\u2019Is\u00e8re, sollicit\u00e9e par nos soins, indique \u00ab\u2009qu\u2019aucun autre \u00e9l\u00e9ment que ceux d\u00e9j\u00e0 communiqu\u00e9s ne pourra \u00eatre apport\u00e9, les dossiers relevant du domaine de l\u2019enqu\u00eate\u2009\u00bb.<\/p>\n<p class=\" wall-content\">Face \u00e0 ces d\u00e9boires et des interrogations toujours sans r\u00e9ponse, Josef et sa dulcin\u00e9e, forts de huit s\u00e9jours en France, ne sont pas certains de vouloir revenir un jour\u2009: \u00ab\u2009Nous \u00e9tions auparavant tr\u00e8s enthousiastes \u00e0 l\u2019id\u00e9e de voyager en France. Malheureusement, cette exp\u00e9rience, accompagn\u00e9e de l\u2019accueil m\u00e9prisant de la gendarmerie et de la r\u00e9ceptionniste de l\u2019h\u00f4tel, nous a laiss\u00e9 <strong>une tr\u00e8s mauvaise impression<\/strong>. Pas s\u00fbr que nous retournerons un jour en France\u2009\u00bb<\/p>\n<p class=\" wall-content\">Personnalisez votre actualit\u00e9 en ajoutant vos villes et m\u00e9dias en favori avec <a href=\"https:\/\/moncompte.actu.fr\" title=\"D\u00e9couvez Mon Actu\" rel=\"nofollow noopener\" data-trk=\"{&quot;cta&quot;:{&quot;action&quot;:&quot;https:\\\/\\\/moncompte.actu.fr&quot;,&quot;category&quot;:&quot;mon compte&quot;,&quot;from&quot;:&quot;article footer&quot;,&quot;name&quot;:&quot;Mon actu&quot;,&quot;type&quot;:&quot;cta&quot;}}\" target=\"_blank\">Mon Actu<\/a>.<\/p>\n","protected":false},"excerpt":{"rendered":"Par Julien Sournies Publi\u00e9 le 3 d\u00e9c. 2025 \u00e0 17h16 Ce couple d\u2019Autrichien n\u2019est pas encore pr\u00e8s d\u2019oublier&hellip;\n","protected":false},"author":2,"featured_media":575714,"comment_status":"","ping_status":"","sticky":false,"template":"","format":"standard","meta":{"footnotes":""},"categories":[9566],"tags":[1111,11,2430,1777,674,1011,27,3381,2731,1457,12,25,104],"class_list":{"0":"post-575713","1":"post","2":"type-post","3":"status-publish","4":"format-standard","5":"has-post-thumbnail","7":"category-grenoble","8":"tag-actu","9":"tag-actualites","10":"tag-auvergne-rhone-alpes","11":"tag-eu","12":"tag-europe","13":"tag-fr","14":"tag-france","15":"tag-gendarmerie","16":"tag-grenoble","17":"tag-moto","18":"tag-news","19":"tag-republique-francaise","20":"tag-societe"},"share_on_mastodon":{"url":"https:\/\/pubeurope.com\/@fr\/115656600339209952","error":""},"_links":{"self":[{"href":"https:\/\/www.europesays.com\/fr\/wp-json\/wp\/v2\/posts\/575713","targetHints":{"allow":["GET"]}}],"collection":[{"href":"https:\/\/www.europesays.com\/fr\/wp-json\/wp\/v2\/posts"}],"about":[{"href":"https:\/\/www.europesays.com\/fr\/wp-json\/wp\/v2\/types\/post"}],"author":[{"embeddable":true,"href":"https:\/\/www.europesays.com\/fr\/wp-json\/wp\/v2\/users\/2"}],"replies":[{"embeddable":true,"href":"https:\/\/www.europesays.com\/fr\/wp-json\/wp\/v2\/comments?post=575713"}],"version-history":[{"count":0,"href":"https:\/\/www.europesays.com\/fr\/wp-json\/wp\/v2\/posts\/575713\/revisions"}],"wp:featuredmedia":[{"embeddable":true,"href":"https:\/\/www.europesays.com\/fr\/wp-json\/wp\/v2\/media\/575714"}],"wp:attachment":[{"href":"https:\/\/www.europesays.com\/fr\/wp-json\/wp\/v2\/media?parent=575713"}],"wp:term":[{"taxonomy":"category","embeddable":true,"href":"https:\/\/www.europesays.com\/fr\/wp-json\/wp\/v2\/categories?post=575713"},{"taxonomy":"post_tag","embeddable":true,"href":"https:\/\/www.europesays.com\/fr\/wp-json\/wp\/v2\/tags?post=575713"}],"curies":[{"name":"wp","href":"https:\/\/api.w.org\/{rel}","templated":true}]}}