{"id":575715,"date":"2025-12-03T16:33:24","date_gmt":"2025-12-03T16:33:24","guid":{"rendered":"https:\/\/www.europesays.com\/fr\/575715\/"},"modified":"2025-12-03T16:33:24","modified_gmt":"2025-12-03T16:33:24","slug":"appel-a-temoignages-belles-surprises-anecdotes-imprevus-quel-est-votre-meilleur-souvenir-2","status":"publish","type":"post","link":"https:\/\/www.europesays.com\/fr\/575715\/","title":{"rendered":"Appel \u00e0 t\u00e9moignages. Belles surprises, anecdotes, impr\u00e9vus&#8230; Quel est votre meilleur souvenir"},"content":{"rendered":"<p>Une histoire dr\u00f4le sur dans le Parc-Expo\u00a0lors des Trans Musicales\u00a0? Un souvenir m\u00e9morable lors d\u2019une vir\u00e9e nocturne lors des Bars en Trans\u00a0? Un coup de c\u0153ur musical qui vous reste durablement en m\u00e9moire\u00a0? Une gal\u00e8re monumentale que vous ressortez \u00e0 chaque ap\u00e9ro entre amis ou aux d\u00eeners de No\u00ebl\u00a0? Quels est votre souvenir le plus marquant des Trans Musicales de Rennes ?<\/p>\n<p><strong>Lire aussi<\/strong>\u00a0<strong>:<\/strong>\u00a0<a href=\"https:\/\/rennes.maville.com\/actu\/actudet_-comment-profiter-des-trans-musicales-et-des-bars-en-trans-gratuitement-a-rennes-_7-7087378_actu.Htm\" target=\"_blank\" rel=\"noopener\">Comment profiter des Trans Musicales et des Bars en Trans gratuitement \u00e0 Rennes\u00a0?<\/a><\/p>\n<p>Racontez-nous\u00a0!<\/p>\n<p><a href=\"https:\/\/rennes.maville.com\/actu\/actudet_-video.-voici-cinq-artistes-incontournables-a-ne-pas-manquer-lors-des-trans-musicales-2025-a-rennes-_7-7081130_actu.Htm\" target=\"_blank\" rel=\"noopener\">\u00c0 l\u2019occasion de la 47e \u00e9dition des Trans Musicales de Rennes,<\/a> jusqu\u2019au 7\u00a0d\u00e9cembre 2025, la r\u00e9daction vous donne la parole.\u00a0Remplissez le formulaire ci-dessous et partagez vos t\u00e9moignages avec nous. La r\u00e9daction d\u2019Ouest-France Rennes en s\u00e9lectionnera plusieurs qui seront publi\u00e9s sur le site internet ainsi que dans les pages du journal papier.<\/p>\n<p>N\u2019h\u00e9sitez pas \u00e0 nous laisser vos coordonn\u00e9es pour que la r\u00e9daction puisse vous joindre, afin d\u2019obtenir de plus amples d\u00e9tails. Les t\u00e9moignages peuvent \u00eatre anonymis\u00e9s.<\/p>\n<p>Merci \u00e0 toutes et \u00e0 tous pour vos contributions.<\/p>\n<p>\u00a0<\/p>\n","protected":false},"excerpt":{"rendered":"Une histoire dr\u00f4le sur dans le Parc-Expo\u00a0lors des Trans Musicales\u00a0? Un souvenir m\u00e9morable lors d\u2019une vir\u00e9e nocturne lors&hellip;\n","protected":false},"author":2,"featured_media":575359,"comment_status":"","ping_status":"","sticky":false,"template":"","format":"standard","meta":{"footnotes":""},"categories":[2821],"tags":[1111,11,12421,7431,13543,829,1777,674,1011,27,68980,14954,29951,12,3086,584,25,20823,24568,17932,11278],"class_list":{"0":"post-575715","1":"post","2":"type-post","3":"status-publish","4":"format-standard","5":"has-post-thumbnail","7":"category-rennes","8":"tag-actu","9":"tag-actualites","10":"tag-anecdotes","11":"tag-appel","12":"tag-belles","13":"tag-bretagne","14":"tag-eu","15":"tag-europe","16":"tag-fr","17":"tag-france","18":"tag-imprevus","19":"tag-meilleur","20":"tag-musicales","21":"tag-news","22":"tag-redon","23":"tag-rennes","24":"tag-republique-francaise","25":"tag-souvenir","26":"tag-surprises","27":"tag-temoignages","28":"tag-trans"},"share_on_mastodon":{"url":"https:\/\/pubeurope.com\/@fr\/115656602862724469","error":""},"_links":{"self":[{"href":"https:\/\/www.europesays.com\/fr\/wp-json\/wp\/v2\/posts\/575715","targetHints":{"allow":["GET"]}}],"collection":[{"href":"https:\/\/www.europesays.com\/fr\/wp-json\/wp\/v2\/posts"}],"about":[{"href":"https:\/\/www.europesays.com\/fr\/wp-json\/wp\/v2\/types\/post"}],"author":[{"embeddable":true,"href":"https:\/\/www.europesays.com\/fr\/wp-json\/wp\/v2\/users\/2"}],"replies":[{"embeddable":true,"href":"https:\/\/www.europesays.com\/fr\/wp-json\/wp\/v2\/comments?post=575715"}],"version-history":[{"count":0,"href":"https:\/\/www.europesays.com\/fr\/wp-json\/wp\/v2\/posts\/575715\/revisions"}],"wp:featuredmedia":[{"embeddable":true,"href":"https:\/\/www.europesays.com\/fr\/wp-json\/wp\/v2\/media\/575359"}],"wp:attachment":[{"href":"https:\/\/www.europesays.com\/fr\/wp-json\/wp\/v2\/media?parent=575715"}],"wp:term":[{"taxonomy":"category","embeddable":true,"href":"https:\/\/www.europesays.com\/fr\/wp-json\/wp\/v2\/categories?post=575715"},{"taxonomy":"post_tag","embeddable":true,"href":"https:\/\/www.europesays.com\/fr\/wp-json\/wp\/v2\/tags?post=575715"}],"curies":[{"name":"wp","href":"https:\/\/api.w.org\/{rel}","templated":true}]}}