{"id":575718,"date":"2025-12-03T16:35:12","date_gmt":"2025-12-03T16:35:12","guid":{"rendered":"https:\/\/www.europesays.com\/fr\/575718\/"},"modified":"2025-12-03T16:35:12","modified_gmt":"2025-12-03T16:35:12","slug":"laurent-nunez-demande-de-renforcer-la-securite-des-marches-de-noel-et-cite-strasbourg","status":"publish","type":"post","link":"https:\/\/www.europesays.com\/fr\/575718\/","title":{"rendered":"Laurent Nunez demande de renforcer la s\u00e9curit\u00e9 des march\u00e9s de No\u00ebl et cite Strasbourg"},"content":{"rendered":"<p>                    Par<br \/>\n        <strong><br \/>\n            <a href=\"https:\/\/actu.fr\/auteur\/ivan-capecchi\" title=\"Consulter tous les articles de Ivan CAPECCHI\" target=\"_blank\" rel=\"noopener\">Ivan CAPECCHI<\/a><br \/>\n                    <\/strong><\/p>\n<p>        Publi\u00e9 le<\/p>\n<p>            3 d\u00e9c. 2025 \u00e0 17h08        <\/p>\n<p>Le ministre de l\u2019Int\u00e9rieur Laurent Nunez appelle \u00e0 renforcer la s\u00e9curit\u00e9 autour des march\u00e9s de No\u00ebl, selon un t\u00e9l\u00e9gramme consult\u00e9 par nos confr\u00e8res de <a href=\"https:\/\/www.bfmtv.com\/police-justice\/info-bfmtv-face-a-la-menace-terroriste-laurent-nunez-appelle-a-un-renforcement-de-la-securite-autour-des-marches-de-noel_AN-202512030702.html?at_medium=Push_notifications&amp;at_campaign=Push_web&amp;at_brand=BFM_Actu\" target=\"_blank\" rel=\"noopener\">BFMTV<\/a>.<\/p>\n<p>Laurent Nunez \u00e9voque une menace terroriste \u00ab\u00a0tr\u00e8s \u00e9lev\u00e9e\u00a0\u00bb<\/p>\n<p class=\" wall-content\">Dans un courrier adress\u00e9 aux pr\u00e9fets ce mercredi 3 d\u00e9cembre, il \u00e9voque une <strong>menace terroriste \u00ab\u00a0tr\u00e8s \u00e9lev\u00e9e\u00a0\u00bb<\/strong> et rappelle la cible que repr\u00e9sentent ces \u00e9v\u00e9nements, citant <strong>l\u2019attentat de Berlin en 2024<\/strong> \u00ab\u00a0faisant cinq morts et pr\u00e8s de 200 bless\u00e9s\u00a0\u00bb et celui de <strong>Strasbourg en 2018<\/strong>, qui avait fait \u00ab\u00a0cinq morts et 11 bless\u00e9s\u00a0\u00bb.<\/p>\n<p class=\" wall-content\">Face \u00e0 cette menace, il demande aux pr\u00e9fets de veiller \u00e0 ce que les services de renseignement soient mobilis\u00e9s \u00ab\u00a0dans la <strong>d\u00e9tection<\/strong>, <strong>pr\u00e9vention<\/strong> et, le cas \u00e9ch\u00e9ant, <strong>l\u2019entrave des menaces terroristes<\/strong>\u00ab\u00a0. Le ministre souhaite aussi une <strong>\u00ab\u00a0pr\u00e9sence visible et dissuasive\u00a0\u00bb des forces de l\u2019ordre et militaires<\/strong>, et appelle \u00e0 une <strong>vigilance particuli\u00e8re sur \u00ab\u00a0la gestion des flux pi\u00e9tons\u00a0\u00bb<\/strong>, les \u00ab\u00a0<strong>arr\u00eat\u00e9s d\u2019interdictions et de limitations<\/strong>\u00a0\u00bb de circulation, ainsi que l\u2019usage de la <strong>vid\u00e9osurveillance<\/strong>.<\/p>\n<p>Une arme retrouv\u00e9e sur le march\u00e9 de No\u00ebl de Strasbourg r\u00e9cemment<\/p>\n<p class=\" wall-content\">Jeudi 27 novembre 2025 au matin, une <a href=\"https:\/\/actu.fr\/grand-est\/strasbourg_67482\/arme-retrouvee-sur-le-marche-de-noel-de-strasbourg-pres-du-village-dedie-aux-enfants-ce-que-l-on-sait_63511147.html\" target=\"_blank\" rel=\"noopener\">arme avait \u00e9t\u00e9 retrouv\u00e9e dans le p\u00e9rim\u00e8tre du march\u00e9 de No\u00ebl de Strasbourg<\/a>, impasse de la Grande \u00c9cluse, tout pr\u00e8s du square Louise Weiss, l\u00e0 o\u00f9 se trouve le Village de l\u2019Avent plus sp\u00e9cifiquement d\u00e9di\u00e9 aux enfants.<\/p>\n<p class=\" wall-content\">Il s\u2019agissait d\u2019un <strong>pistolet automatique<\/strong> visiblement encore en \u00e9tat de marche. L\u2019arme avait \u00e9t\u00e9 d\u00e9couverte avec <strong>trois chargeurs garnis de munitions<\/strong>.<\/p>\n<p class=\" wall-content\">Contact\u00e9e \u00e0 la suite de cette d\u00e9couverte pour savoir si elle comptait renforcer le dispositif de s\u00e9curit\u00e9, la pr\u00e9fecture du Bas-Rhin n\u2019a pas souhait\u00e9 faire de commentaire.<\/p>\n<p>Votre r\u00e9gion, votre actu !<\/p>\n<p>Recevez chaque jour les infos qui comptent pour vous.<\/p>\n<p>\t<a href=\"https:\/\/actu.fr\/newsletter\" class=\"ac-btn ac-btn--corner ac-btn--medium ac-btn--blue800\" target=\"_blank\" rel=\"noopener\">S&rsquo;incrire<\/a><br \/>\nLe dispositif de s\u00e9curit\u00e9 de 2024 reconduit<\/p>\n<p class=\" wall-content\">Depuis l\u2019<a href=\"https:\/\/actu.fr\/societe\/attentat-au-marche-de-noel-de-strasbourg-ce-qu-il-faut-savoir-du-proces-qui-s-ouvre-ce-jeudi_60763025.html\" target=\"_blank\" rel=\"noopener\">attentat du march\u00e9 de No\u00ebl de Strasbourg<\/a>\u00a0perp\u00e9tr\u00e9 le 11\u00a0d\u00e9cembre 2018 par <strong>Ch\u00e9rif Chekatt<\/strong>, la s\u00e9curit\u00e9 de l\u2019\u00e9v\u00e9nement a \u00e9t\u00e9 drastiquement renforc\u00e9e.<\/p>\n<p class=\" wall-content\">Pour rappel, cette ann\u00e9e, c\u2019est le\u00a0<a href=\"https:\/\/actu.fr\/grand-est\/strasbourg_67482\/marche-de-noel-de-strasbourg-tout-savoir-du-dispositif-de-securite-mis-en-place-cette-annee_63453885.html\" target=\"_blank\" rel=\"noopener\">dispositif de s\u00e9curit\u00e9<\/a>\u00a0de 2024 qui a \u00e9t\u00e9 reconduit, avec la mobilisation de\u00a01\u2009000\u00a0personnes\u00a0(policiers, gendarmes,\u00a0<a href=\"https:\/\/actu.fr\/grand-est\/strasbourg_67482\/exclusif-strasbourg-la-force-sentinelle-encore-renforcee-pour-le-marche-de-noel_60335917.html\" target=\"_blank\" rel=\"noopener\">militaires de l\u2019op\u00e9ration Sentinelle<\/a>, pompiers, policiers municipaux\u2026), des\u00a0contr\u00f4les aux entr\u00e9es et au sein du march\u00e9 de No\u00ebl\u00a0ou encore une\u00a0r\u00e9gulation des trafics.<\/p>\n<p class=\" wall-content\">Personnalisez votre actualit\u00e9 en ajoutant vos villes et m\u00e9dias en favori avec <a href=\"https:\/\/moncompte.actu.fr\" title=\"D\u00e9couvez Mon Actu\" rel=\"nofollow noopener\" data-trk=\"{&quot;cta&quot;:{&quot;action&quot;:&quot;https:\\\/\\\/moncompte.actu.fr&quot;,&quot;category&quot;:&quot;mon compte&quot;,&quot;from&quot;:&quot;article footer&quot;,&quot;name&quot;:&quot;Mon actu&quot;,&quot;type&quot;:&quot;cta&quot;}}\" target=\"_blank\">Mon Actu<\/a>.<\/p>\n","protected":false},"excerpt":{"rendered":"Par Ivan CAPECCHI Publi\u00e9 le 3 d\u00e9c. 2025 \u00e0 17h08 Le ministre de l\u2019Int\u00e9rieur Laurent Nunez appelle \u00e0&hellip;\n","protected":false},"author":2,"featured_media":575719,"comment_status":"","ping_status":"","sticky":false,"template":"","format":"standard","meta":{"footnotes":""},"categories":[2820],"tags":[1111,11,1777,674,1011,27,775,56596,12,25,104,640,1254],"class_list":{"0":"post-575718","1":"post","2":"type-post","3":"status-publish","4":"format-standard","5":"has-post-thumbnail","7":"category-strasbourg","8":"tag-actu","9":"tag-actualites","10":"tag-eu","11":"tag-europe","12":"tag-fr","13":"tag-france","14":"tag-grand-est","15":"tag-marche-de-noel-de-strasbourg","16":"tag-news","17":"tag-republique-francaise","18":"tag-societe","19":"tag-strasbourg","20":"tag-terrorisme"},"share_on_mastodon":{"url":"https:\/\/pubeurope.com\/@fr\/115656610680330190","error":""},"_links":{"self":[{"href":"https:\/\/www.europesays.com\/fr\/wp-json\/wp\/v2\/posts\/575718","targetHints":{"allow":["GET"]}}],"collection":[{"href":"https:\/\/www.europesays.com\/fr\/wp-json\/wp\/v2\/posts"}],"about":[{"href":"https:\/\/www.europesays.com\/fr\/wp-json\/wp\/v2\/types\/post"}],"author":[{"embeddable":true,"href":"https:\/\/www.europesays.com\/fr\/wp-json\/wp\/v2\/users\/2"}],"replies":[{"embeddable":true,"href":"https:\/\/www.europesays.com\/fr\/wp-json\/wp\/v2\/comments?post=575718"}],"version-history":[{"count":0,"href":"https:\/\/www.europesays.com\/fr\/wp-json\/wp\/v2\/posts\/575718\/revisions"}],"wp:featuredmedia":[{"embeddable":true,"href":"https:\/\/www.europesays.com\/fr\/wp-json\/wp\/v2\/media\/575719"}],"wp:attachment":[{"href":"https:\/\/www.europesays.com\/fr\/wp-json\/wp\/v2\/media?parent=575718"}],"wp:term":[{"taxonomy":"category","embeddable":true,"href":"https:\/\/www.europesays.com\/fr\/wp-json\/wp\/v2\/categories?post=575718"},{"taxonomy":"post_tag","embeddable":true,"href":"https:\/\/www.europesays.com\/fr\/wp-json\/wp\/v2\/tags?post=575718"}],"curies":[{"name":"wp","href":"https:\/\/api.w.org\/{rel}","templated":true}]}}