{"id":575724,"date":"2025-12-03T16:38:15","date_gmt":"2025-12-03T16:38:15","guid":{"rendered":"https:\/\/www.europesays.com\/fr\/575724\/"},"modified":"2025-12-03T16:38:15","modified_gmt":"2025-12-03T16:38:15","slug":"une-enquete-ouverte-pour-abus-de-confiance-et-blanchiment-au-sein-dune-mosquee","status":"publish","type":"post","link":"https:\/\/www.europesays.com\/fr\/575724\/","title":{"rendered":"une enqu\u00eate ouverte pour \u00ababus de confiance\u00bb et \u00abblanchiment\u00bb au sein d\u2019une mosqu\u00e9e"},"content":{"rendered":"<p>\n    Plus de 120.000 euros en esp\u00e8ces conserv\u00e9s au sein m\u00eame du lieu de culte avaient \u00e9veill\u00e9 des soup\u00e7ons d\u2019anomalies comptables de la part de l\u2019imam.<\/p>\n<p class=\"fig-paragraph\">Le parquet de Nice (Alpes-Maritimes) a ouvert une enqu\u00eate pour \u00ababus de confiance\u00bb et \u00abblanchiment\u00bb au sein d\u2019une grande mosqu\u00e9e de l\u2019ouest de la ville, au c\u0153ur de plusieurs controverses ces derniers mois. Les investigations ont \u00e9t\u00e9 confi\u00e9es au service local de police judiciaire, indique au Figaro le procureur de la R\u00e9publique Damien Martinelli.<\/p>\n<p class=\"fig-paragraph\">En septembre, le quotidien r\u00e9gional Nice-Matin avait r\u00e9v\u00e9l\u00e9 que\u00a0<a href=\"http:\/\/www.lefigaro.fr\/nice\/a-nice-polemique-et-interrogations-apres-la-decouverte-de-plus-de-120-000-euros-en-liquide-dans-une-mosquee-20250924\" data-fig-type=\"NewsFlash\" data-gtm-custom-categorie=\"navigation\" data-gtm-custom-action=\"crossclick\" data-gtm-custom-label=\"Contextuel\" data-gtm-event=\"customEventSPE\" data-fig-domain=\"LEFIGARO\" target=\"_blank\" rel=\"noopener\">126.000 euros en esp\u00e8ces<\/a>\u00a0avaient \u00e9t\u00e9 retrouv\u00e9s au sein m\u00eame de la mosqu\u00e9e En-nour, suscitant tensions et incompr\u00e9hension chez les fid\u00e8les et les responsables du culte. L\u2019enqu\u00eate judiciaire a \u00e9t\u00e9 ouverte apr\u00e8s un signalement sous la forme d\u2019un article 40\u00a0<a href=\"http:\/\/www.lefigaro.fr\/nice\/je-serai-un-prefet-impartial-dans-les-alpes-maritimes-laurent-hottiaux-vise-l-ordre-et-l-unite-20250520\" data-fig-type=\"NewsFlash\" data-gtm-custom-categorie=\"navigation\" data-gtm-custom-action=\"crossclick\" data-gtm-custom-label=\"Contextuel\" data-gtm-event=\"customEventSPE\" data-fig-domain=\"LEFIGARO\" target=\"_blank\" rel=\"noopener\">du pr\u00e9fet des Alpes-Maritimes Laurent Hottiaux<\/a>, s\u2019appuyant sur les r\u00e9v\u00e9lations de la presse locale sur cette grosse somme d\u2019argent conserv\u00e9e au sein du lieu de culte.<\/p>\n<p>                                            <a class=\"fig-a11y-skip\" href=\"#fig-a11y-skip-main-inarticle\" data-module=\"a11y-skip\" data-context=\"was @visible\"><br \/>\n    Passer la publicit\u00e9<br \/>\n<\/a>            <\/p>\n<p class=\"fig-paragraph\">Le pr\u00e9sident de la mosqu\u00e9e, Adil Echaoui, par ailleurs ancien tr\u00e9sorier, a alors suspect\u00e9 son imam salari\u00e9, Mahmoud Benzamia, d\u2019\u00eatre \u00e0 l\u2019origine d\u2019anomalies comptables. Des milliers d\u2019euros manqueraient. Le pr\u00e9dicateur s\u2019inscrit en faux, assurant par l\u2019interm\u00e9diaire de son avocat qu\u2019il ne s\u2019agit que des dons r\u00e9colt\u00e9s depuis plusieurs ann\u00e9es lors des traditionnelles qu\u00eates.<\/p>\n<p>                                            Tutelle<\/p>\n<p class=\"fig-paragraph\">La mosqu\u00e9e En-nour est\u00a0<a href=\"http:\/\/www.lefigaro.fr\/nice\/nice-une-mosquee-au-coeur-de-controverses-place-sous-tutelle-par-la-justice-20251017\" data-fig-type=\"NewsFlash\" data-gtm-custom-categorie=\"navigation\" data-gtm-custom-action=\"crossclick\" data-gtm-custom-label=\"Contextuel\" data-gtm-event=\"customEventSPE\" data-fig-domain=\"LEFIGARO\" target=\"_blank\" rel=\"noopener\">plac\u00e9e sous tutelle<\/a>\u00a0depuis mi-octobre et pour au moins six mois apr\u00e8s une proc\u00e9dure en justice entreprise par le pr\u00e9sident Adil Echaoui, d\u00e9sormais en froid avec l\u2019imam Mahmoud Benzamia. Ce dernier avait suscit\u00e9 la pol\u00e9mique en avril dernier en expliquant \u00e0 la t\u00e9l\u00e9vision alg\u00e9rienne que Nice \u00e9tait\u00a0<a href=\"http:\/\/www.lefigaro.fr\/nice\/a-nice-les-propos-d-un-imam-qui-denonce-une-ville-haineuse-et-raciste-suscitent-la-polemique-20250331\" data-fig-type=\"NewsFlash\" data-gtm-custom-categorie=\"navigation\" data-gtm-custom-action=\"crossclick\" data-gtm-custom-label=\"Contextuel\" data-gtm-event=\"customEventSPE\" data-fig-domain=\"LEFIGARO\" target=\"_blank\" rel=\"noopener\">une ville \u00abhaineuse et raciste\u00bb<\/a>, d\u00e9non\u00e7ant ensuite une traduction \u00abmaladroite\u00bb de l\u2019arabe.<\/p>\n<p class=\"fig-paragraph\">En-nour avait ouvert dans la technopole de la plaine du Var en 2016 apr\u00e8s\u00a0<a href=\"https:\/\/www.lefigaro.fr\/actualite-france\/2016\/04\/25\/01016-20160425ARTFIG00284--nice-la-mosquee-de-la-discorde.php\" data-fig-type=\"Article\" data-gtm-custom-categorie=\"navigation\" data-gtm-custom-action=\"crossclick\" data-gtm-custom-label=\"Contextuel\" data-gtm-event=\"customEventSPE\" data-fig-domain=\"LEFIGARO\" target=\"_blank\" rel=\"noopener\">dix ans de controverses et de proc\u00e9dures judiciaires<\/a>. Le maire de Nice\u00a0<a href=\"http:\/\/www.lefigaro.fr\/nice\/municipales-2026-a-nice-christian-estrosi-lance-officiellement-sa-campagne-lors-d-une-grande-reunion-publique-20251122\" data-fig-type=\"NewsFlash\" data-gtm-custom-categorie=\"navigation\" data-gtm-custom-action=\"crossclick\" data-gtm-custom-label=\"Contextuel\" data-gtm-event=\"customEventSPE\" data-fig-domain=\"LEFIGARO\" target=\"_blank\" rel=\"noopener\">Christian Estrosi (Horizons)<\/a>\u00a0s\u2019\u00e9tait oppos\u00e9 \u00e0 la construction de cette mosqu\u00e9e, soup\u00e7onnant un financement \u00e9tranger de l\u2019Arabie saoudite. La justice avait finalement\u00a0<a href=\"https:\/\/www.lefigaro.fr\/flash-actu\/2016\/07\/01\/97001-20160701FILWWW00190-nice-le-prefet-autorise-l-ouverture-d-une-mosquee.php\" data-fig-type=\"NewsFlash\" data-gtm-custom-categorie=\"navigation\" data-gtm-custom-action=\"crossclick\" data-gtm-custom-label=\"Contextuel\" data-gtm-event=\"customEventSPE\" data-fig-domain=\"LEFIGARO\" target=\"_blank\" rel=\"noopener\">class\u00e9 l\u2019affaire<\/a>.<\/p>\n<p class=\"fig-paragraph\">Plus r\u00e9cemment, le projet d\u2019une \u00e9cole coranique dans le centre-ville, d\u00e9pendante de l\u2019institut En-nour, a aussi \u00e9t\u00e9 \u00e9voqu\u00e9 et a suscit\u00e9 des interrogations, mais aucune d\u00e9claration en ce sens n\u2019a \u00e9t\u00e9 re\u00e7ue, assure sur ce point la pr\u00e9fecture au Figaro.<\/p>\n<p class=\"fig-paragraph\">Dans les Alpes-Maritimes, le nombre de musulmans pratiquants est estim\u00e9 \u00e0 pr\u00e8s de 30.000 avec de nombreux ressortissants alg\u00e9riens, tunisiens et marocains.<\/p>\n","protected":false},"excerpt":{"rendered":"Plus de 120.000 euros en esp\u00e8ces conserv\u00e9s au sein m\u00eame du lieu de culte avaient \u00e9veill\u00e9 des soup\u00e7ons&hellip;\n","protected":false},"author":2,"featured_media":575725,"comment_status":"","ping_status":"","sticky":false,"template":"","format":"standard","meta":{"footnotes":""},"categories":[2819],"tags":[1111,11,1777,674,1011,27,303,14577,12,2401,882,4020,25],"class_list":{"0":"post-575724","1":"post","2":"type-post","3":"status-publish","4":"format-standard","5":"has-post-thumbnail","7":"category-nice","8":"tag-actu","9":"tag-actualites","10":"tag-eu","11":"tag-europe","12":"tag-fr","13":"tag-france","14":"tag-justice","15":"tag-mosquee","16":"tag-news","17":"tag-nice","18":"tag-provence-alpes-cote-dazur","19":"tag-religion","20":"tag-republique-francaise"},"share_on_mastodon":{"url":"https:\/\/pubeurope.com\/@fr\/115656622494267371","error":""},"_links":{"self":[{"href":"https:\/\/www.europesays.com\/fr\/wp-json\/wp\/v2\/posts\/575724","targetHints":{"allow":["GET"]}}],"collection":[{"href":"https:\/\/www.europesays.com\/fr\/wp-json\/wp\/v2\/posts"}],"about":[{"href":"https:\/\/www.europesays.com\/fr\/wp-json\/wp\/v2\/types\/post"}],"author":[{"embeddable":true,"href":"https:\/\/www.europesays.com\/fr\/wp-json\/wp\/v2\/users\/2"}],"replies":[{"embeddable":true,"href":"https:\/\/www.europesays.com\/fr\/wp-json\/wp\/v2\/comments?post=575724"}],"version-history":[{"count":0,"href":"https:\/\/www.europesays.com\/fr\/wp-json\/wp\/v2\/posts\/575724\/revisions"}],"wp:featuredmedia":[{"embeddable":true,"href":"https:\/\/www.europesays.com\/fr\/wp-json\/wp\/v2\/media\/575725"}],"wp:attachment":[{"href":"https:\/\/www.europesays.com\/fr\/wp-json\/wp\/v2\/media?parent=575724"}],"wp:term":[{"taxonomy":"category","embeddable":true,"href":"https:\/\/www.europesays.com\/fr\/wp-json\/wp\/v2\/categories?post=575724"},{"taxonomy":"post_tag","embeddable":true,"href":"https:\/\/www.europesays.com\/fr\/wp-json\/wp\/v2\/tags?post=575724"}],"curies":[{"name":"wp","href":"https:\/\/api.w.org\/{rel}","templated":true}]}}