{"id":575728,"date":"2025-12-03T16:40:23","date_gmt":"2025-12-03T16:40:23","guid":{"rendered":"https:\/\/www.europesays.com\/fr\/575728\/"},"modified":"2025-12-03T16:40:23","modified_gmt":"2025-12-03T16:40:23","slug":"le-candidat-de-la-droite-aux-municipales-denonce-le-delire-woke-de-la-mairie","status":"publish","type":"post","link":"https:\/\/www.europesays.com\/fr\/575728\/","title":{"rendered":"le candidat de la droite aux municipales d\u00e9nonce le \u00abd\u00e9lire woke\u00bb de la mairie"},"content":{"rendered":"<p>\n    D\u00e9fendues depuis 2022 par les socialistes, les illuminations \u00abfestives et cr\u00e9atives\u00bb du centre-ville nantais font bondir la t\u00eate de liste de la droite et du centre, premier critique de ces \u00abd\u00e9corations d\u00e9connect\u00e9es, parfois incompr\u00e9hensibles, qui ne racontent plus No\u00ebl\u00bb.<\/p>\n<p class=\"fig-paragraph\">La bataille des illuminations de No\u00ebl est rallum\u00e9e. Deux ans apr\u00e8s\u00a0<a href=\"http:\/\/www.lefigaro.fr\/nantes\/petite-maman-noel-fete-de-la-creativite-l-etrange-noel-de-la-ville-de-nantes-20231117\" target=\"_blank\" data-fig-type=\"Article\" rel=\"noopener\" data-gtm-custom-categorie=\"navigation\" data-gtm-custom-action=\"crossclick\" data-gtm-custom-label=\"Contextuel\" data-gtm-event=\"customEventSPE\" data-fig-domain=\"LEFIGARO\">la pol\u00e9mique soulev\u00e9e par les d\u00e9corations<\/a>\u00a0du centre-ville\u00a0<a href=\"https:\/\/www.lefigaro.fr\/nantes\" target=\"_blank\" data-fig-type=\"Section\" rel=\"sponsored noopener\" data-gtm-custom-categorie=\"navigation\" data-gtm-custom-action=\"crossclick\" data-gtm-custom-label=\"Contextuel\" data-gtm-event=\"customEventSPE\" data-fig-domain=\"LEFIGARO\">de Nantes<\/a>, la singuli\u00e8re mise en beaut\u00e9 des places et des art\u00e8res commer\u00e7antes de la cit\u00e9 des ducs fait \u00e0 nouveau l\u2019actualit\u00e9, \u00e0 trois mois\u00a0<a href=\"https:\/\/www.lefigaro.fr\/elections\/municipales\" target=\"_blank\" data-fig-type=\"Section\" rel=\"sponsored noopener\" data-gtm-custom-categorie=\"navigation\" data-gtm-custom-action=\"crossclick\" data-gtm-custom-label=\"Contextuel\" data-gtm-event=\"customEventSPE\" data-fig-domain=\"LEFIGARO\">des \u00e9lections municipales<\/a>. \u00c0 peine inaugur\u00e9, fin novembre, le dispositif a \u00e9t\u00e9 vivement critiqu\u00e9 par le candidat de la droite et du centre,\u00a0<a href=\"http:\/\/www.lefigaro.fr\/nantes\/qui-est-foulques-chombart-de-lauwe-nouveau-champion-de-la-droite-a-nantes-20250901\" target=\"_blank\" data-fig-type=\"NewsFlash\" rel=\"noopener\" data-gtm-custom-categorie=\"navigation\" data-gtm-custom-action=\"crossclick\" data-gtm-custom-label=\"Contextuel\" data-gtm-event=\"customEventSPE\" data-fig-domain=\"LEFIGARO\">Foulques Chombart\u00a0de\u00a0Lauwe<\/a>\u00a0(Les R\u00e9publicains), qui ne go\u00fbte gu\u00e8re la place accord\u00e9e \u00e0 la cr\u00e9ation contemporaine, aux d\u00e9pens des traditionnels oc\u00e9ans de guirlandes et des for\u00eats de sapins charg\u00e9s de boules poudr\u00e9es.<\/p>\n<p class=\"fig-paragraph\">\u00abCela fait trois ans qu\u2019on essaie de nous priver de No\u00ebl. \u00c0 Nantes, No\u00ebl est devenu un gros mot\u00bb, s\u2019est indign\u00e9 Foulques Chombart\u00a0de\u00a0Lauwe, dans une publication diffus\u00e9e le 27 novembre sur ses r\u00e9seaux sociaux, taclant au passage les motivations \u00abid\u00e9ologiques\u00bb de\u00a0<a href=\"http:\/\/www.lefigaro.fr\/elections\/municipales\/johanna-rolland-l-atout-municipal-du-parti-socialiste-20251130\" target=\"_blank\" data-fig-type=\"Article\" rel=\"noopener\" data-gtm-custom-categorie=\"navigation\" data-gtm-custom-action=\"crossclick\" data-gtm-custom-label=\"Contextuel\" data-gtm-event=\"customEventSPE\" data-fig-domain=\"LEFIGARO\">la maire socialiste de Nantes, Johanna Rolland<\/a>. \u00abOn a remplac\u00e9 la magie de No\u00ebl par des installations qui n\u2019ont plus rien \u00e0 voir avec cette tradition. Des d\u00e9corations d\u00e9connect\u00e9es, parfois incompr\u00e9hensibles, qui ne racontent plus No\u00ebl\u00bb, a pr\u00e9cis\u00e9 l\u2019\u00e9lu municipal.<\/p>\n<p>                                            <a class=\"fig-a11y-skip\" href=\"#fig-a11y-skip-main-inarticle\" data-module=\"a11y-skip\" data-context=\"was @visible\"><br \/>\n    Passer la publicit\u00e9<br \/>\n<\/a>            <\/p>\n<p>                                            \u00abD\u00e9lire woke\u00bb<\/p>\n<p class=\"fig-paragraph\">Foulques Chombart\u00a0de\u00a0Lauwe a illustr\u00e9 son propos de quelques sections de l\u2019installation La nuit je vois, du plasticien Vincent Olinet, une \u0153uvre changeante form\u00e9e notamment d\u2019\u00e9vocations sculpturales du patrimoine nantais, de lampions et de fa\u00e7ades \u00e9clair\u00e9es de cyan, de magenta et de blanc chaud. R\u00e9am\u00e9nag\u00e9e chaque ann\u00e9e depuis 2022, dans le centre de Nantes, l\u2019installation figure \u00e0 nouveau au programme de la nouvelle \u00e9dition du \u00abVoyage en hiver\u00bb, d\u00e9crit par l\u2019office touristique de l\u2019agglom\u00e9ration comme une r\u00e9invention, par les artistes, \u00abde l\u2019hiver et des f\u00eates de fin d\u2019ann\u00e9e\u00bb. Avec, il est vrai, quelques guirlandes en plus. \u00abOn voit bien qu\u2019un effort a \u00e9t\u00e9 fait cette ann\u00e9e mais, \u00e7a, c\u2019est juste pour capter un peu de votes. Ne vous y trompez pas\u00a0: d\u00e8s l\u2019ann\u00e9e prochaine, ils repartiront dans un d\u00e9lire woke\u00bb, balaie Foulques Chombart\u00a0de\u00a0Lauwe.<\/p>\n<p class=\"fig-paragraph\">Johanna Rolland n\u2019a pas tard\u00e9 \u00e0 r\u00e9agir, en se mettant en sc\u00e8ne sur le traditionnel march\u00e9 de No\u00ebl, install\u00e9 comme chaque ann\u00e9e place Royale, dans le centre-ville de Nantes. Posant \u00e0 c\u00f4t\u00e9 du P\u00e8re No\u00ebl, l\u2019\u00e9dile s\u2019est \u00e9galement fendue d\u2019un post Instagram,\u00a0<a href=\"http:\/\/www.lefigaro.fr\/musique\/paillettes-et-mascara-quand-mariah-carey-transforme-la-magie-de-noel-en-business-20251104\" target=\"_blank\" data-fig-type=\"Article\" rel=\"noopener\" data-gtm-custom-categorie=\"navigation\" data-gtm-custom-action=\"crossclick\" data-gtm-custom-label=\"Contextuel\" data-gtm-event=\"customEventSPE\" data-fig-domain=\"LEFIGARO\">sur fond de Mariah Carey<\/a>, souhaitant &#8211;\u00a0il n\u2019est jamais trop t\u00f4t\u00a0&#8211; un \u00abjoyeux No\u00ebl \u00e0 toutes et \u00e0 tous\u00bb, assorti d\u2019\u00e9motic\u00f4nes de cadeau, de sapin et d\u2019un smiley festif en bonnet de No\u00ebl. Sur un ton plus s\u00e9rieux, son \u00e9quipe de campagne a diffus\u00e9, mardi, un communiqu\u00e9 pour prendre la d\u00e9fense des \u00abilluminations festives et cr\u00e9atives qui \u00e9gayent la ville\u00bb et condamner les \u00abvid\u00e9os tronqu\u00e9es, mont\u00e9es sur des musiques lugubres\u00bb du candidat des R\u00e9publicains, soutenu dans sa campagne par Renaissance, le Modem et le parti Horizons.<\/p>\n<p class=\"fig-paragraph\">La maire de Nantes avait d\u00e9fendu, en 2023, une \u00e9dition d\u00e9cri\u00e9e du \u00abVoyage en hiver\u00bb, pr\u00e9sent\u00e9e comme une \u00abf\u00eate de la cr\u00e9ativit\u00e9\u00bb. La quasi-disparition des guirlandes et des illuminations traditionnelles en ville avait suscit\u00e9 un toll\u00e9 &#8211;\u00a0et\u00a0<a href=\"http:\/\/www.lefigaro.fr\/nantes\/decorations-de-noel-a-nantes-la-mairie-obligee-de-faire-volte-face-sur-une-section-des-illuminations-20231130\" target=\"_blank\" data-fig-type=\"NewsFlash\" rel=\"noopener\" data-gtm-custom-categorie=\"navigation\" data-gtm-custom-action=\"crossclick\" data-gtm-custom-label=\"Contextuel\" data-gtm-event=\"customEventSPE\" data-fig-domain=\"LEFIGARO\">de ponctuels probl\u00e8mes d\u2019ins\u00e9curit\u00e9<\/a>. La collectivit\u00e9 avait corrig\u00e9 le tir l\u2019ann\u00e9e suivante, avec un meilleur \u00e9quilibre\u00a0<a href=\"http:\/\/www.lefigaro.fr\/nantes\/mere-noel-facades-multicolores-apres-la-polemique-en-2023-quelles-decorations-cette-annee-a-nantes-20241107\" target=\"_blank\" data-fig-type=\"NewsFlash\" rel=\"noopener\" data-gtm-custom-categorie=\"navigation\" data-gtm-custom-action=\"crossclick\" data-gtm-custom-label=\"Contextuel\" data-gtm-event=\"customEventSPE\" data-fig-domain=\"LEFIGARO\">entre les d\u00e9corations contemporaines et traditionnelles<\/a>. Inaugur\u00e9e le 22 novembre, par un concert \u00e0 la cath\u00e9drale de Nantes, la 4e \u00e9dition du \u00abVoyage en hiver\u00bb s\u2019inscrit dans cette m\u00eame lign\u00e9e. Elle reprend en particulier les pi\u00e8ces majeures des \u00e9ditions pr\u00e9c\u00e9dentes, tels que l\u2019installation de Vincent Olinet ou encore\u00a0<a href=\"http:\/\/www.lefigaro.fr\/nantes\/nantes-la-petite-maman-noel-ou-le-retour-d-une-egerie-feministe-20241130\" target=\"_blank\" data-fig-type=\"NewsFlash\" rel=\"noopener\" data-gtm-custom-categorie=\"navigation\" data-gtm-custom-action=\"crossclick\" data-gtm-custom-label=\"Contextuel\" data-gtm-event=\"customEventSPE\" data-fig-domain=\"LEFIGARO\">la Petite maman No\u00ebl de Virginie Barr\u00e9<\/a>. Une autre r\u00e9invention &#8211;\u00a0f\u00e9ministe, cette fois\u00a0&#8211; du No\u00ebl de carte postale.<\/p>\n","protected":false},"excerpt":{"rendered":"D\u00e9fendues depuis 2022 par les socialistes, les illuminations \u00abfestives et cr\u00e9atives\u00bb du centre-ville nantais font bondir la t\u00eate&hellip;\n","protected":false},"author":2,"featured_media":575729,"comment_status":"","ping_status":"","sticky":false,"template":"","format":"standard","meta":{"footnotes":""},"categories":[2818],"tags":[1111,11,1777,674,1011,27,766,12,15830,2636,25],"class_list":{"0":"post-575728","1":"post","2":"type-post","3":"status-publish","4":"format-standard","5":"has-post-thumbnail","7":"category-nantes","8":"tag-actu","9":"tag-actualites","10":"tag-eu","11":"tag-europe","12":"tag-fr","13":"tag-france","14":"tag-nantes","15":"tag-news","16":"tag-noel","17":"tag-pays-de-la-loire","18":"tag-republique-francaise"},"share_on_mastodon":{"url":"https:\/\/pubeurope.com\/@fr\/115656630295491918","error":""},"_links":{"self":[{"href":"https:\/\/www.europesays.com\/fr\/wp-json\/wp\/v2\/posts\/575728","targetHints":{"allow":["GET"]}}],"collection":[{"href":"https:\/\/www.europesays.com\/fr\/wp-json\/wp\/v2\/posts"}],"about":[{"href":"https:\/\/www.europesays.com\/fr\/wp-json\/wp\/v2\/types\/post"}],"author":[{"embeddable":true,"href":"https:\/\/www.europesays.com\/fr\/wp-json\/wp\/v2\/users\/2"}],"replies":[{"embeddable":true,"href":"https:\/\/www.europesays.com\/fr\/wp-json\/wp\/v2\/comments?post=575728"}],"version-history":[{"count":0,"href":"https:\/\/www.europesays.com\/fr\/wp-json\/wp\/v2\/posts\/575728\/revisions"}],"wp:featuredmedia":[{"embeddable":true,"href":"https:\/\/www.europesays.com\/fr\/wp-json\/wp\/v2\/media\/575729"}],"wp:attachment":[{"href":"https:\/\/www.europesays.com\/fr\/wp-json\/wp\/v2\/media?parent=575728"}],"wp:term":[{"taxonomy":"category","embeddable":true,"href":"https:\/\/www.europesays.com\/fr\/wp-json\/wp\/v2\/categories?post=575728"},{"taxonomy":"post_tag","embeddable":true,"href":"https:\/\/www.europesays.com\/fr\/wp-json\/wp\/v2\/tags?post=575728"}],"curies":[{"name":"wp","href":"https:\/\/api.w.org\/{rel}","templated":true}]}}