{"id":575734,"date":"2025-12-03T16:43:14","date_gmt":"2025-12-03T16:43:14","guid":{"rendered":"https:\/\/www.europesays.com\/fr\/575734\/"},"modified":"2025-12-03T16:43:14","modified_gmt":"2025-12-03T16:43:14","slug":"avis-a-la-population-ceci-nest-quun-exercice-pourquoi-les-sirenes-de-toulouse-vont-sonner-ce-jeudi","status":"publish","type":"post","link":"https:\/\/www.europesays.com\/fr\/575734\/","title":{"rendered":"\u00a0\u00bb Avis \u00e0 la population, ceci n\u2019est qu\u2019un exercice\u00a0\u00bb\u00a0: pourquoi les sir\u00e8nes de Toulouse vont sonner ce jeudi"},"content":{"rendered":"<p>\n                                                                    l&rsquo;essentiel<br \/>\n                                                                La pr\u00e9fecture de la Haute-Garonne\u00a0organise, ce jeudi, \u00e0 partir de 13\u00a0heures, un exercice de s\u00e9curit\u00e9 civile destin\u00e9 \u00e0 tester le plan particulier d\u2019intervention (PPI) de l\u2019entreprise ArianeGroup situ\u00e9e sur l\u2019\u00eele d\u2019Empalot \u00e0 Toulouse, \u00e9tablissement class\u00e9 SEVESO, seuil haut.\n                            <\/p>\n<p>\u00a0\u00bb Avis \u00e0 la population, ceci n\u2019est qu\u2019un exercice\u00a0\u00bb\u00a0! Elles ont sonn\u00e9 ce mercredi comme tous les d\u00e9buts de mois, elles r\u00e9sonneront encore ce jeudi en d\u00e9but d\u2019apr\u00e8s-midi. Les sir\u00e8nes de la s\u00e9curit\u00e9 civile de Toulouse vont retentir pour un \u00ab\u00a0entra\u00eenement\u00a0\u00bb in\u00e9dit, organis\u00e9 par la pr\u00e9fecture \u00e0 partir de 13\u00a0heures, en lien avec l\u2019ensemble des services concern\u00e9s.<\/p>\n<p>Il s\u2019agit de tester le plan particulier d\u2019intervention (PPI) de l\u2019entreprise ArianeGroup situ\u00e9e sur l\u2019\u00eele d\u2019Empalot \u00e0 Toulouse, \u00e9tablissement class\u00e9 SEVESO seuil haut. L\u2019occasion de r\u00e9viser grandeur nature l\u2019organisation des secours, la proc\u00e9dure de d\u00e9clenchement du PPI et la mise en place des structures de commandement en cas d\u2019accident industriel, notamment le centre op\u00e9rationnel d\u00e9partemental (COD).<\/p>\n<p>        <img decoding=\"async\" class=\"std-img__img responsive-img\" src=\"https:\/\/www.europesays.com\/fr\/wp-content\/uploads\/2025\/12\/1764780194_794_image.jpg\" alt=\"Avis \u00e0 la population, ceci n\u2019est qu\u2019un exercice, les sir\u00e8nes du site ArianeGroup, sur l\u2019\u00eele d\u2019Empalot, retentiront autour de 13\u00a0h\u00a045.\"\/><\/p>\n<p>                Avis \u00e0 la population, ceci n\u2019est qu\u2019un exercice, les sir\u00e8nes du site ArianeGroup, sur l\u2019\u00eele d\u2019Empalot, retentiront autour de 13\u00a0h\u00a045.<br \/>\n                                    DDM &#8211; DDM LPB<\/p>\n<p>La sir\u00e8ne PPI du site ArianeGroup devrait \u00eatre actionn\u00e9e autour de 13\u00a0h\u00a045 dans le cadre de cet exercice. En revanche, par convention d\u2019exercice, la sir\u00e8ne PPI ne sonnera pas pour signaler la fin d\u2019exercice. En situation r\u00e9elle, cette sir\u00e8ne signalerait un danger. Il conviendrait de se confiner dans le b\u00e2timent le plus proche. Dans le cadre de l\u2019exercice, aucune action n\u2019est attendue de la part de la population.<\/p>\n<p>Les d\u00e9faillances de l\u2019alerte lors de l\u2019explosion d\u2019AZF<\/p>\n<p>Les Toulousains se souviennent qu\u2019en septembre\u00a02021, lors de la catastrophe industrielle de l\u2019usine AZF, voisine du site actuel d\u2019Ariane Group, le syst\u00e8me d\u2019alerte avait \u00e9t\u00e9 d\u00e9faillant. D\u2019o\u00f9\u00a0l\u2019importance de cet exercice qui concerne une usine class\u00e9e Seveso, implant\u00e9e \u00e0 4 kilom\u00e8tres \u00e0 vol d\u2019oiseau du Capitole\u2026<\/p>\n<p class=\"std-elt__inline\">\n        <strong>\u00c0 lire aussi :<\/strong><br \/>\n        <a href=\"https:\/\/www.ladepeche.fr\/2025\/09\/26\/un-deni-de-democratie-dans-ce-quartier-de-toulouse-pourquoi-les-habitants-sopposent-a-linstallation-dune-usine-classee-seveso-12953124.php\" target=\"_blank\" rel=\"noopener\">\u00ab\u00a0Un d\u00e9ni de d\u00e9mocratie\u00a0\u00bb\u00a0: dans ce quartier de Toulouse, pourquoi les habitants s\u2019opposent \u00e0 l\u2019installation d\u2019une usine class\u00e9e Seveso<\/a>\n    <\/p>\n<p>L\u2019outil FR-Alert sera \u00e9galement utilis\u00e9 pour cet exercice. Il s\u2019agit d\u2019un syst\u00e8me de notification en temps r\u00e9el sur t\u00e9l\u00e9phone portable. La personne qui re\u00e7oit cette notification est alors avertie qu\u2019elle se trouve dans une zone de danger, et l\u2019informe des comportements \u00e0 adopter pour se prot\u00e9ger. Pour cet exercice, un simple message d\u2019information (via un SMS) sera diffus\u00e9 \u00e0 la population en d\u00e9but et en fin d\u2019exercice sans qu\u2019aucune action particuli\u00e8re ne soit attendue de sa part.<\/p>\n<p>Toutes les dispositions seront prises pour que les activit\u00e9s ordinaires des riverains ne soient pas perturb\u00e9es par le d\u00e9roulement de cet exercice.<\/p>\n<p>Vous pouvez \u00e9couter le signal national d\u2019alerte sur le site internet de la pr\u00e9fecture \u00e0 l\u2019adresse suivante haute-garonne.gouv.fr\/saip. Pour m\u00e9moire, des informations relatives aux sites SEVESO seuil haut et aux PPI du d\u00e9partement de la Haute-Garonne sont disponibles sur le <a href=\"https:\/\/www.haute-garonne.gouv.fr\/PPI\" target=\"_self\" rel=\"noopener\">site internet de la pr\u00e9fecture sur ce lien.<\/a><\/p>\n","protected":false},"excerpt":{"rendered":"l&rsquo;essentiel La pr\u00e9fecture de la Haute-Garonne\u00a0organise, ce jeudi, \u00e0 partir de 13\u00a0heures, un exercice de s\u00e9curit\u00e9 civile destin\u00e9&hellip;\n","protected":false},"author":2,"featured_media":575735,"comment_status":"","ping_status":"","sticky":false,"template":"","format":"standard","meta":{"footnotes":""},"categories":[2816],"tags":[1111,11,1777,674,1011,27,329,2722,12,2680,25,7691,2312],"class_list":{"0":"post-575734","1":"post","2":"type-post","3":"status-publish","4":"format-standard","5":"has-post-thumbnail","7":"category-toulouse","8":"tag-actu","9":"tag-actualites","10":"tag-eu","11":"tag-europe","12":"tag-fr","13":"tag-france","14":"tag-france-monde","15":"tag-haute-garonne","16":"tag-news","17":"tag-occitanie","18":"tag-republique-francaise","19":"tag-su00e9curitu00e9","20":"tag-toulouse"},"share_on_mastodon":{"url":"https:\/\/pubeurope.com\/@fr\/115656643563096760","error":""},"_links":{"self":[{"href":"https:\/\/www.europesays.com\/fr\/wp-json\/wp\/v2\/posts\/575734","targetHints":{"allow":["GET"]}}],"collection":[{"href":"https:\/\/www.europesays.com\/fr\/wp-json\/wp\/v2\/posts"}],"about":[{"href":"https:\/\/www.europesays.com\/fr\/wp-json\/wp\/v2\/types\/post"}],"author":[{"embeddable":true,"href":"https:\/\/www.europesays.com\/fr\/wp-json\/wp\/v2\/users\/2"}],"replies":[{"embeddable":true,"href":"https:\/\/www.europesays.com\/fr\/wp-json\/wp\/v2\/comments?post=575734"}],"version-history":[{"count":0,"href":"https:\/\/www.europesays.com\/fr\/wp-json\/wp\/v2\/posts\/575734\/revisions"}],"wp:featuredmedia":[{"embeddable":true,"href":"https:\/\/www.europesays.com\/fr\/wp-json\/wp\/v2\/media\/575735"}],"wp:attachment":[{"href":"https:\/\/www.europesays.com\/fr\/wp-json\/wp\/v2\/media?parent=575734"}],"wp:term":[{"taxonomy":"category","embeddable":true,"href":"https:\/\/www.europesays.com\/fr\/wp-json\/wp\/v2\/categories?post=575734"},{"taxonomy":"post_tag","embeddable":true,"href":"https:\/\/www.europesays.com\/fr\/wp-json\/wp\/v2\/tags?post=575734"}],"curies":[{"name":"wp","href":"https:\/\/api.w.org\/{rel}","templated":true}]}}