{"id":575740,"date":"2025-12-03T16:47:14","date_gmt":"2025-12-03T16:47:14","guid":{"rendered":"https:\/\/www.europesays.com\/fr\/575740\/"},"modified":"2025-12-03T16:47:14","modified_gmt":"2025-12-03T16:47:14","slug":"ou-rencontrer-saint-nicolas-son-ane-et-le-pere-fouettard-a-lille-et-dans-la-metropole","status":"publish","type":"post","link":"https:\/\/www.europesays.com\/fr\/575740\/","title":{"rendered":"O\u00f9 rencontrer Saint-Nicolas, son \u00e2ne, et le P\u00e8re Fouettard \u00e0 Lille et dans la m\u00e9tropole\u00a0?"},"content":{"rendered":"<p>                    Par<br \/>\n        <strong><br \/>\n            <a href=\"https:\/\/actu.fr\/auteur\/annesophie-2\" title=\"Consulter tous les articles de Anne-Sophie Hourdeaux\" target=\"_blank\" rel=\"noopener\">Anne-Sophie Hourdeaux<\/a><br \/>\n                    <\/strong><\/p>\n<p>        Publi\u00e9 le<\/p>\n<p>            3 d\u00e9c. 2025 \u00e0 17h40        <\/p>\n<p><b>Samedi 6\u00a0d\u00e9cembre 2025<\/b>, c\u2019est le retour de la <b>f\u00eate de la Saint-Nicolas<\/b>, appr\u00e9ci\u00e9e dans notre r\u00e9gion. <b>Cort\u00e8ge, spectacle, chocolat chaud, contes, descente en rappel, \u00e2ne, P\u00e8re Fouettard<\/b>, retrouvez des tas d\u2019animations <b>\u00e0 Lille, et dans la m\u00e9tropole lilloise<\/b>\u2009!<\/p>\n<p>\u00c0 la cath\u00e9drale Notre-Dame de la Treille \u00e0 Lille<\/p>\n<p class=\" wall-content\">Dans le cadre de \u00ab\u2009L\u2019Avent &amp; No\u00ebl 2025 \u00e0 la Treille\u2009\u00bb, la cath\u00e9drale Notre-Dame de la Treille accueille Saint-Nicolas samedi 6\u00a0d\u00e9cembre entre 15\u2009h\u200930 et 16\u2009h\u200930. Celui-ci fera une distribution de friandises sur le parvis\u2009! Venez \u00e9galement jouer dans l\u2019atelier de Saint-Nicolas. Un chocolat chaud sera m\u00eame offert par les commer\u00e7ants du parvis. Et n\u2019oubliez pas d\u2019amener un cadeau\u2009: une belle mani\u00e8re de partager la joie de No\u00ebl avec ceux qui en ont besoin.<\/p>\n<p>Au Palais des Beaux-arts \u00e0 Lille<\/p>\n<p class=\" wall-content\">Petite Louise se sent seule dans le mus\u00e9e. Elle s\u2019ennuie ferme et tape du pied\u2009! Heureusement, Saint-Nicolas est l\u00e0. Il envoie la petite fille \u00e0 la recherche des 4 ingr\u00e9dients secrets pour tisser une belle amiti\u00e9\u2026<\/p>\n<p class=\" wall-content\">Nathalie Grave, conteuse, vous entra\u00eenera dans cette aventure, au Palais des Beaux-Arts.<\/p>\n<p class=\" wall-content\">Samedi 6\u00a0d\u00e9cembre 2025 \u00e0 14\u2009h\u200930 et \u00e0 16\u2009h. D\u00e8s 6\u00a0ans. Dur\u00e9e 1\u2009h. Prix\u2009: 7\u00a0\u20ac \/ 4\u00a0\u20ac \/ Gratuit \u2013 12\u00a0ans.<\/p>\n<p class=\" wall-content\">Le lieu propose aussi un atelier cr\u00e9atif et ouvert \u00e0 tous \u00e0 partir de 4 ans pour s\u2019immerger dans le monde merveilleux de Saint-Nicolas et de l\u2019exposition \u00ab\u2009Petite histoire de g\u00e9ants\u2009\u00bb.<\/p>\n<p class=\" wall-content\">Les 6 et 7\u00a0d\u00e9cembre 2025 de 14\u2009h\u200930 \u00e0 16\u2009h en continu. D\u00e8s 4\u00a0ans. Dans l\u2019Atrium.\u00a0Gratuit sans r\u00e9servation.<\/p>\n<p>Votre r\u00e9gion, votre actu !<\/p>\n<p>Recevez chaque jour les infos qui comptent pour vous.<\/p>\n<p>\t<a href=\"https:\/\/actu.fr\/newsletter\" class=\"ac-btn ac-btn--corner ac-btn--medium ac-btn--blue800\" target=\"_blank\" rel=\"noopener\">S&rsquo;incrire<\/a><br \/>\n\u00c0 Loos<\/p>\n<p class=\" wall-content\">Samedi 6\u00a0d\u00e9cembre \u00e0 15\u2009h\u2009: assistez \u00e0 une lecture de conte \u00e0 La Fileuse \u00e0 15\u2009h\u200930 avec des animations sur le parvis de La Fileuse (carrousel volant, photos avec l\u2019\u00e2ne Galopin, sculpture sur ballons, \u00e9chassiers, maquillage\u2026). Distribution de chocolat chaud et de soupe \u00e0 17\u2009h\u2009; d\u00e9fil\u00e9 des G\u00e9ants d\u00e8s 17\u2009h\u200930\u2009; liste des enfants pas sages en pr\u00e9sence du P\u00e8re Fouettard et lancer de friandises depuis le Beffroi. Pour le final\u2009: spectacle de feu au jardin public avec cracheurs, jongleurs et pyrotechnie.<\/p>\n<p>\u00c0 Wambrechies<\/p>\n<p class=\" wall-content\">Samedi 6 d\u00e9cembre de 18\u2009h\u200930 \u00e0 20\u2009h, au Kiosque du parc de Robersart, Saint-Nicolas donne rendez-vous \u00e0 tous les enfants.<\/p>\n<p>\u00c0 Villeneuve-d\u2019Ascq<\/p>\n<p class=\" wall-content\">Le cort\u00e8ge de la Saint-Nicolas revient\u00a0samedi 6\u00a0d\u00e9cembre pour illuminer, \u00e0 la tomb\u00e9e de la nuit, le quartier de Flers-Bourg. Avec cort\u00e8ge, spectacle pyrotechnique et m\u00eame le p\u00e8re Fouettard\u2009! L\u2019association D\u2019Anatole \u00e0 Guernouillard est l\u2019organisatrice, avec le soutien de la Ville<\/p>\n<p class=\" wall-content\">\u00c0 17\u2009h\u200945\u2009: rendez-vous devant l\u2019\u00e9cole Anatole-France pour se retrouver et r\u00e9cup\u00e9rer les tickets destin\u00e9s \u00e0 la distribution finale de coquilles et de chocolats chauds. \u00c0 la nuit tomb\u00e9e\u2009: d\u00e9part du cort\u00e8ge de la Saint-Nicolas, anim\u00e9 par les b\u00e9n\u00e9voles de l\u2019association D\u2019Anatole \u00e0 Guernouillard.<\/p>\n<p class=\" wall-content\">Le d\u00e9fil\u00e9 fera revivre la l\u00e9gende de Saint-Nicolas avec tous les personnages embl\u00e9matiques\u2009: le chariot du boucher et les trois enfants dans le saloir (sauv\u00e9s in extremis \u00e0 la fin), les lutins v\u00eatus de rouge, le P\u00e8re Fouettard, les cracheurs de feu\u2026<\/p>\n<p class=\" wall-content\">Puis viendra un final spectaculaire, cl\u00f4tur\u00e9 par un spectacle pyrotechnique.<\/p>\n<p class=\" wall-content\">Samedi 6\u00a0d\u00e9cembre \u00e0 partir de 17\u2009h\u200945 \u00e0 l\u2019\u00e9cole Anatole-France, quartier de Flers-Bourg.<\/p>\n<p>\u00c0 Tourcoing<\/p>\n<p class=\" wall-content\">Rendez-vous samedi 6 d\u00e9cembre 2025, de 15\u2009h \u00e0 18\u2009h, pour accueillir Saint-Nicolas, son \u00e2ne, le P\u00e8re Fouettard dans les rues du centre-ville avec distribution de bonbons et petits jouets\u2009! Cette animation est offerte par Les Amis de Tourcoing et du Carillon.<\/p>\n<p>\u00c0 Wattrelos<\/p>\n<p class=\" wall-content\">Loto caritatif de la Saint-Nicolas samedi 6 d\u00e9cembre 2025 salle Am\u00e9d\u00e9e Prouvost. D\u00e9but des jeux\u2009: 14\u2009h, bons d\u2019achat \u00e0 gagner (parfaits pour vos cadeaux de No\u00ebl) 1 carton\u2009: 2,50 \u20ac | 6 cartons\u2009: 10 \u20ac | 13 cartons\u2009: 20 \u20ac. Buvette &amp; restauration sur place. R\u00e9servations\u2009: Roselyne au 06\u200942\u200999\u200930\u200986. Organis\u00e9 par la Confr\u00e9rie du Carnaval.<\/p>\n<p>\u00c0 Marquette-lez-Lille<\/p>\n<p class=\" wall-content\">Samedi 6 d\u00e9cembre \u00e0 18\u2009h, rendez-vous sur le parvis de l\u2019\u00e9glise Notre-Dame de Lourdes\u2009; \u00e0 19\u2009h, aux jardins de la Becquerelle\u2009; \u00e0 20\u2009h, place du G\u00e9n\u00e9ral de Gaulle o\u00f9 vous aurez \u00e9galement l\u2019occasion de d\u00e9couvrir en avant-premi\u00e8re le Village de No\u00ebl (ouverture officielle le 13 d\u00e9cembre) et d\u2019y rencontrer Saint-Nicolas et son \u00e2ne\u2009!<\/p>\n<p>\u00c0 Hellemmes<\/p>\n<p class=\" wall-content\">Vendredi 5 d\u00e9cembre, d\u00e8s 17\u2009h\u200930, laissez-vous accueillir en musique par Alexandre Desrumaux et ses mascottes devant la Mairie. \u00c0 18\u2009h, aura lieu la descente de Saint-Nicolas, suivie d\u2019une distribution de bonbons\u2026 puis du lancement des illuminations du parc\u2009! De 18\u2009h\u200945 \u00e0 20\u2009h\u200930, balade accompagn\u00e9s par des Lapons \u00c9chassiers de No\u00ebl, orgue de barbarie, march\u00e9 de No\u00ebl, histoires du lutin conteur\u2026<\/p>\n<p>\u00c0 Lesquin<\/p>\n<p class=\" wall-content\">Samedi 6 d\u00e9cembre 2025 de 16\u2009h \u00e0 20\u2009h au Parc d\u2019Enchemont, plongez dans un mus\u00e9e vivant retra\u00e7ant les aventures de Saint-Nicolas\u2009!<\/p>\n<p class=\" wall-content\">Au programme : stands cr\u00e9atifs, jeux in\u00e9dits, espace shooting photo avec Saint-Nicolas. Participez \u00e0 l\u2019atelier de d\u00e9coration scrapcooking (inscription n\u00e9cessaire). Un chocolat chaud offert et des petites douceurs au pain d\u2019\u00e9pices seront offerts. L\u2019entr\u00e9e est gratuite\u2009!<\/p>\n<p class=\" wall-content\">Personnalisez votre actualit\u00e9 en ajoutant vos villes et m\u00e9dias en favori avec <a href=\"https:\/\/moncompte.actu.fr\" title=\"D\u00e9couvez Mon Actu\" rel=\"nofollow noopener\" data-trk=\"{&quot;cta&quot;:{&quot;action&quot;:&quot;https:\\\/\\\/moncompte.actu.fr&quot;,&quot;category&quot;:&quot;mon compte&quot;,&quot;from&quot;:&quot;article footer&quot;,&quot;name&quot;:&quot;Mon actu&quot;,&quot;type&quot;:&quot;cta&quot;}}\" target=\"_blank\">Mon Actu<\/a>.<\/p>\n","protected":false},"excerpt":{"rendered":"Par Anne-Sophie Hourdeaux Publi\u00e9 le 3 d\u00e9c. 2025 \u00e0 17h40 Samedi 6\u00a0d\u00e9cembre 2025, c\u2019est le retour de la&hellip;\n","protected":false},"author":2,"featured_media":575741,"comment_status":"","ping_status":"","sticky":false,"template":"","format":"standard","meta":{"footnotes":""},"categories":[2815],"tags":[1111,11,1777,674,1011,27,811,1307,1652,12,25,14334],"class_list":{"0":"post-575740","1":"post","2":"type-post","3":"status-publish","4":"format-standard","5":"has-post-thumbnail","7":"category-lille","8":"tag-actu","9":"tag-actualites","10":"tag-eu","11":"tag-europe","12":"tag-fr","13":"tag-france","14":"tag-hauts-de-france","15":"tag-lille","16":"tag-loisirs-culture","17":"tag-news","18":"tag-republique-francaise","19":"tag-saint-nicolas"},"share_on_mastodon":{"url":"https:\/\/pubeurope.com\/@fr\/115656657850156341","error":""},"_links":{"self":[{"href":"https:\/\/www.europesays.com\/fr\/wp-json\/wp\/v2\/posts\/575740","targetHints":{"allow":["GET"]}}],"collection":[{"href":"https:\/\/www.europesays.com\/fr\/wp-json\/wp\/v2\/posts"}],"about":[{"href":"https:\/\/www.europesays.com\/fr\/wp-json\/wp\/v2\/types\/post"}],"author":[{"embeddable":true,"href":"https:\/\/www.europesays.com\/fr\/wp-json\/wp\/v2\/users\/2"}],"replies":[{"embeddable":true,"href":"https:\/\/www.europesays.com\/fr\/wp-json\/wp\/v2\/comments?post=575740"}],"version-history":[{"count":0,"href":"https:\/\/www.europesays.com\/fr\/wp-json\/wp\/v2\/posts\/575740\/revisions"}],"wp:featuredmedia":[{"embeddable":true,"href":"https:\/\/www.europesays.com\/fr\/wp-json\/wp\/v2\/media\/575741"}],"wp:attachment":[{"href":"https:\/\/www.europesays.com\/fr\/wp-json\/wp\/v2\/media?parent=575740"}],"wp:term":[{"taxonomy":"category","embeddable":true,"href":"https:\/\/www.europesays.com\/fr\/wp-json\/wp\/v2\/categories?post=575740"},{"taxonomy":"post_tag","embeddable":true,"href":"https:\/\/www.europesays.com\/fr\/wp-json\/wp\/v2\/tags?post=575740"}],"curies":[{"name":"wp","href":"https:\/\/api.w.org\/{rel}","templated":true}]}}