{"id":575742,"date":"2025-12-03T16:48:15","date_gmt":"2025-12-03T16:48:15","guid":{"rendered":"https:\/\/www.europesays.com\/fr\/575742\/"},"modified":"2025-12-03T16:48:15","modified_gmt":"2025-12-03T16:48:15","slug":"la-marine-nationale-renforce-ses-escouades-de-reserve-cotieres-une-premiere-a-marseille","status":"publish","type":"post","link":"https:\/\/www.europesays.com\/fr\/575742\/","title":{"rendered":"La Marine nationale renforce ses escouades de r\u00e9serve c\u00f4ti\u00e8res, une premi\u00e8re \u00e0 Marseille"},"content":{"rendered":"<p>La Marine nationale muscle sa pr\u00e9sence sur les c\u00f4tes m\u00e9diterran\u00e9ennes. Dans un communiqu\u00e9 publi\u00e9 le 2 d\u00e9cembre, Catherine Vautrin, ministre des Arm\u00e9es et des Anciens combattants, a annonc\u00e9 la cr\u00e9ation de dix nouvelles Escouades de r\u00e9serve c\u00f4ti\u00e8res (ERC) en 2026, dont trois sur la fa\u00e7ade m\u00e9diterran\u00e9enne, \u00e0 Ajaccio (Corse), \u00e0 Port-Vendres (Pyr\u00e9n\u00e9es-Orientales) et \u00e0 Marseille\u2026.<\/p>\n<p><a data-no-instant=\"1\" href=\"https:\/\/ampmetropole.fr\/missions\/strategie-environnementale\/alimentation-et-agriculture\/avec-les-halles-de-producteurs-la-metropole-cultive-le-bien-manger-en-provence\/\" rel=\"noopener nofollow\" class=\"a2t-link\" target=\"_blank\" aria-label=\"2025_1.2_11_HPD_1200x148 3\"><img loading=\"lazy\" decoding=\"async\" src=\"data:image\/svg+xml,%3Csvg%20xmlns=\" http:=\"\" alt=\"\" data-lazy- data-lazy- width=\"2048\" height=\"253\" style=\"display: inline-block;\" data-lazy-src=\"https:\/\/www.europesays.com\/fr\/wp-content\/uploads\/2025\/11\/2025_1.2_11_hpd_1200x148-3-scaled.jpg\"\/><\/a><\/p>\n","protected":false},"excerpt":{"rendered":"La Marine nationale muscle sa pr\u00e9sence sur les c\u00f4tes m\u00e9diterran\u00e9ennes. Dans un communiqu\u00e9 publi\u00e9 le 2 d\u00e9cembre, Catherine&hellip;\n","protected":false},"author":2,"featured_media":575743,"comment_status":"","ping_status":"","sticky":false,"template":"","format":"standard","meta":{"footnotes":""},"categories":[2814],"tags":[1111,11,1777,674,1011,27,884,12,882,25],"class_list":{"0":"post-575742","1":"post","2":"type-post","3":"status-publish","4":"format-standard","5":"has-post-thumbnail","7":"category-marseille","8":"tag-actu","9":"tag-actualites","10":"tag-eu","11":"tag-europe","12":"tag-fr","13":"tag-france","14":"tag-marseille","15":"tag-news","16":"tag-provence-alpes-cote-dazur","17":"tag-republique-francaise"},"share_on_mastodon":{"url":"https:\/\/pubeurope.com\/@fr\/115656661984347154","error":""},"_links":{"self":[{"href":"https:\/\/www.europesays.com\/fr\/wp-json\/wp\/v2\/posts\/575742","targetHints":{"allow":["GET"]}}],"collection":[{"href":"https:\/\/www.europesays.com\/fr\/wp-json\/wp\/v2\/posts"}],"about":[{"href":"https:\/\/www.europesays.com\/fr\/wp-json\/wp\/v2\/types\/post"}],"author":[{"embeddable":true,"href":"https:\/\/www.europesays.com\/fr\/wp-json\/wp\/v2\/users\/2"}],"replies":[{"embeddable":true,"href":"https:\/\/www.europesays.com\/fr\/wp-json\/wp\/v2\/comments?post=575742"}],"version-history":[{"count":0,"href":"https:\/\/www.europesays.com\/fr\/wp-json\/wp\/v2\/posts\/575742\/revisions"}],"wp:featuredmedia":[{"embeddable":true,"href":"https:\/\/www.europesays.com\/fr\/wp-json\/wp\/v2\/media\/575743"}],"wp:attachment":[{"href":"https:\/\/www.europesays.com\/fr\/wp-json\/wp\/v2\/media?parent=575742"}],"wp:term":[{"taxonomy":"category","embeddable":true,"href":"https:\/\/www.europesays.com\/fr\/wp-json\/wp\/v2\/categories?post=575742"},{"taxonomy":"post_tag","embeddable":true,"href":"https:\/\/www.europesays.com\/fr\/wp-json\/wp\/v2\/tags?post=575742"}],"curies":[{"name":"wp","href":"https:\/\/api.w.org\/{rel}","templated":true}]}}