{"id":575744,"date":"2025-12-03T16:49:13","date_gmt":"2025-12-03T16:49:13","guid":{"rendered":"https:\/\/www.europesays.com\/fr\/575744\/"},"modified":"2025-12-03T16:49:13","modified_gmt":"2025-12-03T16:49:13","slug":"le-tribunal-deboute-les-fossoyeurs-ils-ne-seront-pas-reintegres-a-leurs-postes","status":"publish","type":"post","link":"https:\/\/www.europesays.com\/fr\/575744\/","title":{"rendered":"le tribunal d\u00e9boute les fossoyeurs, ils ne seront pas r\u00e9int\u00e9gr\u00e9s \u00e0 leurs postes"},"content":{"rendered":"<p>Les cinq fossoyeurs incrimin\u00e9s et sanctionn\u00e9s dans le cadre du <a href=\"https:\/\/www.laprovence.com\/article\/region\/1009126530746614\/j-ai-vu-des-os-partout-des-amas-de-machoires-le-rapport-d-inspection-accablant-sur-les-cimetieres-de-marseille\" target=\"_blank\" rel=\"noopener\">scandale des cimeti\u00e8res<\/a> ne seront pas r\u00e9int\u00e9gr\u00e9s dans leurs fonctions. Mercredi 3\u00a0d\u00e9cembre au matin, le tribunal administratif a rejet\u00e9 leurs demandes et donn\u00e9 raison \u00e0 la Ville. Le 8\u00a0avril\u00a02024, lors d\u2019un conseil de discipline, le responsable du service four \u00e0 d\u00e9bris (ou plateforme de tri), son coordonnateur et deux fossoyeurs <a href=\"https:\/\/www.laprovence.com\/article\/region\/63195698934852\/scandale-des-cimetieres-a-marseille-les-fossoyeurs-refusent-detre-les-boucs-emissaires\" target=\"_blank\" rel=\"noopener\">ont \u00e9t\u00e9 r\u00e9voqu\u00e9s et mis \u00e0 la retraite d\u2019office<\/a> et un troisi\u00e8me fossoyeur a \u00e9t\u00e9 exclu de ses fonctions pour deux ans, tous pour \u00ab\u00a0graves manquements \u00e0 la d\u00e9ontologie, dont certains susceptibles de qualifications p\u00e9nales\u00a0\u00bb.<\/p>\n<p>En f\u00e9vrier\u00a02024, \u00e0 la suite de trois visites \u00e0 l\u2019ossuaire de Saint-Pierre \u00e0 l\u2019automne\u00a02023 et \u00e0 l\u2019hiver\u00a02024, le directeur des op\u00e9rations fun\u00e9raires <a href=\"https:\/\/www.laprovence.com\/article\/region\/1069794250800214\/scandale-des-cimetieres-a-marseille-leffarement-du-directeur-des-operations-funeraires-djilali-mekkaoui\" target=\"_blank\" rel=\"noopener\">Djilali Mekkaoui<\/a> et son adjointe d\u00e9couvrent, \u00ab\u00a0effar\u00e9s\u00a0\u00bb, dira celui-ci \u00e0\u00a0La Provence, des m\u00e2choires sur une \u00e9tag\u00e8re, des ossements dans des sacs-poubelles, des corps sans identification, l\u2019absence de registre de l\u2019ossuaire et la perte de trois corps. Alert\u00e9e, la Ville ordonne des sanctions disciplinaires, diligente <a href=\"https:\/\/www.laprovence.com\/article\/region\/1009126530746614\/j-ai-vu-des-os-partout-des-amas-de-machoires-le-rapport-d-inspection-accablant-sur-les-cimetieres-de-marseille\" target=\"_blank\" rel=\"noopener\">une enqu\u00eate administrative externe<\/a> &#8211;\u00a0les conclusions, rendues en juillet\u00a02024, sont accablantes\u00a0&#8211; et en r\u00e9f\u00e8re au procureur&#8230;<\/p>\n","protected":false},"excerpt":{"rendered":"Les cinq fossoyeurs incrimin\u00e9s et sanctionn\u00e9s dans le cadre du scandale des cimeti\u00e8res ne seront pas r\u00e9int\u00e9gr\u00e9s dans&hellip;\n","protected":false},"author":2,"featured_media":575745,"comment_status":"","ping_status":"","sticky":false,"template":"","format":"standard","meta":{"footnotes":""},"categories":[2814],"tags":[17,1111,11,28381,32334,154,1777,674,274,1011,27,151,884,12,882,25,1747,3693],"class_list":{"0":"post-575744","1":"post","2":"type-post","3":"status-publish","4":"format-standard","5":"has-post-thumbnail","7":"category-marseille","8":"tag-17","9":"tag-actu","10":"tag-actualites","11":"tag-cimetieres","12":"tag-deboute","13":"tag-des","14":"tag-eu","15":"tag-europe","16":"tag-faits-divers-justice","17":"tag-fr","18":"tag-france","19":"tag-les","20":"tag-marseille","21":"tag-news","22":"tag-provence-alpes-cote-dazur","23":"tag-republique-francaise","24":"tag-scandale","25":"tag-tribunal"},"share_on_mastodon":{"url":"https:\/\/pubeurope.com\/@fr\/115656665627238971","error":""},"_links":{"self":[{"href":"https:\/\/www.europesays.com\/fr\/wp-json\/wp\/v2\/posts\/575744","targetHints":{"allow":["GET"]}}],"collection":[{"href":"https:\/\/www.europesays.com\/fr\/wp-json\/wp\/v2\/posts"}],"about":[{"href":"https:\/\/www.europesays.com\/fr\/wp-json\/wp\/v2\/types\/post"}],"author":[{"embeddable":true,"href":"https:\/\/www.europesays.com\/fr\/wp-json\/wp\/v2\/users\/2"}],"replies":[{"embeddable":true,"href":"https:\/\/www.europesays.com\/fr\/wp-json\/wp\/v2\/comments?post=575744"}],"version-history":[{"count":0,"href":"https:\/\/www.europesays.com\/fr\/wp-json\/wp\/v2\/posts\/575744\/revisions"}],"wp:featuredmedia":[{"embeddable":true,"href":"https:\/\/www.europesays.com\/fr\/wp-json\/wp\/v2\/media\/575745"}],"wp:attachment":[{"href":"https:\/\/www.europesays.com\/fr\/wp-json\/wp\/v2\/media?parent=575744"}],"wp:term":[{"taxonomy":"category","embeddable":true,"href":"https:\/\/www.europesays.com\/fr\/wp-json\/wp\/v2\/categories?post=575744"},{"taxonomy":"post_tag","embeddable":true,"href":"https:\/\/www.europesays.com\/fr\/wp-json\/wp\/v2\/tags?post=575744"}],"curies":[{"name":"wp","href":"https:\/\/api.w.org\/{rel}","templated":true}]}}