{"id":575746,"date":"2025-12-03T16:50:19","date_gmt":"2025-12-03T16:50:19","guid":{"rendered":"https:\/\/www.europesays.com\/fr\/575746\/"},"modified":"2025-12-03T16:50:19","modified_gmt":"2025-12-03T16:50:19","slug":"interpellations-en-cascade-apres-une-porte-defoncee-a-la-hache","status":"publish","type":"post","link":"https:\/\/www.europesays.com\/fr\/575746\/","title":{"rendered":"interpellations en cascade apr\u00e8s une porte d\u00e9fonc\u00e9e \u00e0 la hache"},"content":{"rendered":"<p itemprop=\"description\"><strong>La soir\u00e9e de ce mardi 2 d\u00e9cembre a \u00e9t\u00e9 mouvement\u00e9e \u00e0 Meyzieu comme \u00e0 Caluire.<\/strong><\/p>\n<p>Ce mardi soir, les policiers sont intervenus \u00e0 deux reprises dans l\u2019agglom\u00e9ration lyonnaise pour des vols par effraction.<\/p>\n<p>\u00c0 Meyzieu, rue Marcel-Girardin, deux individus avaient forc\u00e9 la porte d\u2019une maison \u00e0 coups de hache. Alert\u00e9e par un t\u00e9moin, la brigade anticriminalit\u00e9 (BAC) s\u2019est rendue sur place et a rep\u00e9r\u00e9 les suspects qui avaient d\u00e9j\u00e0 quitt\u00e9 les lieux. Ils ont \u00e9t\u00e9 interpell\u00e9s aux\u00a0alentours de 19h15.<\/p>\n<p>Quelques heures plus tard, dans la nuit de mardi \u00e0 mercredi, un autre cambriolage a \u00e9t\u00e9 signal\u00e9 \u00e0 Caluire-et-Cuire, chemin de Vassieux. Une soci\u00e9t\u00e9 de s\u00e9curit\u00e9 a pr\u00e9venu les forces de l\u2019ordre d\u2019un vol en cours dans un pavillon. Les agents du Groupe de s\u00e9curit\u00e9 de proximit\u00e9 (GSP) ont finalement retrouv\u00e9 le suspect cach\u00e9 dans le vide sanitaire de la maison, vers 1h du matin.<\/p>\n<p>Les trois individus, de nationalit\u00e9\u00a0alg\u00e9rienne selon le Progr\u00e8s, ont \u00e9t\u00e9 plac\u00e9s en garde \u00e0 vue.<\/p>\n","protected":false},"excerpt":{"rendered":"La soir\u00e9e de ce mardi 2 d\u00e9cembre a \u00e9t\u00e9 mouvement\u00e9e \u00e0 Meyzieu comme \u00e0 Caluire. Ce mardi soir,&hellip;\n","protected":false},"author":2,"featured_media":575747,"comment_status":"","ping_status":"","sticky":false,"template":"","format":"standard","meta":{"footnotes":""},"categories":[1889],"tags":[1111,11,2813,2190,2430,1109,251,1112,2811,1777,674,118,1011,27,1922,1110,1114,2428,2810,12,241,316,25,2812,517,800],"class_list":{"0":"post-575746","1":"post","2":"type-post","3":"status-publish","4":"format-standard","5":"has-post-thumbnail","7":"category-lyon","8":"tag-actu","9":"tag-actualites","10":"tag-article","11":"tag-asvel","12":"tag-auvergne-rhone-alpes","13":"tag-breves","14":"tag-culture","15":"tag-depeches","16":"tag-economique","17":"tag-eu","18":"tag-europe","19":"tag-faits-divers","20":"tag-fr","21":"tag-france","22":"tag-info","23":"tag-informations","24":"tag-infos","25":"tag-lyon","26":"tag-lyonmag","27":"tag-news","28":"tag-ol","29":"tag-politique","30":"tag-republique-francaise","31":"tag-sociale","32":"tag-sport","33":"tag-transports"},"share_on_mastodon":{"url":"https:\/\/pubeurope.com\/@fr\/115656669578284429","error":""},"_links":{"self":[{"href":"https:\/\/www.europesays.com\/fr\/wp-json\/wp\/v2\/posts\/575746","targetHints":{"allow":["GET"]}}],"collection":[{"href":"https:\/\/www.europesays.com\/fr\/wp-json\/wp\/v2\/posts"}],"about":[{"href":"https:\/\/www.europesays.com\/fr\/wp-json\/wp\/v2\/types\/post"}],"author":[{"embeddable":true,"href":"https:\/\/www.europesays.com\/fr\/wp-json\/wp\/v2\/users\/2"}],"replies":[{"embeddable":true,"href":"https:\/\/www.europesays.com\/fr\/wp-json\/wp\/v2\/comments?post=575746"}],"version-history":[{"count":0,"href":"https:\/\/www.europesays.com\/fr\/wp-json\/wp\/v2\/posts\/575746\/revisions"}],"wp:featuredmedia":[{"embeddable":true,"href":"https:\/\/www.europesays.com\/fr\/wp-json\/wp\/v2\/media\/575747"}],"wp:attachment":[{"href":"https:\/\/www.europesays.com\/fr\/wp-json\/wp\/v2\/media?parent=575746"}],"wp:term":[{"taxonomy":"category","embeddable":true,"href":"https:\/\/www.europesays.com\/fr\/wp-json\/wp\/v2\/categories?post=575746"},{"taxonomy":"post_tag","embeddable":true,"href":"https:\/\/www.europesays.com\/fr\/wp-json\/wp\/v2\/tags?post=575746"}],"curies":[{"name":"wp","href":"https:\/\/api.w.org\/{rel}","templated":true}]}}