{"id":575750,"date":"2025-12-03T16:53:11","date_gmt":"2025-12-03T16:53:11","guid":{"rendered":"https:\/\/www.europesays.com\/fr\/575750\/"},"modified":"2025-12-03T16:53:11","modified_gmt":"2025-12-03T16:53:11","slug":"lessonne-rafle-plusieurs-medailles-le-palmares-devoile","status":"publish","type":"post","link":"https:\/\/www.europesays.com\/fr\/575750\/","title":{"rendered":"l\u2019Essonne rafle plusieurs m\u00e9dailles, le palmar\u00e8s d\u00e9voil\u00e9"},"content":{"rendered":"<p>                    Par<br \/>\n        <strong><br \/>\n            <a href=\"https:\/\/actu.fr\/auteur\/coline-bonvalot-actu-fr\" title=\"Consulter tous les articles de Coline Bonvalot\" target=\"_blank\" rel=\"noopener\">Coline Bonvalot<\/a><br \/>\n                    <\/strong><\/p>\n<p>        Publi\u00e9 le<\/p>\n<p>            3 d\u00e9c. 2025 \u00e0 17h06        <\/p>\n<p>Star du petit-d\u00e9jeuner et des recettes sucr\u00e9es sal\u00e9es, le miel s\u2019invite partout. Pour r\u00e9ussir \u00e0 d\u00e9nicher le meilleur, la Soci\u00e9t\u00e9 Centrale d\u2019Apiculture a r\u00e9compens\u00e9 le 15\u00a0novembre 2025 <strong>les meilleurs miels<\/strong> de la de la <a href=\"https:\/\/actu.fr\/ile-de-france\/\" target=\"_blank\" rel=\"noopener\">R\u00e9gion \u00cele-de-France<\/a> pour l\u2019ann\u00e9e 2025 lors d\u2019une c\u00e9r\u00e9monie organis\u00e9e \u00e0 l\u2019Espace Delacroix, \u00e0 <a href=\"https:\/\/actu.fr\/ile-de-france\/saint-maurice_94069\" target=\"_blank\" rel=\"noopener\">Saint-Maurice<\/a> (Val-de-Marne). Sur les 187 miels prim\u00e9s, 32 proviennent <a href=\"https:\/\/actu.fr\/essonne\/\" target=\"_blank\" rel=\"noopener\">du d\u00e9partement de l\u2019Essonne<\/a>.<\/p>\n<p>Un jury compos\u00e9 de 170\u00a0personnes<\/p>\n<p class=\" wall-content\">Pour cette 24e \u00e9dition du concours des Miels d\u2019\u00cele-de-France et du 8e concours des Miels de la M\u00e9tropole du Grand Paris, l\u2019\u00e9v\u00e9nement enregistre un nouveau record avec <strong>608 \u00e9chantillons pr\u00e9sent\u00e9s<\/strong>. Ces derniers ont \u00e9t\u00e9 d\u00e9partag\u00e9s et analys\u00e9s par un jury compos\u00e9 de 170\u00a0personnes.<\/p>\n<p class=\" wall-content\">Les jur\u00e9s ont not\u00e9 les \u00e9chantillons pr\u00e9sent\u00e9s selon diff\u00e9rents crit\u00e8res\u2009: l\u2019ar\u00f4me, la couleur, l\u2019intensit\u00e9, l\u2019\u00e9quilibre et la saveur. Pour rappel, le concours distingue plusieurs cat\u00e9gories de miel\u2009: miel de colza, miel d\u2019acacia, miel de tilleul, miel de ch\u00e2taignier, miel polyfloral de printemps liquide, miel polyfloral de printemps cristallis\u00e9, miel polyfloral d\u2019\u00e9t\u00e9 liquide, miel polyfloral d\u2019\u00e9t\u00e9 cristallis\u00e9, miel de miellat (dit \u00ab\u2009de for\u00eat\u2009\u00bb) et miel de sarrasin.<\/p>\n<p class=\" wall-content\">Cette ann\u00e9e, plusieurs apiculteurs essonniens ont d\u00e9croch\u00e9 <strong>une m\u00e9daille d\u2019or<\/strong>. Tout d\u2019abord, S\u00e9bastien Hure, apiculteur \u00e0 Boussy-Saint-Antoine, a obtenu ce fabuleux s\u00e9same dans la cat\u00e9gorie \u00ab\u2009miel d\u2019acacia\u2009\u00bb.<\/p>\n<p>26 miels du d\u00e9partement ont obtenu une m\u00e9daille d\u2019argent ou de bronze<\/p>\n<p class=\" wall-content\">Daniela Christian-Diard du Rucher \u00ab\u2009Mes Tr\u00e9sors d\u2019Abeilles\u2009\u00bb, \u00e0 Villemoisson-sur-Orge, a <strong>rafl\u00e9 deux m\u00e9dailles d\u2019or<\/strong> dans les cat\u00e9gories suivantes\u2009: \u00ab\u2009Miel toutes fleurs r\u00e9colt\u00e9 au printemps \u2013 liquide\u2009\u00bb et \u00ab\u2009Miel toutes fleurs r\u00e9colt\u00e9 en \u00e9t\u00e9 \u2013 liquide\u2009\u00bb<\/p>\n<p class=\" wall-content\">Jean-Louis Favrat du\u00a0rucher Miel des Blondeaux, \u00e0 Verri\u00e8res-le-Buisson, a \u00e9galement obtenu une m\u00e9daille d\u2019or dans la cat\u00e9gorie \u00ab\u2009Miel toutes fleurs r\u00e9colt\u00e9es en \u00e9t\u00e9 \u2013 liquide\u2009\u00bb. Fid\u00e8le Kamseu de Saint-Germain-l\u00e8s-Arpajon a, quant \u00e0 lui, rafl\u00e9 l\u2019or dans la cat\u00e9gorie \u00ab\u2009miel de Tilleul\u2009\u00bb.<\/p>\n<p>Votre r\u00e9gion, votre actu !<\/p>\n<p>Recevez chaque jour les infos qui comptent pour vous.<\/p>\n<p>\t<a href=\"https:\/\/actu.fr\/newsletter\" class=\"ac-btn ac-btn--corner ac-btn--medium ac-btn--blue800\" target=\"_blank\" rel=\"noopener\">S&rsquo;incrire<\/a><\/p>\n<p class=\" wall-content\">Enfin, Villy Nguyen du rucher Synflex, \u00e0 Corbeil-Essonnes, a \u00e9t\u00e9 re\u00e7u une m\u00e9daille d\u2019or dans la cat\u00e9gorie \u00ab\u2009Miel toutes fleurs r\u00e9colt\u00e9es en \u00e9t\u00e9 \u2013 cristallis\u00e9\u2009\u00bb. \u00c0 noter qu\u2019il est<strong> le seul apiculteur<\/strong> \u00e0 avoir re\u00e7u une m\u00e9daille d\u2019or dans cette cat\u00e9gorie.<\/p>\n<p>    <a href=\"https:\/\/datawrapper.dwcdn.net\/Davqe\/2\/\" title=\"Ouvrie le lien\" target=\"_blank\" rel=\"noopener\">Cliquez ici pour visualiser le contenu<\/a><\/p>\n<p>Pour plus d\u2019informations, c\u2019est <a href=\"https:\/\/www.la-sca.net\/evenements-sca\/concours-des-miels-d-ile-de-france\/article\/palmares-concours-des-miels-idf-et-mgp-2025\" target=\"_blank\" rel=\"noopener\">ici<\/a>.<\/p>\n<p class=\" wall-content\">Personnalisez votre actualit\u00e9 en ajoutant vos villes et m\u00e9dias en favori avec <a href=\"https:\/\/moncompte.actu.fr\" title=\"D\u00e9couvez Mon Actu\" rel=\"nofollow noopener\" data-trk=\"{&quot;cta&quot;:{&quot;action&quot;:&quot;https:\\\/\\\/moncompte.actu.fr&quot;,&quot;category&quot;:&quot;mon compte&quot;,&quot;from&quot;:&quot;article footer&quot;,&quot;name&quot;:&quot;Mon actu&quot;,&quot;type&quot;:&quot;cta&quot;}}\" target=\"_blank\">Mon Actu<\/a>.<\/p>\n","protected":false},"excerpt":{"rendered":"Par Coline Bonvalot Publi\u00e9 le 3 d\u00e9c. 2025 \u00e0 17h06 Star du petit-d\u00e9jeuner et des recettes sucr\u00e9es sal\u00e9es,&hellip;\n","protected":false},"author":2,"featured_media":575751,"comment_status":"","ping_status":"","sticky":false,"template":"","format":"standard","meta":{"footnotes":""},"categories":[1592],"tags":[1111,11,1477,1777,674,1011,27,662,12,626,25,104],"class_list":{"0":"post-575750","1":"post","2":"type-post","3":"status-publish","4":"format-standard","5":"has-post-thumbnail","7":"category-ile-de-france","8":"tag-actu","9":"tag-actualites","10":"tag-artisanat","11":"tag-eu","12":"tag-europe","13":"tag-fr","14":"tag-france","15":"tag-ile-de-france","16":"tag-news","17":"tag-paris","18":"tag-republique-francaise","19":"tag-societe"},"share_on_mastodon":{"url":"https:\/\/pubeurope.com\/@fr\/115656681429907537","error":""},"_links":{"self":[{"href":"https:\/\/www.europesays.com\/fr\/wp-json\/wp\/v2\/posts\/575750","targetHints":{"allow":["GET"]}}],"collection":[{"href":"https:\/\/www.europesays.com\/fr\/wp-json\/wp\/v2\/posts"}],"about":[{"href":"https:\/\/www.europesays.com\/fr\/wp-json\/wp\/v2\/types\/post"}],"author":[{"embeddable":true,"href":"https:\/\/www.europesays.com\/fr\/wp-json\/wp\/v2\/users\/2"}],"replies":[{"embeddable":true,"href":"https:\/\/www.europesays.com\/fr\/wp-json\/wp\/v2\/comments?post=575750"}],"version-history":[{"count":0,"href":"https:\/\/www.europesays.com\/fr\/wp-json\/wp\/v2\/posts\/575750\/revisions"}],"wp:featuredmedia":[{"embeddable":true,"href":"https:\/\/www.europesays.com\/fr\/wp-json\/wp\/v2\/media\/575751"}],"wp:attachment":[{"href":"https:\/\/www.europesays.com\/fr\/wp-json\/wp\/v2\/media?parent=575750"}],"wp:term":[{"taxonomy":"category","embeddable":true,"href":"https:\/\/www.europesays.com\/fr\/wp-json\/wp\/v2\/categories?post=575750"},{"taxonomy":"post_tag","embeddable":true,"href":"https:\/\/www.europesays.com\/fr\/wp-json\/wp\/v2\/tags?post=575750"}],"curies":[{"name":"wp","href":"https:\/\/api.w.org\/{rel}","templated":true}]}}