{"id":575760,"date":"2025-12-03T16:58:19","date_gmt":"2025-12-03T16:58:19","guid":{"rendered":"https:\/\/www.europesays.com\/fr\/575760\/"},"modified":"2025-12-03T16:58:19","modified_gmt":"2025-12-03T16:58:19","slug":"verif-lotan-a-t-elle-vraiment-menace-la-russie-dune-frappe-preventive","status":"publish","type":"post","link":"https:\/\/www.europesays.com\/fr\/575760\/","title":{"rendered":"V\u00c9RIF&rsquo; &#8211; L&rsquo;Otan a-t-elle vraiment menac\u00e9 la Russie d&rsquo;une frappe \u00ab\u00a0pr\u00e9ventive\u00a0\u00bb ?"},"content":{"rendered":"<ul class=\"jsx-862013697 ArticleChapo__List\">\n<li class=\"jsx-862013697 ArticleChapo__List_Item flex\">Selon des publications sur les r\u00e9seaux sociaux, l&rsquo;Otan envisagerait de mener une frappe \u00ab\u00a0pr\u00e9ventive\u00a0\u00bb contre la Russie.<\/li>\n<li class=\"jsx-862013697 ArticleChapo__List_Item flex\">Cette annonce est interpr\u00e9t\u00e9e comme une d\u00e9claration de guerre.<\/li>\n<li class=\"jsx-862013697 ArticleChapo__List_Item flex\">En r\u00e9alit\u00e9, il s&rsquo;agit d&rsquo;une mauvaise traduction du terme \u00ab\u00a0pr\u00e9emptif\u00a0\u00bb, qui signifie autre chose.<\/li>\n<\/ul>\n<p><a href=\"https:\/\/www.tf1info.fr\/actualite\/les-verificateurs-12325\/\" rel=\"noopener\" class=\"jsx-484472199 Link jsx-1428418400 jsx-1910851033\" target=\"_blank\"><\/p>\n<p style=\"font-weight:400\" class=\"jsx-1837267516\">Suivez la couverture compl\u00e8te<\/p>\n<p style=\"font-weight:800\" class=\"jsx-1837267516\">L&rsquo;info pass\u00e9e au crible des V\u00e9rificateurs<\/p>\n<p><\/a><\/p>\n<p data-module=\"article-paragraph\" class=\"jsx-3046738180 Paragraph\">Qui veut la paix pr\u00e9pare la guerre ? Alors qu&rsquo;<a href=\"https:\/\/www.tf1info.fr\/international\/direct-guerre-ukraine-russie-apres-sa-rencontre-avec-vladimir-poutine-steve-witkoff-pourrait-s-entretenir-avec-une-delegation-de-kiev-aujourd-hui-les-dernieres-informations-de-ce-mercredi-3-decembre-2025-2410442.html\" target=\"_blank\" rel=\"noopener\">aucun \u00ab\u00a0compromis\u00a0\u00bb<\/a> sur les territoires occup\u00e9s par la Russie en Ukraine n&rsquo;a \u00e9t\u00e9 trouv\u00e9 \u00e0 l&rsquo;issue d&rsquo;une rencontre entre Vladimir Poutine et l&rsquo;\u00e9missaire am\u00e9ricain Steve Witkoff, la tension reste palpable entre l&rsquo;Otan et Moscou. Dans ce contexte, des publications sur les r\u00e9seaux sociaux affirment que l&rsquo;alliance militaire, dont la France est membre, envisagerait de mener une frappe \u00ab\u00a0pr\u00e9ventive\u00a0\u00bb contre la Russie.\u00a0<\/p>\n<p data-module=\"article-paragraph\" class=\"jsx-3046738180 Paragraph Paragraph__End\">Citant un article du <a href=\"https:\/\/archive.is\/20251203052458\/https:\/\/www.ft.com\/content\/dbd93caa-3c62-48bb-9eba-08c25f31ab02\" target=\"_blank\" rel=\"nofollow noopener\">Financial Times (nouvelle fen\u00eatre)<\/a>, Florian Philippot, s&rsquo;alarme dans une publication <a href=\"https:\/\/archive.is\/jHbnp\" target=\"_blank\" rel=\"nofollow noopener\">sur X (nouvelle fen\u00eatre)<\/a>. \u00ab\u00a0Nous envisageons d&rsquo;\u00eatre plus offensifs et proactifs plut\u00f4t que r\u00e9actifs\u00a0\u00bb ! \u00ab\u00a0Selon lui, une frappe pr\u00e9ventive pourrait \u00eatre qualifi\u00e9e d&rsquo;op\u00e9ration d\u00e9fensive\u00a0\u00bb ! TOTALEMENT FOU !\u00a0\u00bb, \u00e9crit l&rsquo;ancien d\u00e9put\u00e9 europ\u00e9en, citant d&rsquo;apr\u00e8s cet article Giuseppe Cavo Dragone, pr\u00e9sident du Comit\u00e9 militaire de l\u2019Alliance. L&rsquo;ex-d\u00e9put\u00e9 europ\u00e9en ajoute \u00ab\u00a0qu&rsquo;il suffira d\u2019un pr\u00e9texte bidon, ou totalement invent\u00e9, pour d\u00e9clencher la guerre !\u00a0\u00bb avant d&rsquo;appeler \u00e0 quitter l&rsquo;OTAN. Les V\u00e9rificateurs se sont pench\u00e9s sur ces affirmations.\u00a0<\/p>\n<p><img decoding=\"async\" src=\"https:\/\/www.europesays.com\/fr\/wp-content\/uploads\/2025\/12\/capture-faux-tweet-philippot-otan-192f92-0@1x.jpeg\" alt=\"Capture d'\u00e9cran X \/ Les V\u00e9rificateurs\" loading=\"lazy\" importance=\"low\" fetchpriority=\"low\" class=\"\" data-module=\"article-image\"\/>Capture d&rsquo;\u00e9cran X \/ Les V\u00e9rificateurs<\/p>\n<p data-module=\"article-paragraph\" class=\"jsx-3046738180 Paragraph\">L&rsquo;article du Financial Times cit\u00e9 comme source est bien une interview de l&rsquo;amiral Giuseppe Cavo Dragone, officier de marine italien, et pr\u00e9sident du <a href=\"https:\/\/archive.is\/j2L14\" target=\"_blank\" rel=\"nofollow noopener\">Comit\u00e9 militaire de l&rsquo;Otan (nouvelle fen\u00eatre)<\/a> depuis le 17 janvier 2025. Mais les citations \u00e9voqu\u00e9es sur X ont \u00e9t\u00e9 sorties de leur contexte. En effet, la phrase \u00ab\u00a0nous envisageons d&rsquo;\u00eatre plus offensifs et proactifs plut\u00f4t que r\u00e9actifs\u00a0\u00bb concerne le domaine de la cybers\u00e9curit\u00e9. \u00ab\u00a0Nous \u00e9tudions tout&#8230; En mati\u00e8re de cybers\u00e9curit\u00e9, nous sommes plut\u00f4t r\u00e9actifs. Nous r\u00e9fl\u00e9chissons \u00e0 la possibilit\u00e9 d&rsquo;adopter une approche plus agressive ou proactive plut\u00f4t que r\u00e9active\u00a0\u00bb, d\u00e9clare l&rsquo;amiral au quotidien britannique.\u00a0<\/p>\n<p data-module=\"article-paragraph\" class=\"jsx-3046738180 Paragraph Paragraph__End\">Quant aux propos sur d&rsquo;\u00e9ventuelles frappes, Giuseppe Cavo Dragone \u00e9voque une \u00ab\u00a0frappe pr\u00e9emptive\u00a0\u00bb, qui pourrait \u00eatre consid\u00e9r\u00e9e comme une \u00ab\u00a0action d\u00e9fensive\u00a0\u00bb, ajoutant que \u00ab\u00a0cela s&rsquo;\u00e9loigne davantage de notre fa\u00e7on habituelle de penser et d&rsquo;agir\u00a0\u00bb. Le terme de \u00ab\u00a0frappe pr\u00e9ventive\u00a0\u00bb n&rsquo;appara\u00eet nulle part, et semble \u00eatre une mauvaise traduction de \u00ab\u00a0frappe pr\u00e9emptive\u00a0\u00bb. Une nuance qui a son importance.\u00a0<\/p>\n<p>Pr\u00e9ventif versus pr\u00e9emptif <\/p>\n<p data-module=\"article-paragraph\" class=\"jsx-3046738180 Paragraph\">Car les Russes se sont empress\u00e9s de r\u00e9agir \u00e0 ces propos mal interpr\u00e9t\u00e9s. La porte-parole du minist\u00e8re des Affaires \u00e9trang\u00e8res, Maria Zakharova, <a href=\"https:\/\/archive.is\/2dpZ8 \" target=\"_blank\" rel=\"nofollow noopener\">a d\u00e9clar\u00e9 (nouvelle fen\u00eatre)<\/a> que Moscou les consid\u00e9rait comme \u00ab\u00a0extr\u00eamement irresponsables, indiquant que l&rsquo;alliance \u00e9tait pr\u00eate \u00e0 continuer \u00e0 s&rsquo;engager dans une escalade\u00a0\u00bb. Pourtant, selon Dominique Trinquand, expert en relations internationales et ancien chef de la mission militaire fran\u00e7aise aupr\u00e8s de l&rsquo;ONU, \u00ab\u00a0l&rsquo;Otan et les Europ\u00e9ens n&rsquo;ont jamais eu l&rsquo;intention d&rsquo;attaquer la Russie, avant que la Russie n&rsquo;attaque\u00a0\u00bb.\u00a0<\/p>\n<p data-module=\"article-paragraph\" class=\"jsx-3046738180 Paragraph\">Le g\u00e9n\u00e9ral qualifie aupr\u00e8s de TF1info de \u00ab\u00a0maladroit\u00a0\u00bb l&rsquo;usage de l&rsquo;expression \u00ab\u00a0frappe pr\u00e9emptive\u00a0\u00bb, qui \u00ab\u00a0n&rsquo;est pas facile \u00e0 traduire\u00a0\u00bb, tout en notant une diff\u00e9rence essentielle entre les deux termes. Le concept de guerre \u00ab\u00a0pr\u00e9ventive\u00a0\u00bb veut dire \u00ab\u00a0qu&rsquo;on agit par anticipation\u00a0\u00bb, pour pr\u00e9venir une menace hypoth\u00e9tique future, qui ne s\u2019est pas encore mat\u00e9rialis\u00e9e, sans qu&rsquo;un objectif ne soit forc\u00e9ment clairement d\u00e9termin\u00e9. Mais ce n&rsquo;est pas ce que le pr\u00e9sident du Comit\u00e9 militaire de l&rsquo;Otan a dit. Le terme r\u00e9ellement utilis\u00e9 par l&rsquo;amiral Giuseppe Cavo Dragone, \u00ab\u00a0pr\u00e9emptif\u00a0\u00bb, d\u00e9signe lui une r\u00e9ponse \u00e0 une menace pour laquelle on dispose de preuves mat\u00e9rielles. \u00ab\u00a0C&rsquo;est dans le cas o\u00f9 il va y avoir une attaque et qu&rsquo;on prend des mesures pour qu&rsquo;il n&rsquo;y en ait pas\u00a0\u00bb, pr\u00e9cise Dominique Trinquand. L&rsquo;objectif est alors de neutraliser le risque d\u2019une agression arm\u00e9e imminente.\u00a0<\/p>\n<p data-module=\"article-paragraph\" class=\"jsx-3046738180 Paragraph Paragraph__End\">En r\u00e9sum\u00e9, l&rsquo;Otan n&rsquo;a donc pas menac\u00e9 d&rsquo;attaquer la Russie en premier.\u00a0<\/p>\n<p><a href=\"https:\/\/www.tf1info.fr\/international\/verif-cette-carte-montrant-une-russie-cernee-par-d-innombrables-bases-de-l-otan-est-elle-authentique-2408875.html\" rel=\"noopener\" class=\"jsx-3308031228 Link flex\" target=\"_blank\"><img decoding=\"async\" src=\"https:\/\/www.europesays.com\/fr\/wp-content\/uploads\/2025\/12\/bases-otant-cover-verif-4859c8-0@1x.jpeg\" alt=\"Cap \u00e9cran X\" loading=\"lazy\" importance=\"low\" fetchpriority=\"low\" class=\"\" aria-hidden=\"true\"\/><\/p>\n<p class=\"jsx-3657663356 ReadMoreArticle__Title\">Lire aussi<\/p>\n<p class=\"jsx-3657663356\">V\u00c9RIF&rsquo; &#8211; Cette carte montrant une Russie cern\u00e9e par d&rsquo;innombrables bases de l&rsquo;Otan est-elle authentique ?<\/p>\n<p><\/a><\/p>\n<p data-module=\"article-paragraph\" class=\"jsx-3046738180 Paragraph Paragraph__End\"><strong>Vous souhaitez nous poser des questions ou nous soumettre une information qui ne vous para\u00eet pas fiable ? N&rsquo;h\u00e9sitez pas \u00e0 nous \u00e9crire \u00e0 l&rsquo;adresse lesverificateurs@tf1.fr. Retrouvez-nous \u00e9galement sur X : notre \u00e9quipe y est pr\u00e9sente derri\u00e8re le compte @verif_TF1LCI.<\/strong><\/p>\n<p>Astrig AGOPIAN<\/p>\n","protected":false},"excerpt":{"rendered":"Selon des publications sur les r\u00e9seaux sociaux, l&rsquo;Otan envisagerait de mener une frappe \u00ab\u00a0pr\u00e9ventive\u00a0\u00bb contre la Russie. Cette&hellip;\n","protected":false},"author":2,"featured_media":575761,"comment_status":"","ping_status":"","sticky":false,"template":"","format":"standard","meta":{"footnotes":""},"categories":[1591],"tags":[1111,11,1921,5925,1887,1922,7541,12,136,1885,1886,132,220,133,1920,135],"class_list":{"0":"post-575760","1":"post","2":"type-post","3":"status-publish","4":"format-standard","5":"has-post-thumbnail","7":"category-russie","8":"tag-actu","9":"tag-actualites","10":"tag-article-video","11":"tag-conflits-et-guerre","12":"tag-federation-de-russie","13":"tag-info","14":"tag-linfo-passee-au-crible-des-verificateurs","15":"tag-news","16":"tag-otan","17":"tag-russia","18":"tag-russian-federation","19":"tag-russie","20":"tag-ukraine","21":"tag-video","22":"tag-video-international","23":"tag-vladimir-poutine"},"share_on_mastodon":{"url":"https:\/\/pubeurope.com\/@fr\/115656703866509039","error":""},"_links":{"self":[{"href":"https:\/\/www.europesays.com\/fr\/wp-json\/wp\/v2\/posts\/575760","targetHints":{"allow":["GET"]}}],"collection":[{"href":"https:\/\/www.europesays.com\/fr\/wp-json\/wp\/v2\/posts"}],"about":[{"href":"https:\/\/www.europesays.com\/fr\/wp-json\/wp\/v2\/types\/post"}],"author":[{"embeddable":true,"href":"https:\/\/www.europesays.com\/fr\/wp-json\/wp\/v2\/users\/2"}],"replies":[{"embeddable":true,"href":"https:\/\/www.europesays.com\/fr\/wp-json\/wp\/v2\/comments?post=575760"}],"version-history":[{"count":0,"href":"https:\/\/www.europesays.com\/fr\/wp-json\/wp\/v2\/posts\/575760\/revisions"}],"wp:featuredmedia":[{"embeddable":true,"href":"https:\/\/www.europesays.com\/fr\/wp-json\/wp\/v2\/media\/575761"}],"wp:attachment":[{"href":"https:\/\/www.europesays.com\/fr\/wp-json\/wp\/v2\/media?parent=575760"}],"wp:term":[{"taxonomy":"category","embeddable":true,"href":"https:\/\/www.europesays.com\/fr\/wp-json\/wp\/v2\/categories?post=575760"},{"taxonomy":"post_tag","embeddable":true,"href":"https:\/\/www.europesays.com\/fr\/wp-json\/wp\/v2\/tags?post=575760"}],"curies":[{"name":"wp","href":"https:\/\/api.w.org\/{rel}","templated":true}]}}