{"id":575764,"date":"2025-12-03T17:00:22","date_gmt":"2025-12-03T17:00:22","guid":{"rendered":"https:\/\/www.europesays.com\/fr\/575764\/"},"modified":"2025-12-03T17:00:22","modified_gmt":"2025-12-03T17:00:22","slug":"usa-un-raton-laveur-cambrioleur-retrouve-fin-saoul-dans-un-magasin-dalcool","status":"publish","type":"post","link":"https:\/\/www.europesays.com\/fr\/575764\/","title":{"rendered":"USA: un raton laveur cambrioleur retrouv\u00e9 fin saoul dans un magasin d&rsquo;alcool"},"content":{"rendered":"<p class=\"ap-StoryElement ap-StoryElement--mb ap-StoryText\">Sur les photos publi\u00e9es par le refuge, on voit des bouteilles cass\u00e9es r\u00e9pandues au sol et le petit mammif\u00e8re \u00e9tal\u00e9 \u00e0 plat ventre dans les toilettes.<\/p>\n<p class=\"ap-StoryElement ap-StoryElement--mb ap-StoryText\">\u00ab\u00a0Apr\u00e8s quelques heures de sommeil et sans aucun signe de blessure (\u00e0 part peut-\u00eatre une gueule de bois), il a \u00e9t\u00e9 rel\u00e2ch\u00e9 en toute s\u00e9curit\u00e9 dans la nature\u00a0\u00bb, dit le refuge dans une publication sur Facebook. \u00ab\u00a0Esp\u00e9rons qu&rsquo;il a appris que le cambriolage n&rsquo;est pas la solution\u00a0\u00bb.<\/p>\n<p class=\"ap-StoryElement ap-StoryElement--mb ap-StoryText\">Le raton laveur est une esp\u00e8ce end\u00e9mique de l&rsquo;Am\u00e9rique du Nord connue pour son agilit\u00e9. Il est nocturne et se nourrit parfois en cambriolant les poubelles.<\/p>\n<p class=\"ap-StoryElement ap-StoryElement--mb ap-StoryText\">Selon les m\u00e9dias am\u00e9ricains, l&rsquo;animal est rentr\u00e9 dans le magasin en d\u00e9fon\u00e7ant une dalle du faux plafond.<\/p>\n","protected":false},"excerpt":{"rendered":"Sur les photos publi\u00e9es par le refuge, on voit des bouteilles cass\u00e9es r\u00e9pandues au sol et le petit&hellip;\n","protected":false},"author":2,"featured_media":2837,"comment_status":"","ping_status":"","sticky":false,"template":"","format":"standard","meta":{"footnotes":""},"categories":[1589],"tags":[11,1867,73,1866,1757,12,1864,1865,1863,308],"class_list":{"0":"post-575764","1":"post","2":"type-post","3":"status-publish","4":"format-standard","5":"has-post-thumbnail","7":"category-etats-unis","8":"tag-actualites","9":"tag-animaux","10":"tag-etats-unis","11":"tag-etats-unis-damerique","12":"tag-insolite","13":"tag-news","14":"tag-united-states","15":"tag-united-states-of-america","16":"tag-us","17":"tag-usa"},"share_on_mastodon":{"url":"https:\/\/pubeurope.com\/@fr\/115656708944490705","error":""},"_links":{"self":[{"href":"https:\/\/www.europesays.com\/fr\/wp-json\/wp\/v2\/posts\/575764","targetHints":{"allow":["GET"]}}],"collection":[{"href":"https:\/\/www.europesays.com\/fr\/wp-json\/wp\/v2\/posts"}],"about":[{"href":"https:\/\/www.europesays.com\/fr\/wp-json\/wp\/v2\/types\/post"}],"author":[{"embeddable":true,"href":"https:\/\/www.europesays.com\/fr\/wp-json\/wp\/v2\/users\/2"}],"replies":[{"embeddable":true,"href":"https:\/\/www.europesays.com\/fr\/wp-json\/wp\/v2\/comments?post=575764"}],"version-history":[{"count":0,"href":"https:\/\/www.europesays.com\/fr\/wp-json\/wp\/v2\/posts\/575764\/revisions"}],"wp:featuredmedia":[{"embeddable":true,"href":"https:\/\/www.europesays.com\/fr\/wp-json\/wp\/v2\/media\/2837"}],"wp:attachment":[{"href":"https:\/\/www.europesays.com\/fr\/wp-json\/wp\/v2\/media?parent=575764"}],"wp:term":[{"taxonomy":"category","embeddable":true,"href":"https:\/\/www.europesays.com\/fr\/wp-json\/wp\/v2\/categories?post=575764"},{"taxonomy":"post_tag","embeddable":true,"href":"https:\/\/www.europesays.com\/fr\/wp-json\/wp\/v2\/tags?post=575764"}],"curies":[{"name":"wp","href":"https:\/\/api.w.org\/{rel}","templated":true}]}}