{"id":575767,"date":"2025-12-03T17:02:15","date_gmt":"2025-12-03T17:02:15","guid":{"rendered":"https:\/\/www.europesays.com\/fr\/575767\/"},"modified":"2025-12-03T17:02:15","modified_gmt":"2025-12-03T17:02:15","slug":"projet-davion-de-combat-du-futur-entre-la-france-lallemagne-et-lespagne-les-ministres-de-la-defense-tentent-de-depasser-les-tensions-des-industriels","status":"publish","type":"post","link":"https:\/\/www.europesays.com\/fr\/575767\/","title":{"rendered":"Projet d\u2019avion de combat du futur entre la France, l\u2019Allemagne et l\u2019Espagne\u00a0: les ministres de la D\u00e9fense tentent de d\u00e9passer les tensions des industriels"},"content":{"rendered":"<p>\n                                                                De nombreuses tensions sont apparues entre les diff\u00e9rents participants rendant la concr\u00e9tisation de ce projet difficile.\n                            <\/p>\n<p>Les ministres de la D\u00e9fense fran\u00e7aise, allemande et espagnole vont se r\u00e9unir le 11\u00a0d\u00e9cembre pour discuter du projet europ\u00e9en d\u2019avion de combat du futur (SCAF), a d\u00e9clar\u00e9 mercredi \u00e0 Reuters une source inform\u00e9e de la tenue de cette r\u00e9union.<\/p>\n<p>Bloomberg a auparavant fait \u00e9tat de cette rencontre \u00e0 venir. Destin\u00e9 \u00e0 remplacer \u00e0 partir de 2040 les Rafale fran\u00e7ais et les Eurofighter allemands et espagnols par un chasseur de sixi\u00e8me g\u00e9n\u00e9ration, ce projet estim\u00e9 \u00e0 100\u00a0milliards d\u2019euros implique notamment Dassault Aviation, Airbus et Indra. Le programme est toutefois frein\u00e9 par des retards et des d\u00e9saccords persistants entre les industriels et les gouvernements, notamment sur la r\u00e9partition des t\u00e2ches et les droits de propri\u00e9t\u00e9 intellectuelle.<\/p>\n<p>Symbole de ces tensions, le PDG de Dassault Aviation, Eric Trappier, a d\u00e9clar\u00e9 en septembre dernier que le constructeur a\u00e9ronautique fran\u00e7ais avait la capacit\u00e9 de fabriquer sans partenaire la prochaine g\u00e9n\u00e9ration d\u2019avions de combat, mettant au d\u00e9fi l\u2019Allemagne de faire de m\u00eame. Berlin pourrait d\u00e9cider de d\u00e9velopper un nouvel avion de chasse sans la France, a dit par la suite \u00e0 Reuters une source inform\u00e9e, citant des exigences jug\u00e9es injustifi\u00e9es de la part de Dassault Aviation.<\/p>\n","protected":false},"excerpt":{"rendered":"De nombreuses tensions sont apparues entre les diff\u00e9rents participants rendant la concr\u00e9tisation de ce projet difficile. Les ministres&hellip;\n","protected":false},"author":2,"featured_media":575768,"comment_status":"","ping_status":"","sticky":false,"template":"","format":"standard","meta":{"footnotes":""},"categories":[1587],"tags":[1111,11,672,1804,1805,1803,69001,1777,674,1801,12,1802],"class_list":{"0":"post-575767","1":"post","2":"type-post","3":"status-publish","4":"format-standard","5":"has-post-thumbnail","7":"category-allemagne","8":"tag-actu","9":"tag-actualites","10":"tag-allemagne","11":"tag-bundesrepublik-deutschland","12":"tag-de","13":"tag-deutschland","14":"tag-du00e9fense-armu00e9e","15":"tag-eu","16":"tag-europe","17":"tag-germany","18":"tag-news","19":"tag-republique-federale-dallemagne"},"share_on_mastodon":{"url":"https:\/\/pubeurope.com\/@fr\/115656716819056923","error":""},"_links":{"self":[{"href":"https:\/\/www.europesays.com\/fr\/wp-json\/wp\/v2\/posts\/575767","targetHints":{"allow":["GET"]}}],"collection":[{"href":"https:\/\/www.europesays.com\/fr\/wp-json\/wp\/v2\/posts"}],"about":[{"href":"https:\/\/www.europesays.com\/fr\/wp-json\/wp\/v2\/types\/post"}],"author":[{"embeddable":true,"href":"https:\/\/www.europesays.com\/fr\/wp-json\/wp\/v2\/users\/2"}],"replies":[{"embeddable":true,"href":"https:\/\/www.europesays.com\/fr\/wp-json\/wp\/v2\/comments?post=575767"}],"version-history":[{"count":0,"href":"https:\/\/www.europesays.com\/fr\/wp-json\/wp\/v2\/posts\/575767\/revisions"}],"wp:featuredmedia":[{"embeddable":true,"href":"https:\/\/www.europesays.com\/fr\/wp-json\/wp\/v2\/media\/575768"}],"wp:attachment":[{"href":"https:\/\/www.europesays.com\/fr\/wp-json\/wp\/v2\/media?parent=575767"}],"wp:term":[{"taxonomy":"category","embeddable":true,"href":"https:\/\/www.europesays.com\/fr\/wp-json\/wp\/v2\/categories?post=575767"},{"taxonomy":"post_tag","embeddable":true,"href":"https:\/\/www.europesays.com\/fr\/wp-json\/wp\/v2\/tags?post=575767"}],"curies":[{"name":"wp","href":"https:\/\/api.w.org\/{rel}","templated":true}]}}